{"id":22490,"date":"2025-03-25T21:00:00","date_gmt":"2025-03-26T00:00:00","guid":{"rendered":"https:\/\/sgvaimudar.com.br\/?p=22490"},"modified":"2025-03-25T11:40:59","modified_gmt":"2025-03-25T14:40:59","slug":"ator-frances-depardieu-julgado-por-agressoes-sexuais-nega-apalpar-mulheres","status":"publish","type":"post","link":"https:\/\/sgvaimudar.com.br\/index.php\/2025\/03\/25\/ator-frances-depardieu-julgado-por-agressoes-sexuais-nega-apalpar-mulheres\/","title":{"rendered":"Ator franc\u00eas Depardieu, julgado por agress\u00f5es sexuais, nega &#8216;apalpar&#8217; mulheres"},"content":{"rendered":"\n<p><em>Ele \u00e9 a figura de maior renome a enfrentar acusa\u00e7\u00f5es desse tipo, na resposta do cinema ao movimento &#8216;#MeToo&#8217;<\/em><\/p>\n\n\n\n<p>O astro do cinema franc\u00eas G\u00e9rard Depardieu declarou nesta ter\u00e7a-feira (25) que n\u00e3o perderia tempo apalpando uma mulher, seu traseiro, seus seios. Pois n\u00e3o \u00e9 um pervertido de metr\u00f4. Ele falou isso durante julgamento em Paris\u00a0por duas supostas agress\u00f5es sexuais.<\/p>\n\n\n\n<p>O ator, de 76 anos, julgado por agredir sexualmente duas mulheres durante uma grava\u00e7\u00e3o em 2021, rebateu as acusa\u00e7\u00f5es em sua primeira declara\u00e7\u00e3o ao tribunal, assegurando que ele &#8220;n\u00e3o era assim&#8221; e que &#8220;h\u00e1 v\u00edcios&#8221; que ele n\u00e3o conhece.<\/p>\n\n\n\n<p>Depardieu, que j\u00e1 atuou em mais de 200 filmes e s\u00e9ries de televis\u00e3o, \u00e9 a figura de maior renome a enfrentar acusa\u00e7\u00f5es de viol\u00eancia sexual, na resposta do cinema franc\u00eas ao movimento #MeToo.<\/p>\n\n\n\n<p>Os fatos julgados ocorreram durante a grava\u00e7\u00e3o, em 2021, do filme &#8220;Les Volets Verts&#8221; do diretor Jean Becker. Uma cen\u00f3grafa de 54 anos e uma assistente de dire\u00e7\u00e3o, de 34, o acusam de agress\u00e3o, ass\u00e9dio e ofensas sexistas.<\/p>\n\n\n\n<p>A primeira mulher, chamada Am\u00e9lie, denuncia que, durante a grava\u00e7\u00e3o em setembro de 2021, em um casar\u00e3o em Paris, o ator gritou que queria um &#8220;ventilador&#8221; porque n\u00e3o podia nem &#8220;ter uma ere\u00e7\u00e3o&#8221; devido ao calor.<\/p>\n\n\n\n<p>Em seguida, ele afirmou que podia &#8220;fazer com que as mulheres chegassem ao orgasmo sem toc\u00e1-las&#8221; e, uma hora depois, a agarrou &#8220;com brutalidade&#8221; e apalpou sua cintura, ventre e seios, ao mesmo tempo que proferia &#8220;coment\u00e1rios obscenos&#8221;, segundo seu relato.<\/p>\n\n\n\n<p>Sarah (pseud\u00f4nimo) era a assistente de dire\u00e7\u00e3o nesse filme e tamb\u00e9m o denunciou por toc\u00e1-la em duas ocasi\u00f5es &#8220;no peito e nas n\u00e1degas&#8221; em agosto de 2021, indicou ao meio investigativo Mediapart.<\/p>\n\n\n\n<p>O julgamento estava previsto para outubro do ano passado, mas o acusado n\u00e3o compareceu \u00e0 audi\u00eancia alegando as sequelas de uma opera\u00e7\u00e3o card\u00edaca e uma diabetes agravada pelo estresse do processo que se aproximava.<\/p>\n\n\n\n<p><em>Fonte: O Dia<\/em><\/p>\n\n\n\n<figure class=\"wp-block-image size-full\"><img decoding=\"async\" width=\"317\" height=\"111\" src=\"https:\/\/sgvaimudar.com.br\/wp-content\/uploads\/2023\/08\/Logo-Provisoria-2-2.png\" alt=\"\" class=\"wp-image-2781\" srcset=\"https:\/\/sgvaimudar.com.br\/wp-content\/uploads\/2023\/08\/Logo-Provisoria-2-2.png 317w, https:\/\/sgvaimudar.com.br\/wp-content\/uploads\/2023\/08\/Logo-Provisoria-2-2-300x105.png 300w\" sizes=\"(max-width: 317px) 100vw, 317px\" \/><\/figure>\n","protected":false},"excerpt":{"rendered":"<p>Ele \u00e9 a figura de maior renome a enfrentar acusa\u00e7\u00f5es desse tipo, na resposta do cinema ao movimento &#8216;#MeToo&#8217; O&hellip;<\/p>\n","protected":false},"author":5,"featured_media":22491,"comment_status":"open","ping_status":"open","sticky":false,"template":"","format":"standard","meta":{"fifu_image_url":"","fifu_image_alt":"","footnotes":""},"categories":[1],"tags":[],"class_list":["post-22490","post","type-post","status-publish","format-standard","has-post-thumbnail","hentry","category-mundo"],"_links":{"self":[{"href":"https:\/\/sgvaimudar.com.br\/index.php\/wp-json\/wp\/v2\/posts\/22490","targetHints":{"allow":["GET"]}}],"collection":[{"href":"https:\/\/sgvaimudar.com.br\/index.php\/wp-json\/wp\/v2\/posts"}],"about":[{"href":"https:\/\/sgvaimudar.com.br\/index.php\/wp-json\/wp\/v2\/types\/post"}],"author":[{"embeddable":true,"href":"https:\/\/sgvaimudar.com.br\/index.php\/wp-json\/wp\/v2\/users\/5"}],"replies":[{"embeddable":true,"href":"https:\/\/sgvaimudar.com.br\/index.php\/wp-json\/wp\/v2\/comments?post=22490"}],"version-history":[{"count":2,"href":"https:\/\/sgvaimudar.com.br\/index.php\/wp-json\/wp\/v2\/posts\/22490\/revisions"}],"predecessor-version":[{"id":22494,"href":"https:\/\/sgvaimudar.com.br\/index.php\/wp-json\/wp\/v2\/posts\/22490\/revisions\/22494"}],"wp:featuredmedia":[{"embeddable":true,"href":"https:\/\/sgvaimudar.com.br\/index.php\/wp-json\/wp\/v2\/media\/22491"}],"wp:attachment":[{"href":"https:\/\/sgvaimudar.com.br\/index.php\/wp-json\/wp\/v2\/media?parent=22490"}],"wp:term":[{"taxonomy":"category","embeddable":true,"href":"https:\/\/sgvaimudar.com.br\/index.php\/wp-json\/wp\/v2\/categories?post=22490"},{"taxonomy":"post_tag","embeddable":true,"href":"https:\/\/sgvaimudar.com.br\/index.php\/wp-json\/wp\/v2\/tags?post=22490"}],"curies":[{"name":"wp","href":"https:\/\/api.w.org\/{rel}","templated":true}]}}