{"id":22487,"date":"2025-03-25T16:00:00","date_gmt":"2025-03-25T19:00:00","guid":{"rendered":"https:\/\/sgvaimudar.com.br\/?p=22487"},"modified":"2025-03-25T11:24:29","modified_gmt":"2025-03-25T14:24:29","slug":"justica-obtem-paralisacao-de-obra-na-praia-do-recanto-em-itaipuacu-por-risco-de-dano-ambiental","status":"publish","type":"post","link":"https:\/\/sgvaimudar.com.br\/index.php\/2025\/03\/25\/justica-obtem-paralisacao-de-obra-na-praia-do-recanto-em-itaipuacu-por-risco-de-dano-ambiental\/","title":{"rendered":"Justi\u00e7a obt\u00e9m paralisa\u00e7\u00e3o de obra na Praia do Recanto, em Itaipua\u00e7u, por risco de dano ambiental"},"content":{"rendered":"\n<p><em>A promotoria apontou a inadequa\u00e7\u00e3o do licenciamento e do risco de impacto significativo sobre o meio ambiente<\/em><\/p>\n\n\n\n<p>O Minist\u00e9rio P\u00fablico do Rio de Janeiro, por meio da Promotoria de Justi\u00e7a de Tutela Coletiva de Maric\u00e1 obteve na Justi\u00e7a a paralisa\u00e7\u00e3o das obras na foz do canal que desemboca no canto direito da Praia do Recanto, em Itaipua\u00e7u, na cidade de Maric\u00e1. <\/p>\n\n\n\n<p>A decis\u00e3o da S\u00e9tima C\u00e2mara de Direito P\u00fablico atendeu a um recurso apresentado pelo MPRJ, em a\u00e7\u00e3o civil p\u00fablica ajuizada contra o Munic\u00edpio de Maric\u00e1, a Autarquia Municipal de Servi\u00e7os de Obras de Maric\u00e1 (Somar) e o Instituto Estadual do Ambiente (Inea). <\/p>\n\n\n\n<p>A a\u00e7\u00e3o explicou que embora a obra se trate da constru\u00e7\u00e3o de um novo enrocamento &#8211; com acr\u00e9scimo de cerca de 457 metros sobre o espelho d&#8217;\u00e1gua, com aproximadamente 50 metros em faixa de areia -, o empreendimento foi enquadrado como de &#8220;Baixo Impacto&#8221; na licen\u00e7a ambiental que recebeu.<\/p>\n\n\n\n<p>Al\u00e9m das consequ\u00eancias das obras, a promotoria ressalta que o novo projeto tamb\u00e9m prev\u00ea o uso do local por embarca\u00e7\u00f5es e a eleva\u00e7\u00e3o do potencial tur\u00edstico, atividades que tamb\u00e9m deveriam ser consideradas na avalia\u00e7\u00e3o, o que n\u00e3o ocorreu. De acordo com os peritos do Grupo de Apoio T\u00e9cnico Especializado (GATE\/MPRJ), o enquadramento foi realizado de maneira equivocada, pois n\u00e3o se trata de uma atividade de manuten\u00e7\u00e3o e recupera\u00e7\u00e3o, mas sim da cria\u00e7\u00e3o de um novo enrocamento. <\/p>\n\n\n\n<p>Segundo o MP-RJ, o ju\u00edzo verificou que &#8220;considerando o objeto da obra e os documentos apresentados por ambas as partes, resta demonstrada a possibilidade de ocorr\u00eancia de dano ambiental grave, de dif\u00edcil ou imposs\u00edvel repara\u00e7\u00e3o&#8221;. <\/p>\n\n\n\n<p>A decis\u00e3o determina a suspens\u00e3o imediata das obras at\u00e9 o julgamento da a\u00e7\u00e3o, a ado\u00e7\u00e3o de provid\u00eancias para resguardar banhistas e a fauna de eventuais riscos que os materiais da obra possam causar, al\u00e9m da adequada prote\u00e7\u00e3o desse material. A Somar deve encaminhar \u00e0 Justi\u00e7a, no prazo de 72 horas, listagem completa dos bens, localiza\u00e7\u00e3o, seus respons\u00e1veis e valores pagos por cada item.<\/p>\n\n\n\n<p><strong><em>Fa\u00e7a sua den\u00fancia pelo nosso WhatsApp: (21) <\/em><\/strong><strong><em>99744 5345<\/em><\/strong><strong><em><\/em><\/strong><\/p>\n\n\n\n<p><strong><em>S\u00e3o Gon\u00e7alo vai mudar: Not\u00edcias de S\u00e3o Gon\u00e7alo e toda regi\u00e3o.<\/em><\/strong><\/p>\n\n\n\n<figure class=\"wp-block-image size-full\"><img decoding=\"async\" width=\"317\" height=\"111\" src=\"https:\/\/sgvaimudar.com.br\/wp-content\/uploads\/2023\/08\/Logo-Provisoria-2-2.png\" alt=\"\" class=\"wp-image-2781\" srcset=\"https:\/\/sgvaimudar.com.br\/wp-content\/uploads\/2023\/08\/Logo-Provisoria-2-2.png 317w, https:\/\/sgvaimudar.com.br\/wp-content\/uploads\/2023\/08\/Logo-Provisoria-2-2-300x105.png 300w\" sizes=\"(max-width: 317px) 100vw, 317px\" \/><\/figure>\n","protected":false},"excerpt":{"rendered":"<p>A promotoria apontou a inadequa\u00e7\u00e3o do licenciamento e do risco de impacto significativo sobre o meio ambiente O Minist\u00e9rio P\u00fablico&hellip;<\/p>\n","protected":false},"author":5,"featured_media":22488,"comment_status":"open","ping_status":"open","sticky":false,"template":"","format":"standard","meta":{"fifu_image_url":"","fifu_image_alt":"","footnotes":""},"categories":[32],"tags":[47],"class_list":["post-22487","post","type-post","status-publish","format-standard","has-post-thumbnail","hentry","category-casos-de-policia","tag-rj"],"_links":{"self":[{"href":"https:\/\/sgvaimudar.com.br\/index.php\/wp-json\/wp\/v2\/posts\/22487","targetHints":{"allow":["GET"]}}],"collection":[{"href":"https:\/\/sgvaimudar.com.br\/index.php\/wp-json\/wp\/v2\/posts"}],"about":[{"href":"https:\/\/sgvaimudar.com.br\/index.php\/wp-json\/wp\/v2\/types\/post"}],"author":[{"embeddable":true,"href":"https:\/\/sgvaimudar.com.br\/index.php\/wp-json\/wp\/v2\/users\/5"}],"replies":[{"embeddable":true,"href":"https:\/\/sgvaimudar.com.br\/index.php\/wp-json\/wp\/v2\/comments?post=22487"}],"version-history":[{"count":1,"href":"https:\/\/sgvaimudar.com.br\/index.php\/wp-json\/wp\/v2\/posts\/22487\/revisions"}],"predecessor-version":[{"id":22489,"href":"https:\/\/sgvaimudar.com.br\/index.php\/wp-json\/wp\/v2\/posts\/22487\/revisions\/22489"}],"wp:featuredmedia":[{"embeddable":true,"href":"https:\/\/sgvaimudar.com.br\/index.php\/wp-json\/wp\/v2\/media\/22488"}],"wp:attachment":[{"href":"https:\/\/sgvaimudar.com.br\/index.php\/wp-json\/wp\/v2\/media?parent=22487"}],"wp:term":[{"taxonomy":"category","embeddable":true,"href":"https:\/\/sgvaimudar.com.br\/index.php\/wp-json\/wp\/v2\/categories?post=22487"},{"taxonomy":"post_tag","embeddable":true,"href":"https:\/\/sgvaimudar.com.br\/index.php\/wp-json\/wp\/v2\/tags?post=22487"}],"curies":[{"name":"wp","href":"https:\/\/api.w.org\/{rel}","templated":true}]}}