{"id":22484,"date":"2025-03-25T19:00:00","date_gmt":"2025-03-25T22:00:00","guid":{"rendered":"https:\/\/sgvaimudar.com.br\/?p=22484"},"modified":"2025-03-25T11:15:58","modified_gmt":"2025-03-25T14:15:58","slug":"governo-do-estado-garante-pagamento-de-r-65-milhoes-em-projetos-da-politica-nacional-aldir-blanc-para-cultura-em-2025","status":"publish","type":"post","link":"https:\/\/sgvaimudar.com.br\/index.php\/2025\/03\/25\/governo-do-estado-garante-pagamento-de-r-65-milhoes-em-projetos-da-politica-nacional-aldir-blanc-para-cultura-em-2025\/","title":{"rendered":"Governo do Estado garante pagamento de R$ 65 milh\u00f5es em projetos da Pol\u00edtica Nacional Aldir Blanc para Cultura em 2025"},"content":{"rendered":"\n<p><em>Lista final de vencedores de cinco editais do pacote de investimentos da Pol\u00edtica Nacional Aldir Blanc foi publicada no Di\u00e1rio Oficial<\/em><\/p>\n\n\n\n<p>O Governo do Estado, por meio da Secretaria de Estado de Cultura e Economia Criativa do Rio de Janeiro (Sececrj), publicou nesta segunda-feira (24\/03), em Di\u00e1rio Oficial, o resultado final de cinco editais que integram o pacote de investimentos da Pol\u00edtica Nacional Aldir Blanc (Pnab). Com a premia\u00e7\u00e3o de aproximadamente 700 projetos, as chamadas p\u00fablicas destinadas \u00e0 cultura fluminense somam R$ 65 milh\u00f5es.<\/p>\n\n\n\n<p>&#8211; O RJ vem colecionando recordes de investimentos e de resultados, seja no Turismo, no Esporte e, em especial, na Cultura. Descentralizar as aplica\u00e7\u00f5es desses recursos e levar conhecimento aos 92 munic\u00edpios \u00e9 motivo de muito orgulho. Somos um estado que valoriza a identidade cultural do nosso povo &#8211; ressaltou o governador Cl\u00e1udio Castro.<\/p>\n\n\n\n<p>O pacote contempla os editais &#8220;Nossos Museus&#8221;, &#8220;Fluxos Fluminenses&#8221;, &#8220;Fomenta Festival&#8221;, &#8220;Reviver Mem\u00f3rias&#8221; e &#8220;Territ\u00f3rios em Foco&#8221;. Os recursos provenientes da Pnab j\u00e1 est\u00e3o garantidos, assegurando o pagamento integral aos vencedores do processo seletivo.<\/p>\n\n\n\n<p>&#8211; Apesar da triste not\u00edcia que tivemos na \u00faltima semana, sobre o corte de 85% no or\u00e7amento da Pol\u00edtica Nacional Aldir Blanc, \u00e9 importante ressaltar que os projetos contemplados e selecionados no Estado do Rio est\u00e3o com seus recursos assegurados e todos ser\u00e3o pagos. Vamos trabalhar em conjunto com os deputados e senadores para reverter esta decis\u00e3o, buscando a continuidade deste investimento t\u00e3o importante para o setor cultural &#8211; explica a Secret\u00e1ria de Estado de Cultura e Economia Criativa do Rio de Janeiro, Danielle Barros.<\/p>\n\n\n\n<p>As listas dos projetos vencedores s\u00e3o encontradas no Di\u00e1rio Oficial, atrav\u00e9s do link https:\/\/portal.ioerj.com.br\/, ou no site da Sececrj em http:\/\/cultura.rj.gov.br\/.<\/p>\n\n\n\n<p><strong>Conhe\u00e7a os editais<\/strong><\/p>\n\n\n\n<p>&#8211; No Fomenta Festival, os projetos devem apresentar um conjunto de a\u00e7\u00f5es presenciais de difus\u00e3o art\u00edstico-cultural para p\u00fablico amplo, com ou sem cobran\u00e7a de ingressos, com car\u00e1ter competitivo ou n\u00e3o, em um per\u00edodo determinado de tempo, e que promovam, comprovadamente, o desenvolvimento cultural e a ativa\u00e7\u00e3o da economia criativa regional ou local. O evento pode prever apresenta\u00e7\u00f5es, performances, exposi\u00e7\u00f5es, shows, oficinas, instala\u00e7\u00f5es, exibi\u00e7\u00f5es e\/ou debates, nas diversas linguagens art\u00edsticas, entre outras atividades que proporcionem um espa\u00e7o de difus\u00e3o e forma\u00e7\u00e3o da tem\u00e1tica abordada.<\/p>\n\n\n\n<p>&#8211; O edital tem investimento de R$ 21 milh\u00f5es e \u00e9 dividido entre tr\u00eas categorias, sendo uma para festivais in\u00e9ditos, com 40 vagas; outra para festivais com no m\u00ednimo uma edi\u00e7\u00e3o, tamb\u00e9m 40 oportunidades; e a \u00faltima para festivais com no m\u00ednimo 12 edi\u00e7\u00f5es, disponibilizando 12 vagas.<\/p>\n\n\n\n<p>&#8211; J\u00e1 o Fluxos Fluminenses \u00e9 uma chamada p\u00fablica de car\u00e1ter mais amplo, voltado para propostas culturais de forma\u00e7\u00e3o, capacita\u00e7\u00e3o, produ\u00e7\u00e3o ou circula\u00e7\u00e3o de diferentes segmentos art\u00edsticos, tamb\u00e9m com fomento de R$ 21 milh\u00f5es no total, dividido entre tr\u00eas categorias: forma\u00e7\u00e3o e capacita\u00e7\u00e3o, com 60 vagas; a\u00e7\u00f5es de produ\u00e7\u00e3o, com 120 oportunidades; e a\u00e7\u00f5es de circula\u00e7\u00e3o, que vai contemplar outros 120 proponentes.<\/p>\n\n\n\n<p>&#8211; A chamada Territ\u00f3rios em Foco est\u00e1 investindo R$ 11 milh\u00f5es na cultura fluminense, atrav\u00e9s do patroc\u00ednio a 200 projetos diferentes, em duas categorias. Para concorrer, os proponentes apresentaram propostas de continuidade de pr\u00e1ticas, atividades e projetos que promovem o fortalecimento e a valoriza\u00e7\u00e3o da cultura dos territ\u00f3rios onde s\u00e3o realizadas e que estimulam a diversidade cultural e a articula\u00e7\u00e3o comunit\u00e1ria da localidade.<\/p>\n\n\n\n<p>&#8211; A Categoria A \u00e9 voltada para pessoa jur\u00eddica e MEIs e contempla cem proponentes com o valor de R$ 70 mil para cada, totalizando R$ 7 milh\u00f5es. J\u00e1 a B, voltada \u00e0 pessoa f\u00edsica, tamb\u00e9m premia cem propostas, com o valor de R$ 40 mil para cada, totalizando R$ 4 milh\u00f5es.<\/p>\n\n\n\n<p>&#8211; Para cuidar da hist\u00f3ria e heran\u00e7a cultural do Rio de Janeiro, o edital Reviver Mem\u00f3rias \u00e9 voltado para projetos de preserva\u00e7\u00e3o e restauro dos bens culturais tombados pelo Instituto Estadual do Patrim\u00f4nio Cultural (Inepac). Com investimento de R$ 6,5 milh\u00f5es, o edital possui tr\u00eas categorias e vai premiar 30 propostas.<\/p>\n\n\n\n<p>&#8211; J\u00e1 o edital Nossos Museus \u00e9 voltado para pessoa jur\u00eddica ou microempreendedor individual (MEI), com natureza e finalidades culturais em seus atos constitutivos e atua\u00e7\u00e3o na \u00e1rea de museus h\u00e1, no m\u00ednimo, dois anos. Foram disponibilizadas duas categorias, sendo uma para manuten\u00e7\u00e3o, amplia\u00e7\u00e3o e moderniza\u00e7\u00e3o de museus, com 15 vagas e premia\u00e7\u00e3o de R$ 200 mil para cada; e a outra para circula\u00e7\u00e3o, com espa\u00e7o para 40 propostas contempladas, no valor de R$ 50 mil, somando 55 vagas e investimento de R$ 5 milh\u00f5es.<\/p>\n\n\n\n<p><strong><em>S\u00e3o Gon\u00e7alo vai mudar: Not\u00edcias de S\u00e3o Gon\u00e7alo e toda regi\u00e3o.<\/em><\/strong><\/p>\n\n\n\n<figure class=\"wp-block-image size-full\"><img decoding=\"async\" width=\"250\" height=\"87\" src=\"https:\/\/sgvaimudar.com.br\/wp-content\/uploads\/2023\/08\/cropped-Logo.png\" alt=\"\" class=\"wp-image-2739\" \/><\/figure>\n","protected":false},"excerpt":{"rendered":"<p>Lista final de vencedores de cinco editais do pacote de investimentos da Pol\u00edtica Nacional Aldir Blanc foi publicada no Di\u00e1rio&hellip;<\/p>\n","protected":false},"author":5,"featured_media":22485,"comment_status":"open","ping_status":"open","sticky":false,"template":"","format":"standard","meta":{"fifu_image_url":"","fifu_image_alt":"","footnotes":""},"categories":[6],"tags":[47],"class_list":["post-22484","post","type-post","status-publish","format-standard","has-post-thumbnail","hentry","category-entretenimento","tag-rj"],"_links":{"self":[{"href":"https:\/\/sgvaimudar.com.br\/index.php\/wp-json\/wp\/v2\/posts\/22484","targetHints":{"allow":["GET"]}}],"collection":[{"href":"https:\/\/sgvaimudar.com.br\/index.php\/wp-json\/wp\/v2\/posts"}],"about":[{"href":"https:\/\/sgvaimudar.com.br\/index.php\/wp-json\/wp\/v2\/types\/post"}],"author":[{"embeddable":true,"href":"https:\/\/sgvaimudar.com.br\/index.php\/wp-json\/wp\/v2\/users\/5"}],"replies":[{"embeddable":true,"href":"https:\/\/sgvaimudar.com.br\/index.php\/wp-json\/wp\/v2\/comments?post=22484"}],"version-history":[{"count":1,"href":"https:\/\/sgvaimudar.com.br\/index.php\/wp-json\/wp\/v2\/posts\/22484\/revisions"}],"predecessor-version":[{"id":22486,"href":"https:\/\/sgvaimudar.com.br\/index.php\/wp-json\/wp\/v2\/posts\/22484\/revisions\/22486"}],"wp:featuredmedia":[{"embeddable":true,"href":"https:\/\/sgvaimudar.com.br\/index.php\/wp-json\/wp\/v2\/media\/22485"}],"wp:attachment":[{"href":"https:\/\/sgvaimudar.com.br\/index.php\/wp-json\/wp\/v2\/media?parent=22484"}],"wp:term":[{"taxonomy":"category","embeddable":true,"href":"https:\/\/sgvaimudar.com.br\/index.php\/wp-json\/wp\/v2\/categories?post=22484"},{"taxonomy":"post_tag","embeddable":true,"href":"https:\/\/sgvaimudar.com.br\/index.php\/wp-json\/wp\/v2\/tags?post=22484"}],"curies":[{"name":"wp","href":"https:\/\/api.w.org\/{rel}","templated":true}]}}