{"id":22452,"date":"2025-03-25T10:00:00","date_gmt":"2025-03-25T13:00:00","guid":{"rendered":"https:\/\/sgvaimudar.com.br\/?p=22452"},"modified":"2025-03-25T09:23:46","modified_gmt":"2025-03-25T12:23:46","slug":"secretaria-de-saude-de-sao-goncalo-faz-acao-em-shopping-para-incentivar-a-vacinacao","status":"publish","type":"post","link":"https:\/\/sgvaimudar.com.br\/index.php\/2025\/03\/25\/secretaria-de-saude-de-sao-goncalo-faz-acao-em-shopping-para-incentivar-a-vacinacao\/","title":{"rendered":"Secretaria de Sa\u00fade de S\u00e3o Gon\u00e7alo faz a\u00e7\u00e3o em shopping para incentivar a vacina\u00e7\u00e3o"},"content":{"rendered":"\n<p><em>Coordena\u00e7\u00e3o de Imuniza\u00e7\u00e3o estar\u00e1 a postos no Shopping Partage<\/em><\/p>\n\n\n\n<p>A Secretaria de Sa\u00fade da Prefeitura de S\u00e3o Gon\u00e7alo, em parceria com o Shopping Partage, no Centro, anunciou que vai realizar a\u00e7\u00e3o com oferta de vacinas entre esta quarta-feira (26) at\u00e9 sexta-feira (28\/3), das 10h \u00e0s 14h. <\/p>\n\n\n\n<p>A Coordena\u00e7\u00e3o de Imuniza\u00e7\u00e3o vai disponibilizar os imunizantes contra o HPV, hepatite B, antitet\u00e2nica, covid, febre amarela e tr\u00edplice viral no evento, que \u00e9 chamado de Partage Day.\u00a0<\/p>\n\n\n\n<p>\u201cO munic\u00edpio incentiva, constantemente, a vacina\u00e7\u00e3o. E essa a\u00e7\u00e3o vem confirmar o que j\u00e1 fazemos. Essa parceria \u00e9 importante porque \u00e9 mais um local para as pessoas terem acesso ao imunizante sem ter que se dirigir a uma unidade de sa\u00fade. Em um passeio ao shopping, os gon\u00e7alenses podem sair vacinados, unindo o lazer com a sa\u00fade. Lembrando sempre que a vacina\u00e7\u00e3o \u00e9 um ato em prol da sa\u00fade coletiva\u201d, disse a subsecret\u00e1ria de Sa\u00fade Coletiva, Thain\u00e1 Fratane.<\/p>\n\n\n\n<p>A vacina contra o HPV est\u00e1 dispon\u00edvel para crian\u00e7as e adolescentes entre 9 e 19 anos. A Hepatite B \u00e9 aplicada assim que os beb\u00eas nascem e a partir de 7 anos. A antitet\u00e2nica (DT) \u00e9 uma dose a cada 10 anos a partir de 7 anos, considerando doses anteriores de Pentavalente e DTP.&nbsp;&nbsp;<\/p>\n\n\n\n<p>A vacina contra a febre amarela pode ser aplicada em pessoas que nunca foram vacinadas ou sem comprova\u00e7\u00e3o de vacina\u00e7\u00e3o. Tamb\u00e9m h\u00e1 o refor\u00e7o caso a pessoa tenha recebido uma dose antes de completar 5 anos.<\/p>\n\n\n\n<p>J\u00e1 a tr\u00edplice viral (sarampo, caxumba e rub\u00e9ola) \u00e9 aplicada aos 12 meses de vida. As crian\u00e7as devem completar duas doses de acordo com a situa\u00e7\u00e3o vacinal e os adultos recebem duas doses at\u00e9 29 anos e uma dose de 30 a 59 anos. Profissionais de sa\u00fade tamb\u00e9m podem tomar duas doses do imunizante.&nbsp;<\/p>\n\n\n\n<p>A vacina\u00e7\u00e3o contra a covid-19 passou a ser obrigat\u00f3ria para as crian\u00e7as entre seis meses e 4 anos, 11 meses e 29 dias; gestantes com autoriza\u00e7\u00e3o m\u00e9dica a cada gesta\u00e7\u00e3o e idosos, que devem ser vacinados a cada seis meses, assim como os imunocomprometidos com mais de 12 anos.&nbsp;<\/p>\n\n\n\n<p>O imunizante tamb\u00e9m pode ser aplicado nos gon\u00e7alenses com mais de 12 anos que fazem parte de algum grupo priorit\u00e1rio elencado pelo Minist\u00e9rio da Sa\u00fade. <\/p>\n\n\n\n<p>S\u00e3o eles: pessoas que vivem em institui\u00e7\u00f5es de longa perman\u00eancia (Ilpis), ind\u00edgenas, ribeirinhos, quilombolas, pu\u00e9rperas (at\u00e9 45 dias ap\u00f3s o parto), trabalhadores da sa\u00fade, pessoas com comorbidades, pessoas com defici\u00eancia permanente, pessoas privadas de liberdade e adolescentes cumprindo medidas socioeducativas, profissionais do sistema prisional e pessoas em situa\u00e7\u00e3o de rua.\u00a0<\/p>\n\n\n\n<p>Para a vacina\u00e7\u00e3o \u00e9 necess\u00e1rio apresentar cart\u00e3o do SUS, caderneta de vacina e identidade.<\/p>\n\n\n\n<p><em>Foto: Julio Diniz<\/em><\/p>\n\n\n\n<p><strong><em>S\u00e3o Gon\u00e7alo vai mudar: Not\u00edcias de S\u00e3o Gon\u00e7alo e toda regi\u00e3o.<\/em><\/strong><\/p>\n\n\n\n<figure class=\"wp-block-image size-full\"><img decoding=\"async\" width=\"250\" height=\"87\" src=\"https:\/\/sgvaimudar.com.br\/wp-content\/uploads\/2023\/08\/cropped-Logo.png\" alt=\"\" class=\"wp-image-2739\" \/><\/figure>\n","protected":false},"excerpt":{"rendered":"<p>Coordena\u00e7\u00e3o de Imuniza\u00e7\u00e3o estar\u00e1 a postos no Shopping Partage A Secretaria de Sa\u00fade da Prefeitura de S\u00e3o Gon\u00e7alo, em parceria&hellip;<\/p>\n","protected":false},"author":5,"featured_media":22453,"comment_status":"open","ping_status":"open","sticky":false,"template":"","format":"standard","meta":{"fifu_image_url":"","fifu_image_alt":"","footnotes":""},"categories":[7],"tags":[75],"class_list":["post-22452","post","type-post","status-publish","format-standard","has-post-thumbnail","hentry","category-saude","tag-sao-goncalo"],"_links":{"self":[{"href":"https:\/\/sgvaimudar.com.br\/index.php\/wp-json\/wp\/v2\/posts\/22452","targetHints":{"allow":["GET"]}}],"collection":[{"href":"https:\/\/sgvaimudar.com.br\/index.php\/wp-json\/wp\/v2\/posts"}],"about":[{"href":"https:\/\/sgvaimudar.com.br\/index.php\/wp-json\/wp\/v2\/types\/post"}],"author":[{"embeddable":true,"href":"https:\/\/sgvaimudar.com.br\/index.php\/wp-json\/wp\/v2\/users\/5"}],"replies":[{"embeddable":true,"href":"https:\/\/sgvaimudar.com.br\/index.php\/wp-json\/wp\/v2\/comments?post=22452"}],"version-history":[{"count":1,"href":"https:\/\/sgvaimudar.com.br\/index.php\/wp-json\/wp\/v2\/posts\/22452\/revisions"}],"predecessor-version":[{"id":22454,"href":"https:\/\/sgvaimudar.com.br\/index.php\/wp-json\/wp\/v2\/posts\/22452\/revisions\/22454"}],"wp:featuredmedia":[{"embeddable":true,"href":"https:\/\/sgvaimudar.com.br\/index.php\/wp-json\/wp\/v2\/media\/22453"}],"wp:attachment":[{"href":"https:\/\/sgvaimudar.com.br\/index.php\/wp-json\/wp\/v2\/media?parent=22452"}],"wp:term":[{"taxonomy":"category","embeddable":true,"href":"https:\/\/sgvaimudar.com.br\/index.php\/wp-json\/wp\/v2\/categories?post=22452"},{"taxonomy":"post_tag","embeddable":true,"href":"https:\/\/sgvaimudar.com.br\/index.php\/wp-json\/wp\/v2\/tags?post=22452"}],"curies":[{"name":"wp","href":"https:\/\/api.w.org\/{rel}","templated":true}]}}