{"id":22445,"date":"2025-03-25T09:00:00","date_gmt":"2025-03-25T12:00:00","guid":{"rendered":"https:\/\/sgvaimudar.com.br\/?p=22445"},"modified":"2025-03-25T08:58:05","modified_gmt":"2025-03-25T11:58:05","slug":"trabalho-em-alta-obras-do-muvi-avancam-em-sao-goncalo","status":"publish","type":"post","link":"https:\/\/sgvaimudar.com.br\/index.php\/2025\/03\/25\/trabalho-em-alta-obras-do-muvi-avancam-em-sao-goncalo\/","title":{"rendered":"Trabalho em alta: Obras do Muvi avan\u00e7am em S\u00e3o Gon\u00e7alo"},"content":{"rendered":"\n<p><em>Corredor vi\u00e1rio expresso est\u00e1 com mais de 50% conclu\u00eddo<\/em><\/p>\n\n\n\n<p>As obras do Projeto de Mobilidade Urbana Verde Integrada (Muvi), corredor vi\u00e1rio expresso que \u00e9 constru\u00eddo em S\u00e3o Gon\u00e7alo, avan\u00e7a para requalificar o eixo central da cidade. <\/p>\n\n\n\n<p>O equipamento vai ligar Guaxindiba ao bairro de Neves, com pistas alargadas, constru\u00e7\u00e3o de ciclovias, \u00e1reas de conviv\u00eancia e arboriza\u00e7\u00e3o, levando mais seguran\u00e7a para motoristas e moradores.<\/p>\n\n\n\n<figure class=\"wp-block-image size-large\"><img fetchpriority=\"high\" decoding=\"async\" width=\"1024\" height=\"768\" src=\"https:\/\/sgvaimudar.com.br\/wp-content\/uploads\/2025\/03\/MUVI.1-2-1024x768.jpeg\" alt=\"\" class=\"wp-image-22446\" srcset=\"https:\/\/sgvaimudar.com.br\/wp-content\/uploads\/2025\/03\/MUVI.1-2-1024x768.jpeg 1024w, https:\/\/sgvaimudar.com.br\/wp-content\/uploads\/2025\/03\/MUVI.1-2-300x225.jpeg 300w, https:\/\/sgvaimudar.com.br\/wp-content\/uploads\/2025\/03\/MUVI.1-2-768x576.jpeg 768w, https:\/\/sgvaimudar.com.br\/wp-content\/uploads\/2025\/03\/MUVI.1-2-1536x1152.jpeg 1536w, https:\/\/sgvaimudar.com.br\/wp-content\/uploads\/2025\/03\/MUVI.1-2-2048x1536.jpeg 2048w\" sizes=\"(max-width: 1024px) 100vw, 1024px\" \/><\/figure>\n\n\n\n<p>No projeto, est\u00e3o sendo investidos mais de R$ 310 milh\u00f5es, em uma parceria do Governo do Estado, por meio da secretaria das Cidades, com a prefeitura.<\/p>\n\n\n\n<p>As frentes de trabalho est\u00e3o concentradas na Avenida Presidente Kennedy, no sentido Niter\u00f3i da via, onde est\u00e3o sendo finalizadas as cal\u00e7adas em intertravado. Al\u00e9m disso, h\u00e1 trabalhadores tamb\u00e9m na rua Francisco Portela, pr\u00f3ximo ao cemit\u00e9rio, com o preparo para pavimenta\u00e7\u00e3o. Todo o trabalho de drenagem j\u00e1 foi feito no local.<\/p>\n\n\n\n<p>-Sob o comando do governador Cl\u00e1udio Castro, estamos diariamente nas ruas e ao longo de toda a obra para fiscalizar e verificar todo o andamento do projeto. O Muvi \u00e9 uma obra grandiosa e vai mudar a vida de todo o cidad\u00e3o de S\u00e3o Gon\u00e7alo &#8211; disse o secret\u00e1rio de Estado das Cidades, Douglas Ruas.<\/p>\n\n\n\n<p>No trecho 5, atr\u00e1s do 7\u00ba BPM, h\u00e1 ainda outras interven\u00e7\u00f5es, como o preparo do terreno e servi\u00e7os de drenagem, al\u00e9m da ponte que vai desafogar o fluxo em dire\u00e7\u00e3o ao Alc\u00e2ntara.<\/p>\n\n\n\n<p><strong>SOBRE O MUVI<\/strong><\/p>\n\n\n\n<p>O Muvi \u00e9 o maior projeto em mobilidade urbana j\u00e1 realizado no munic\u00edpio, e vai passar por mais de 18 bairros, indo de Guaxindiba a Neves, totalizando mais de 18 quil\u00f4metros de extens\u00e3o.<\/p>\n\n\n\n<p><strong>Cr\u00e9dito fotos: Divulga\u00e7\u00e3o<\/strong><\/p>\n\n\n\n<p><strong><em>S\u00e3o Gon\u00e7alo vai mudar: Not\u00edcias de S\u00e3o Gon\u00e7alo e toda regi\u00e3o.<\/em><\/strong><\/p>\n\n\n\n<figure class=\"wp-block-image size-full\"><img decoding=\"async\" width=\"250\" height=\"87\" src=\"https:\/\/sgvaimudar.com.br\/wp-content\/uploads\/2023\/08\/cropped-Logo.png\" alt=\"\" class=\"wp-image-2739\" \/><\/figure>\n","protected":false},"excerpt":{"rendered":"<p>Corredor vi\u00e1rio expresso est\u00e1 com mais de 50% conclu\u00eddo As obras do Projeto de Mobilidade Urbana Verde Integrada (Muvi), corredor&hellip;<\/p>\n","protected":false},"author":5,"featured_media":22447,"comment_status":"open","ping_status":"open","sticky":false,"template":"","format":"standard","meta":{"fifu_image_url":"","fifu_image_alt":"","footnotes":""},"categories":[3],"tags":[47,75],"class_list":["post-22445","post","type-post","status-publish","format-standard","has-post-thumbnail","hentry","category-sao-goncalo","tag-rj","tag-sao-goncalo"],"_links":{"self":[{"href":"https:\/\/sgvaimudar.com.br\/index.php\/wp-json\/wp\/v2\/posts\/22445","targetHints":{"allow":["GET"]}}],"collection":[{"href":"https:\/\/sgvaimudar.com.br\/index.php\/wp-json\/wp\/v2\/posts"}],"about":[{"href":"https:\/\/sgvaimudar.com.br\/index.php\/wp-json\/wp\/v2\/types\/post"}],"author":[{"embeddable":true,"href":"https:\/\/sgvaimudar.com.br\/index.php\/wp-json\/wp\/v2\/users\/5"}],"replies":[{"embeddable":true,"href":"https:\/\/sgvaimudar.com.br\/index.php\/wp-json\/wp\/v2\/comments?post=22445"}],"version-history":[{"count":1,"href":"https:\/\/sgvaimudar.com.br\/index.php\/wp-json\/wp\/v2\/posts\/22445\/revisions"}],"predecessor-version":[{"id":22448,"href":"https:\/\/sgvaimudar.com.br\/index.php\/wp-json\/wp\/v2\/posts\/22445\/revisions\/22448"}],"wp:featuredmedia":[{"embeddable":true,"href":"https:\/\/sgvaimudar.com.br\/index.php\/wp-json\/wp\/v2\/media\/22447"}],"wp:attachment":[{"href":"https:\/\/sgvaimudar.com.br\/index.php\/wp-json\/wp\/v2\/media?parent=22445"}],"wp:term":[{"taxonomy":"category","embeddable":true,"href":"https:\/\/sgvaimudar.com.br\/index.php\/wp-json\/wp\/v2\/categories?post=22445"},{"taxonomy":"post_tag","embeddable":true,"href":"https:\/\/sgvaimudar.com.br\/index.php\/wp-json\/wp\/v2\/tags?post=22445"}],"curies":[{"name":"wp","href":"https:\/\/api.w.org\/{rel}","templated":true}]}}