{"id":22438,"date":"2025-03-25T07:54:17","date_gmt":"2025-03-25T10:54:17","guid":{"rendered":"https:\/\/sgvaimudar.com.br\/?p=22438"},"modified":"2025-03-25T07:54:17","modified_gmt":"2025-03-25T10:54:17","slug":"acao-especial-e-realizada-para-pessoas-com-sindrome-de-down-no-patio-alcantara","status":"publish","type":"post","link":"https:\/\/sgvaimudar.com.br\/index.php\/2025\/03\/25\/acao-especial-e-realizada-para-pessoas-com-sindrome-de-down-no-patio-alcantara\/","title":{"rendered":"A\u00e7\u00e3o especial \u00e9 realizada para pessoas com S\u00edndrome de Down no P\u00e1tio Alc\u00e2ntara"},"content":{"rendered":"\n<p><em>Evento foi alusivo ao Dia Internacional da S\u00edndrome de Down<\/em><\/p>\n\n\n\n<p>O P\u00e1tio Alc\u00e2ntara foi palco de uma a\u00e7\u00e3o especial para pessoas com S\u00edndrome de Down, na tarde da \u00faltima sexta-feira (21). O evento, alusivo ao Dia Internacional da S\u00edndrome de Down, foi realizado pela Secretaria de Assist\u00eancia Social, atrav\u00e9s da Subsecretaria da Pessoa com Defici\u00eancia, com apoio do Conex\u00e3o Dan\u00e7a Studio.<\/p>\n\n\n\n<p>Na pra\u00e7a de alimenta\u00e7\u00e3o do P\u00e1tio, o p\u00fablico p\u00f4de assistir a apresenta\u00e7\u00f5es de dan\u00e7arinos com S\u00edndrome de Down. Os artistas fizeram um belo espet\u00e1culo com dan\u00e7a do ventre e Hip hop e todos curtiram grandes m\u00fasicas do Pop mundial. Al\u00e9m disso, outras apresenta\u00e7\u00f5es trouxeram reflex\u00f5es sobre a import\u00e2ncia da inclus\u00e3o e da acessibilidade.<\/p>\n\n\n\n<p>O subsecret\u00e1rio da Pessoa com Defici\u00eancia, Evangelista Ubirajara, destacou a import\u00e2ncia da a\u00e7\u00e3o. \u201cEsse evento representa um grande movimento de conscientiza\u00e7\u00e3o da import\u00e2ncia da inclus\u00e3o das pessoas com S\u00edndrome de Down na sociedade. O que vemos aqui \u00e9 a materializa\u00e7\u00e3o da inclus\u00e3o, do respeito \u00e0s diferen\u00e7as e da valoriza\u00e7\u00e3o da diversidade\u201d, disse.<\/p>\n\n\n\n<p><em>Fotos: Ascom<\/em><\/p>\n\n\n\n<p><strong><em>S\u00e3o Gon\u00e7alo vai mudar: Not\u00edcias de S\u00e3o Gon\u00e7alo e toda regi\u00e3o.<\/em><\/strong><\/p>\n\n\n\n<figure class=\"wp-block-image size-full\"><img decoding=\"async\" width=\"250\" height=\"87\" src=\"https:\/\/sgvaimudar.com.br\/wp-content\/uploads\/2023\/08\/cropped-Logo.png\" alt=\"\" class=\"wp-image-2739\" \/><\/figure>\n","protected":false},"excerpt":{"rendered":"<p>Evento foi alusivo ao Dia Internacional da S\u00edndrome de Down O P\u00e1tio Alc\u00e2ntara foi palco de uma a\u00e7\u00e3o especial para&hellip;<\/p>\n","protected":false},"author":5,"featured_media":22439,"comment_status":"open","ping_status":"open","sticky":false,"template":"","format":"standard","meta":{"fifu_image_url":"","fifu_image_alt":"","footnotes":""},"categories":[3],"tags":[47,75],"class_list":["post-22438","post","type-post","status-publish","format-standard","has-post-thumbnail","hentry","category-sao-goncalo","tag-rj","tag-sao-goncalo"],"_links":{"self":[{"href":"https:\/\/sgvaimudar.com.br\/index.php\/wp-json\/wp\/v2\/posts\/22438","targetHints":{"allow":["GET"]}}],"collection":[{"href":"https:\/\/sgvaimudar.com.br\/index.php\/wp-json\/wp\/v2\/posts"}],"about":[{"href":"https:\/\/sgvaimudar.com.br\/index.php\/wp-json\/wp\/v2\/types\/post"}],"author":[{"embeddable":true,"href":"https:\/\/sgvaimudar.com.br\/index.php\/wp-json\/wp\/v2\/users\/5"}],"replies":[{"embeddable":true,"href":"https:\/\/sgvaimudar.com.br\/index.php\/wp-json\/wp\/v2\/comments?post=22438"}],"version-history":[{"count":1,"href":"https:\/\/sgvaimudar.com.br\/index.php\/wp-json\/wp\/v2\/posts\/22438\/revisions"}],"predecessor-version":[{"id":22440,"href":"https:\/\/sgvaimudar.com.br\/index.php\/wp-json\/wp\/v2\/posts\/22438\/revisions\/22440"}],"wp:featuredmedia":[{"embeddable":true,"href":"https:\/\/sgvaimudar.com.br\/index.php\/wp-json\/wp\/v2\/media\/22439"}],"wp:attachment":[{"href":"https:\/\/sgvaimudar.com.br\/index.php\/wp-json\/wp\/v2\/media?parent=22438"}],"wp:term":[{"taxonomy":"category","embeddable":true,"href":"https:\/\/sgvaimudar.com.br\/index.php\/wp-json\/wp\/v2\/categories?post=22438"},{"taxonomy":"post_tag","embeddable":true,"href":"https:\/\/sgvaimudar.com.br\/index.php\/wp-json\/wp\/v2\/tags?post=22438"}],"curies":[{"name":"wp","href":"https:\/\/api.w.org\/{rel}","templated":true}]}}