{"id":22409,"date":"2025-03-24T13:00:00","date_gmt":"2025-03-24T16:00:00","guid":{"rendered":"https:\/\/sgvaimudar.com.br\/?p=22409"},"modified":"2025-03-24T11:47:17","modified_gmt":"2025-03-24T14:47:17","slug":"tre-rj-elege-e-da-posse-a-novo-presidente-na-quarta-feira-26","status":"publish","type":"post","link":"https:\/\/sgvaimudar.com.br\/index.php\/2025\/03\/24\/tre-rj-elege-e-da-posse-a-novo-presidente-na-quarta-feira-26\/","title":{"rendered":"TRE-RJ elege e d\u00e1 posse a novo presidente na quarta-feira 26"},"content":{"rendered":"\n<p><em>Magistrado foi escolhido pelo Pleno do TJ-RJ e vai tomar posse nesta quarta-feira (26)<\/em><\/p>\n\n\n\n<p>A sess\u00e3o solene de elei\u00e7\u00e3o e posse do novo presidente do Tribunal Regional Eleitoral do Rio de Janeiro (TRE-RJ) ser\u00e1 realizada na pr\u00f3xima quarta-feira (26), \u00e0s 17h, no Plen\u00e1rio Ministro Waldemar Zveiter, no Tribunal de Justi\u00e7a do Estado do Rio de Janeiro (TJRJ), no Centro do Rio.<\/p>\n\n\n\n<p>No in\u00edcio da solenidade, o desembargador estadual Claudio de Mello Tavares ser\u00e1 empossado como membro titular da Corte Eleitoral fluminense, para um mandato de dois anos. Pela Constitui\u00e7\u00e3o Federal, apenas os membros titulares da Corte que ocupam as vagas destinadas aos desembargadores estaduais podem concorrer \u00e0 Presid\u00eancia.<\/p>\n\n\n\n<p>Assim, os dois desembargadores estaduais Peterson Barroso Sim\u00e3o, atual vice-presidente e corregedor regional eleitoral, e Claudio de Mello Tavares devem pronunciar-se sobre o interesse em concorrer \u00e0 Presid\u00eancia. A elei\u00e7\u00e3o \u00e9 decidida em vota\u00e7\u00e3o dos sete membros do Colegiado do TRE-RJ.<\/p>\n\n\n\n<p>O magistrado foi escolhido pelo Pleno do Tribunal de Justi\u00e7a do Rio de Janeiro (TJRJ) para compor a Corte Eleitoral fluminense ap\u00f3s o t\u00e9rmino do bi\u00eanio do desembargador Henrique Carlos de Andrade Figueira, atual presidente do TRE-RJ, que se encerra em 24 de mar\u00e7o.<\/p>\n\n\n\n<p>Presidente do Tribunal de Justi\u00e7a do Estado do Rio no bi\u00eanio 2019-2020, o magistrado atuou ainda como corregedor-geral da Justi\u00e7a (2017-2018) e foi conselheiro da Associa\u00e7\u00e3o de Magistrados do Estado do Rio de Janeiro (Amaerj) entre 2004 a 2005. Bacharel em Direito pela Universidade C\u00e2ndido Mendes, tomou posse como desembargador em 1998.<\/p>\n\n\n\n<p><strong>Servi\u00e7o<\/strong><\/p>\n\n\n\n<p><strong>Evento: Cerim\u00f4nia de posse do presidente e do vice-presidente e corregedor do TRE-RJ<\/strong><\/p>\n\n\n\n<p>Data: quarta-feira, 26 de mar\u00e7o de 2025<\/p>\n\n\n\n<p>Hor\u00e1rio: 17h<\/p>\n\n\n\n<p>Local: Plen\u00e1rio Ministro Waldemar Zveiter do Tribunal de Justi\u00e7a do Estado do Rio de Janeiro<\/p>\n\n\n\n<p>Endere\u00e7o: Rua Dom Manuel, s\/n, 10\u00ba andar, Centro do Rio.<\/p>\n\n\n\n<p><strong><em>S\u00e3o Gon\u00e7alo vai mudar: Not\u00edcias de S\u00e3o Gon\u00e7alo e toda regi\u00e3o.<\/em><\/strong><\/p>\n\n\n\n<figure class=\"wp-block-image size-full\"><img decoding=\"async\" width=\"317\" height=\"110\" src=\"https:\/\/sgvaimudar.com.br\/wp-content\/uploads\/2023\/08\/cropped-Logo-Provisoria-2-2.png\" alt=\"\" class=\"wp-image-2782\" srcset=\"https:\/\/sgvaimudar.com.br\/wp-content\/uploads\/2023\/08\/cropped-Logo-Provisoria-2-2.png 317w, https:\/\/sgvaimudar.com.br\/wp-content\/uploads\/2023\/08\/cropped-Logo-Provisoria-2-2-300x104.png 300w\" sizes=\"(max-width: 317px) 100vw, 317px\" \/><\/figure>\n","protected":false},"excerpt":{"rendered":"<p>Magistrado foi escolhido pelo Pleno do TJ-RJ e vai tomar posse nesta quarta-feira (26) A sess\u00e3o solene de elei\u00e7\u00e3o e&hellip;<\/p>\n","protected":false},"author":5,"featured_media":22410,"comment_status":"open","ping_status":"open","sticky":false,"template":"","format":"standard","meta":{"fifu_image_url":"","fifu_image_alt":"","footnotes":""},"categories":[4],"tags":[74,47,73],"class_list":["post-22409","post","type-post","status-publish","format-standard","has-post-thumbnail","hentry","category-brasil","tag-eleicao","tag-rj","tag-votacao"],"_links":{"self":[{"href":"https:\/\/sgvaimudar.com.br\/index.php\/wp-json\/wp\/v2\/posts\/22409","targetHints":{"allow":["GET"]}}],"collection":[{"href":"https:\/\/sgvaimudar.com.br\/index.php\/wp-json\/wp\/v2\/posts"}],"about":[{"href":"https:\/\/sgvaimudar.com.br\/index.php\/wp-json\/wp\/v2\/types\/post"}],"author":[{"embeddable":true,"href":"https:\/\/sgvaimudar.com.br\/index.php\/wp-json\/wp\/v2\/users\/5"}],"replies":[{"embeddable":true,"href":"https:\/\/sgvaimudar.com.br\/index.php\/wp-json\/wp\/v2\/comments?post=22409"}],"version-history":[{"count":1,"href":"https:\/\/sgvaimudar.com.br\/index.php\/wp-json\/wp\/v2\/posts\/22409\/revisions"}],"predecessor-version":[{"id":22411,"href":"https:\/\/sgvaimudar.com.br\/index.php\/wp-json\/wp\/v2\/posts\/22409\/revisions\/22411"}],"wp:featuredmedia":[{"embeddable":true,"href":"https:\/\/sgvaimudar.com.br\/index.php\/wp-json\/wp\/v2\/media\/22410"}],"wp:attachment":[{"href":"https:\/\/sgvaimudar.com.br\/index.php\/wp-json\/wp\/v2\/media?parent=22409"}],"wp:term":[{"taxonomy":"category","embeddable":true,"href":"https:\/\/sgvaimudar.com.br\/index.php\/wp-json\/wp\/v2\/categories?post=22409"},{"taxonomy":"post_tag","embeddable":true,"href":"https:\/\/sgvaimudar.com.br\/index.php\/wp-json\/wp\/v2\/tags?post=22409"}],"curies":[{"name":"wp","href":"https:\/\/api.w.org\/{rel}","templated":true}]}}