{"id":22402,"date":"2025-03-24T11:00:00","date_gmt":"2025-03-24T14:00:00","guid":{"rendered":"https:\/\/sgvaimudar.com.br\/?p=22402"},"modified":"2025-03-24T11:09:26","modified_gmt":"2025-03-24T14:09:26","slug":"itaborai-abre-chamada-publica-para-aquisicao-de-alimentos-da-agricultura-familiar-para-a-merenda-escolar","status":"publish","type":"post","link":"https:\/\/sgvaimudar.com.br\/index.php\/2025\/03\/24\/itaborai-abre-chamada-publica-para-aquisicao-de-alimentos-da-agricultura-familiar-para-a-merenda-escolar\/","title":{"rendered":"Itabora\u00ed abre chamada p\u00fablica para aquisi\u00e7\u00e3o de alimentos da agricultura familiar para a merenda escolar"},"content":{"rendered":"\n<p><em>O processo \u00e9 voltado para associa\u00e7\u00f5es, cooperativas e agricultores individuais interessados em fornecer alimentos para os estudantes do munic\u00edpio<\/em><\/p>\n\n\n\n<p>A Prefeitura de Itabora\u00ed, por meio da Secretaria Municipal de Educa\u00e7\u00e3o (Semed), lan\u00e7ou uma chamada p\u00fablica para a aquisi\u00e7\u00e3o de g\u00eaneros aliment\u00edcios da agricultura familiar, destinados \u00e0 merenda escolar da rede municipal de ensino. <\/p>\n\n\n\n<p>A primeira etapa do processo \u00e9 chamada de \u201chabilita\u00e7\u00e3o\u201d. Nesta etapa, os interessados devem entregar a documenta\u00e7\u00e3o (envelope 001) e o projeto de venda (envelope 002) do dia 20 de mar\u00e7o at\u00e9 o dia 16 de abril de 2025. Ambos os documentos devem ser entregues na Secretaria Municipal de Agricultura (Semagri).<\/p>\n\n\n\n<figure class=\"wp-block-image size-large\"><img fetchpriority=\"high\" decoding=\"async\" width=\"1024\" height=\"768\" src=\"https:\/\/sgvaimudar.com.br\/wp-content\/uploads\/2025\/03\/Itaborai-abre-chamada-publica-para-aquisicao-de-alimentos-da-agricultura-familiar-para-a-merenda-escolar-1024x768.jpeg\" alt=\"\" class=\"wp-image-22403\" srcset=\"https:\/\/sgvaimudar.com.br\/wp-content\/uploads\/2025\/03\/Itaborai-abre-chamada-publica-para-aquisicao-de-alimentos-da-agricultura-familiar-para-a-merenda-escolar-1024x768.jpeg 1024w, https:\/\/sgvaimudar.com.br\/wp-content\/uploads\/2025\/03\/Itaborai-abre-chamada-publica-para-aquisicao-de-alimentos-da-agricultura-familiar-para-a-merenda-escolar-300x225.jpeg 300w, https:\/\/sgvaimudar.com.br\/wp-content\/uploads\/2025\/03\/Itaborai-abre-chamada-publica-para-aquisicao-de-alimentos-da-agricultura-familiar-para-a-merenda-escolar-768x576.jpeg 768w, https:\/\/sgvaimudar.com.br\/wp-content\/uploads\/2025\/03\/Itaborai-abre-chamada-publica-para-aquisicao-de-alimentos-da-agricultura-familiar-para-a-merenda-escolar-1536x1152.jpeg 1536w, https:\/\/sgvaimudar.com.br\/wp-content\/uploads\/2025\/03\/Itaborai-abre-chamada-publica-para-aquisicao-de-alimentos-da-agricultura-familiar-para-a-merenda-escolar.jpeg 1600w\" sizes=\"(max-width: 1024px) 100vw, 1024px\" \/><\/figure>\n\n\n\n<p>A segunda etapa do processo consiste na abertura dos envelopes, que ocorrer\u00e1 na Escola Municipal Ant\u00f4nio Santos da Silva, em Venda das Pedras, seguindo o seguinte cronograma:<br>\u2022 28 de abril de 2025 \u2013 Abertura dos envelopes das associa\u00e7\u00f5es e cooperativas<br>\u2022 29 de abril de 2025 \u2013 Abertura dos envelopes dos agricultores individuais<\/p>\n\n\n\n<p>Ap\u00f3s essa fase, entre os dias 5 e 9 de maio de 2025, ser\u00e1 realizado o mapeamento dos g\u00eaneros aliment\u00edcios e a divulga\u00e7\u00e3o dos classificados. A formaliza\u00e7\u00e3o dos contratos ocorrer\u00e1 nos dias 13 e 14 de maio de 2025.<\/p>\n\n\n\n<p>O secret\u00e1rio municipal de Educa\u00e7\u00e3o, Mauricilio Rodrigues, destacou a import\u00e2ncia da iniciativa.<\/p>\n\n\n\n<p>\u201cEssa chamada p\u00fablica fortalece a agricultura familiar e garante alimentos frescos e de qualidade na merenda escolar, beneficiando tanto os nossos produtores locais quanto os estudantes da rede municipal\u201d, afirmou Mauricilio.<\/p>\n\n\n\n<p>Para mais informa\u00e7\u00f5es, os interessados podem consultar o edital completo da chamada p\u00fablica atrav\u00e9s do Di\u00e1rio Oficial do munic\u00edpio ano VII N\u00b0 52, publicado no dia 13\/03\/2025.<\/p>\n\n\n\n<p><strong><em>S\u00e3o Gon\u00e7alo vai mudar: Not\u00edcias de S\u00e3o Gon\u00e7alo e toda regi\u00e3o.<\/em><\/strong><\/p>\n\n\n\n<figure class=\"wp-block-image size-full\"><img decoding=\"async\" width=\"317\" height=\"110\" src=\"https:\/\/sgvaimudar.com.br\/wp-content\/uploads\/2023\/08\/cropped-Logo-Provisoria-2-2.png\" alt=\"\" class=\"wp-image-2782\" srcset=\"https:\/\/sgvaimudar.com.br\/wp-content\/uploads\/2023\/08\/cropped-Logo-Provisoria-2-2.png 317w, https:\/\/sgvaimudar.com.br\/wp-content\/uploads\/2023\/08\/cropped-Logo-Provisoria-2-2-300x104.png 300w\" sizes=\"(max-width: 317px) 100vw, 317px\" \/><\/figure>\n","protected":false},"excerpt":{"rendered":"<p>O processo \u00e9 voltado para associa\u00e7\u00f5es, cooperativas e agricultores individuais interessados em fornecer alimentos para os estudantes do munic\u00edpio A&hellip;<\/p>\n","protected":false},"author":5,"featured_media":22404,"comment_status":"open","ping_status":"open","sticky":false,"template":"","format":"standard","meta":{"fifu_image_url":"","fifu_image_alt":"","footnotes":""},"categories":[36],"tags":[47],"class_list":["post-22402","post","type-post","status-publish","format-standard","has-post-thumbnail","hentry","category-bem-estar","tag-rj"],"_links":{"self":[{"href":"https:\/\/sgvaimudar.com.br\/index.php\/wp-json\/wp\/v2\/posts\/22402","targetHints":{"allow":["GET"]}}],"collection":[{"href":"https:\/\/sgvaimudar.com.br\/index.php\/wp-json\/wp\/v2\/posts"}],"about":[{"href":"https:\/\/sgvaimudar.com.br\/index.php\/wp-json\/wp\/v2\/types\/post"}],"author":[{"embeddable":true,"href":"https:\/\/sgvaimudar.com.br\/index.php\/wp-json\/wp\/v2\/users\/5"}],"replies":[{"embeddable":true,"href":"https:\/\/sgvaimudar.com.br\/index.php\/wp-json\/wp\/v2\/comments?post=22402"}],"version-history":[{"count":1,"href":"https:\/\/sgvaimudar.com.br\/index.php\/wp-json\/wp\/v2\/posts\/22402\/revisions"}],"predecessor-version":[{"id":22405,"href":"https:\/\/sgvaimudar.com.br\/index.php\/wp-json\/wp\/v2\/posts\/22402\/revisions\/22405"}],"wp:featuredmedia":[{"embeddable":true,"href":"https:\/\/sgvaimudar.com.br\/index.php\/wp-json\/wp\/v2\/media\/22404"}],"wp:attachment":[{"href":"https:\/\/sgvaimudar.com.br\/index.php\/wp-json\/wp\/v2\/media?parent=22402"}],"wp:term":[{"taxonomy":"category","embeddable":true,"href":"https:\/\/sgvaimudar.com.br\/index.php\/wp-json\/wp\/v2\/categories?post=22402"},{"taxonomy":"post_tag","embeddable":true,"href":"https:\/\/sgvaimudar.com.br\/index.php\/wp-json\/wp\/v2\/tags?post=22402"}],"curies":[{"name":"wp","href":"https:\/\/api.w.org\/{rel}","templated":true}]}}