{"id":22398,"date":"2025-03-24T10:50:00","date_gmt":"2025-03-24T13:50:00","guid":{"rendered":"https:\/\/sgvaimudar.com.br\/?p=22398"},"modified":"2025-03-24T10:46:51","modified_gmt":"2025-03-24T13:46:51","slug":"acusado-de-trafico-e-foragido-da-policia-sao-presos-na-favela-do-rato-molhado-em-itaborai-videos","status":"publish","type":"post","link":"https:\/\/sgvaimudar.com.br\/index.php\/2025\/03\/24\/acusado-de-trafico-e-foragido-da-policia-sao-presos-na-favela-do-rato-molhado-em-itaborai-videos\/","title":{"rendered":"Acusado de tr\u00e1fico e foragido da pol\u00edcia s\u00e3o presos na Favela do Rato Molhado, em Itabora\u00ed; V\u00eddeos"},"content":{"rendered":"\n<p><em>Ocorr\u00eancia foi registrada na 71\u00ba DP. Os dois permaneceram presos<\/em><\/p>\n\n\n\n<p>A Pol\u00edcia do Seguran\u00e7a Presente de Itabora\u00ed prendeu, dois homens, um deles que confessou para pol\u00edcia ser do tr\u00e1fico de drogas da Favela do Rato Molhado, no bairro Amplia\u00e7\u00e3o, em Itabora\u00ed, na noite da \u00faltima sexta-feira (21\/3).<\/p>\n\n\n\n<p>O suspeito, identificado como Carlos Alexandre Mendes Silva, de 18 anos, foi abordado pelos agentes durante um patrulhamento na Rua Jo\u00e3o Dias Filho. Segundo a PM, ele ficou nervoso e tentou fugir.<\/p>\n\n\n\n<figure class=\"wp-block-video\"><video height=\"478\" style=\"aspect-ratio: 848 \/ 478;\" width=\"848\" controls src=\"https:\/\/sgvaimudar.com.br\/wp-content\/uploads\/2025\/03\/WhatsApp-Video-2025-03-24-at-08.12.52.mp4\"><\/video><\/figure>\n\n\n\n<p><strong>DIN\u00c2MICA <\/strong>&#8211; Segundo a PM, Carlos Alexandre sa\u00eda de um ponto de venda de entorpecentes quando deu de cara com a presen\u00e7a da pol\u00edcia. Com ele os agentes encontraram: 49 gramas de coca\u00edna e quase R$ 200,00 em esp\u00e9cie.<\/p>\n\n\n\n<p>De acordo com os agentes, o envolvido identificado como Gilvanei An\u00edsio Teodoro, de 36 anos, informou ser usu\u00e1rio de drogas e que acabara de adquirir o material. No entanto, contra ele havia havia um mandado de pris\u00e3o em aberto.<\/p>\n\n\n\n<p>Diante dos fatos a equipe policial procedeu com eles e o material at\u00e9 a 71\u00aa UPJ, a fim de serem adotadas as medidas de praxe.<\/p>\n\n\n\n<p>A PM frisou que os suspeitos tiveram os seus direitos constitucionais garantidos e que fora necess\u00e1rio fazer o uso das algemas, a fim de evitar a fuga dos presos, bem como garantir a integridade f\u00edsica dos mesmos.<\/p>\n\n\n\n<figure class=\"wp-block-video\"><\/figure>\n\n\n\n<p>Na delegacia, Carlos Alexandre foi autuado no artigo 33 da Lei 11.343\/06, por vender, comprar, produzir, guardar, transportar, importar, exportar, oferecer ou entregar para consumo, mesmo que de gra\u00e7a, dentre outras condutas com pena: cinco a 15 anos de reclus\u00e3o e pagamento de multa de R$ 500 \u00e0 R$ 1.500,00 dias-multa e ficou preso.<\/p>\n\n\n\n<p>J\u00e1 Gilvanei foi autuado no art 28 da Lei 11.343\/06 pelo crime de adquirir, guardar, ter em dep\u00f3sito, transportar ou trazer consigo, para consumo pessoal, drogas, sem autoriza\u00e7\u00e3o ou em desacordo com a determina\u00e7\u00e3o legal, teve o seu mandado de pris\u00e3o cumprido na referia distrital e permaneceu preso.<\/p>\n\n\n\n<p><strong><em>Fa\u00e7a sua den\u00fancia pelo nosso WhatsApp: (21) <\/em><\/strong><strong><em>99744 5345<\/em><\/strong><strong><em><\/em><\/strong><\/p>\n\n\n\n<p><strong><em>S\u00e3o Gon\u00e7alo vai mudar: Not\u00edcias de S\u00e3o Gon\u00e7alo e toda regi\u00e3o.<\/em><\/strong><\/p>\n\n\n\n<figure class=\"wp-block-image size-full\"><img decoding=\"async\" width=\"317\" height=\"110\" src=\"https:\/\/sgvaimudar.com.br\/wp-content\/uploads\/2023\/08\/cropped-Logo-Provisoria-2-2.png\" alt=\"\" class=\"wp-image-2782\" srcset=\"https:\/\/sgvaimudar.com.br\/wp-content\/uploads\/2023\/08\/cropped-Logo-Provisoria-2-2.png 317w, https:\/\/sgvaimudar.com.br\/wp-content\/uploads\/2023\/08\/cropped-Logo-Provisoria-2-2-300x104.png 300w\" sizes=\"(max-width: 317px) 100vw, 317px\" \/><\/figure>\n","protected":false},"excerpt":{"rendered":"<p>Ocorr\u00eancia foi registrada na 71\u00ba DP. Os dois permaneceram presos A Pol\u00edcia do Seguran\u00e7a Presente de Itabora\u00ed prendeu, dois homens,&hellip;<\/p>\n","protected":false},"author":5,"featured_media":22400,"comment_status":"open","ping_status":"open","sticky":false,"template":"","format":"standard","meta":{"fifu_image_url":"","fifu_image_alt":"","footnotes":""},"categories":[32],"tags":[39,41,40,47],"class_list":["post-22398","post","type-post","status-publish","format-standard","has-post-thumbnail","hentry","category-casos-de-policia","tag-ataque","tag-conflito","tag-guerra","tag-rj"],"_links":{"self":[{"href":"https:\/\/sgvaimudar.com.br\/index.php\/wp-json\/wp\/v2\/posts\/22398","targetHints":{"allow":["GET"]}}],"collection":[{"href":"https:\/\/sgvaimudar.com.br\/index.php\/wp-json\/wp\/v2\/posts"}],"about":[{"href":"https:\/\/sgvaimudar.com.br\/index.php\/wp-json\/wp\/v2\/types\/post"}],"author":[{"embeddable":true,"href":"https:\/\/sgvaimudar.com.br\/index.php\/wp-json\/wp\/v2\/users\/5"}],"replies":[{"embeddable":true,"href":"https:\/\/sgvaimudar.com.br\/index.php\/wp-json\/wp\/v2\/comments?post=22398"}],"version-history":[{"count":1,"href":"https:\/\/sgvaimudar.com.br\/index.php\/wp-json\/wp\/v2\/posts\/22398\/revisions"}],"predecessor-version":[{"id":22401,"href":"https:\/\/sgvaimudar.com.br\/index.php\/wp-json\/wp\/v2\/posts\/22398\/revisions\/22401"}],"wp:featuredmedia":[{"embeddable":true,"href":"https:\/\/sgvaimudar.com.br\/index.php\/wp-json\/wp\/v2\/media\/22400"}],"wp:attachment":[{"href":"https:\/\/sgvaimudar.com.br\/index.php\/wp-json\/wp\/v2\/media?parent=22398"}],"wp:term":[{"taxonomy":"category","embeddable":true,"href":"https:\/\/sgvaimudar.com.br\/index.php\/wp-json\/wp\/v2\/categories?post=22398"},{"taxonomy":"post_tag","embeddable":true,"href":"https:\/\/sgvaimudar.com.br\/index.php\/wp-json\/wp\/v2\/tags?post=22398"}],"curies":[{"name":"wp","href":"https:\/\/api.w.org\/{rel}","templated":true}]}}