{"id":22385,"date":"2025-03-24T09:00:00","date_gmt":"2025-03-24T12:00:00","guid":{"rendered":"https:\/\/sgvaimudar.com.br\/?p=22385"},"modified":"2025-03-24T08:30:47","modified_gmt":"2025-03-24T11:30:47","slug":"sao-goncalo-amplia-atendimento-a-pacientes-com-tuberculose","status":"publish","type":"post","link":"https:\/\/sgvaimudar.com.br\/index.php\/2025\/03\/24\/sao-goncalo-amplia-atendimento-a-pacientes-com-tuberculose\/","title":{"rendered":"S\u00e3o Gon\u00e7alo amplia atendimento a pacientes com tuberculose"},"content":{"rendered":"\n<p><em>Todas as unidades de sa\u00fade da fam\u00edlia, cl\u00ednicas e polos fazem exame para detectar a doen\u00e7a<\/em><\/p>\n\n\n\n<p>A tuberculose tem o Dia Mundial de Combate lembrado em 24 de mar\u00e7o. Embora a doen\u00e7a seja evit\u00e1vel e cur\u00e1vel, ela ainda acomete os gon\u00e7alenses. Para facilitar o acesso da popula\u00e7\u00e3o \u00e0 consulta e exame para a detec\u00e7\u00e3o da doen\u00e7a, a Secretaria de Sa\u00fade da Prefeitura de S\u00e3o Gon\u00e7alo descentralizou os atendimentos e todas as unidades de sa\u00fade da fam\u00edlia (USFs), cl\u00ednicas e polos sanit\u00e1rios passaram a realizar esse primeiro contato.&nbsp;&nbsp;S\u00e3o Gon\u00e7alo contabilizou 894 casos de tuberculose em 2024. Neste ano, at\u00e9 o dia 14 de mar\u00e7o, foram 180.&nbsp;<\/p>\n\n\n\n<p>A amplia\u00e7\u00e3o \u2013 mais uma conquista do governo do prefeito Capit\u00e3o Nelson \u2013 foi feita durante todo o ano de 2024 e in\u00edcio de 2025 \u2013 com capacita\u00e7\u00f5es para os servidores da Aten\u00e7\u00e3o B\u00e1sica. \u201cAntes, faz\u00edamos os exames em cinco unidades. No ano passado, chegamos a 35. E este ano conseguimos que todas as unidades da Aten\u00e7\u00e3o B\u00e1sica fossem capacitadas para a realiza\u00e7\u00e3o da consulta e dos exames para a detec\u00e7\u00e3o da tuberculose no paciente sintom\u00e1tico\u201d, explicou o secret\u00e1rio de Sa\u00fade, Gabriel Mello.\u00a0<\/p>\n\n\n\n<p>Quando o exame testa positivo, os pacientes s\u00e3o encaminhados para o tratamento, que tamb\u00e9m teve o atendimento ampliado de quatro para 26 pontos de sa\u00fade. Os locais s\u00e3o refer\u00eancias no Sistema \u00danico de Sa\u00fade (SUS) e n\u00e3o necessitam de agendamento (veja locais de tratamento abaixo). Al\u00e9m da possibilidade de cura da doen\u00e7a, o tratamento cont\u00ednuo e ininterrupto oferece cart\u00e3o alimenta\u00e7\u00e3o, uma vez por m\u00eas, aos pacientes.\u00a0\u00a0<\/p>\n\n\n\n<p>O combate \u00e0 forma grave da doen\u00e7a come\u00e7a com os beb\u00eas atrav\u00e9s da vacina BCG, que faz parte do calend\u00e1rio de rotina das unidades de sa\u00fade e \u00e9 aplicada assim que os beb\u00eas nascem at\u00e9 os 4 anos, 11 meses e 29 dias. Quando adultos, a doen\u00e7a pode se manifestar de forma mais branda e at\u00e9 assintom\u00e1tica. Por isso, \u00e9 importante ficar atento aos sinais que o organismo d\u00e1.\u00a0<\/p>\n\n\n\n<p>\u201cOs adultos que apresentarem tosse por mais de duas semanas (principal sintoma da tuberculose), febre baixa, falta de apetite, perda de peso, cansa\u00e7o excessivo, falta de ar e suor noturno devem procurar uma unidade de sa\u00fade para fazer o exame. O tratamento tem dura\u00e7\u00e3o, em m\u00e9dia, de seis meses. Ele n\u00e3o deve ser interrompido, pois pode levar o paciente \u00e0 resist\u00eancia aos antibi\u00f3ticos ou complica\u00e7\u00f5es que podem levar ao \u00f3bito. Al\u00e9m disso, pode aumentar o risco de transmiss\u00e3o da doen\u00e7a para outras pessoas\u201d, explicou a subsecret\u00e1ria de Sa\u00fade Coletiva, Thain\u00e1 Fratane.<\/p>\n\n\n\n<p>A tuberculose \u00e9 uma doen\u00e7a infectocontagiosa, transmitida por vias a\u00e9reas e afeta primariamente os pulm\u00f5es, mas pode acometer outros \u00f3rg\u00e3os e sistemas. Ela \u00e9 transmitida atrav\u00e9s da tosse, espirro e fala de uma pessoa contaminada. O simples uso de m\u00e1scaras impede a contamina\u00e7\u00e3o, n\u00e3o s\u00f3 da tuberculose, mas de tantas outras doen\u00e7as respirat\u00f3rias, principalmente nos ambientes fechados. A doen\u00e7a n\u00e3o \u00e9 transmitida atrav\u00e9s do uso de utens\u00edlios dom\u00e9sticos limpos.\u00a0<\/p>\n\n\n\n<p>&nbsp;&nbsp;&nbsp;\u201cEm 15 dias de tratamento com a medica\u00e7\u00e3o, o paciente n\u00e3o contamina mais outras pessoas. Com 30 dias, o paciente j\u00e1 melhora os sintomas, mas n\u00e3o est\u00e1 curado. Por isso, a continuidade do tratamento \u00e9 t\u00e3o importante. O tratamento deve ser mantido para a cura completa do paciente e para que ele n\u00e3o transmita a doen\u00e7a para outras pessoas\u201d, explicou a coordenadora do Programa de Tuberculose, Rozania Maria Ferreira de Castro.<\/p>\n\n\n\n<p><strong>Locais de tratamento<\/strong>&nbsp;\u2013 Polos sanit\u00e1rios Paulo Marques Rangel, no Porto do Rosa; Washington Luiz Lopes, no Z\u00e9 Garoto; H\u00e9lio Cruz, em Alc\u00e2ntara; Augusto Sena, em Rio do Ouro; Cl\u00ednica da Fam\u00edlia Dr. Zerbini, no Arsenal; e USFs Armando Le\u00e3o Ferreira, Morro do Castro; David Capistrano, Ita\u00fana; Mahatma Gandhi, Jardim Calif\u00f3rnia; Jos\u00e9 Bruno Neto, Boa Vista; Antonina (Cruzeiro do Sul); \u00c1gua Mineral; Brasil\u00e2ndia; Tancredo Neves, Luiz Ca\u00e7ador; Luiz Carlos Prestes, Santa Catarina; Ana Nery, Gradim; Gladys Rodrigues Ramos Freitas, Santa Isabel; Marechal C\u00e2ndido Rondon, Coluband\u00ea; Adolfo Lutz, Amendoeira; Coelho; Doutel de Andrade, Maria Paula; Marilea Cardoso, J\u00f3quei; Louis Pasteur, Guaxindiba; An\u00edbal Porto, Monjolos; Agenor Jos\u00e9 da Silva, Jardim Catarina; Elza Borges, Santa Luzia e Roberto Silveira, Vista Alegre; sempre de segunda a sexta, das 8h \u00e0s 16h. As crian\u00e7as t\u00eam atendimento no H\u00e9lio Cruz e Washington Luiz nos mesmos dias e hor\u00e1rios.&nbsp;&nbsp;<\/p>\n\n\n\n<p><strong>Locais dos exames<\/strong>&nbsp;\u2013 A Secretaria de Sa\u00fade oferece o teste Baar (baciloscopia de escarro e cultura), Teste R\u00e1pido Molecular e de sensibilidade para as pessoas com tosse por mais de tr\u00eas semanas. Ele pode ser feito de segunda a sexta, das 8h \u00e0s 15h30, em todas as USFs, cl\u00ednicas e polos sanit\u00e1rios. A \u00fanica exig\u00eancia \u00e9 que a pessoa esteja com tosse com secre\u00e7\u00e3o por mais de tr\u00eas semanas e entregue o exame em at\u00e9 duas horas ap\u00f3s a coleta. Os exames podem ser feitos sem agendamento pr\u00e9vio, de segunda a sexta, das 8h \u00e0s 16h.&nbsp;<\/p>\n\n\n\n<p>Outro tipo de exame \u00e9 o PPD, que \u00e9 realizado em pessoas que convivem com outras que tenham tuberculose ativa. Ele pode ser realizado nos polos sanit\u00e1rios Paulo Marques Rangel, no Porto do Rosa; Washington Luiz Lopes, no Z\u00e9 Garoto e H\u00e9lio Cruz, em Alc\u00e2ntara; e na Cl\u00ednica da Fam\u00edlia Dr. Zerbini, no Arsenal, toda segunda-feira, ter\u00e7a-feira e sexta-feira, das 8h \u00e0s 12h.\u00a0<\/p>\n\n\n\n<p><em>Foto: Julio Diniz<\/em><\/p>\n\n\n\n<p><strong><em>S\u00e3o Gon\u00e7alo vai mudar: Not\u00edcias de S\u00e3o Gon\u00e7alo e toda regi\u00e3o.<\/em><\/strong><\/p>\n\n\n\n<figure class=\"wp-block-image size-full\"><img decoding=\"async\" width=\"317\" height=\"110\" src=\"https:\/\/sgvaimudar.com.br\/wp-content\/uploads\/2023\/08\/cropped-Logo-Provisoria-2-2.png\" alt=\"\" class=\"wp-image-2782\" srcset=\"https:\/\/sgvaimudar.com.br\/wp-content\/uploads\/2023\/08\/cropped-Logo-Provisoria-2-2.png 317w, https:\/\/sgvaimudar.com.br\/wp-content\/uploads\/2023\/08\/cropped-Logo-Provisoria-2-2-300x104.png 300w\" sizes=\"(max-width: 317px) 100vw, 317px\" \/><\/figure>\n","protected":false},"excerpt":{"rendered":"<p>Todas as unidades de sa\u00fade da fam\u00edlia, cl\u00ednicas e polos fazem exame para detectar a doen\u00e7a A tuberculose tem o&hellip;<\/p>\n","protected":false},"author":5,"featured_media":22386,"comment_status":"open","ping_status":"open","sticky":false,"template":"","format":"standard","meta":{"fifu_image_url":"","fifu_image_alt":"","footnotes":""},"categories":[7],"tags":[47,75],"class_list":["post-22385","post","type-post","status-publish","format-standard","has-post-thumbnail","hentry","category-saude","tag-rj","tag-sao-goncalo"],"_links":{"self":[{"href":"https:\/\/sgvaimudar.com.br\/index.php\/wp-json\/wp\/v2\/posts\/22385","targetHints":{"allow":["GET"]}}],"collection":[{"href":"https:\/\/sgvaimudar.com.br\/index.php\/wp-json\/wp\/v2\/posts"}],"about":[{"href":"https:\/\/sgvaimudar.com.br\/index.php\/wp-json\/wp\/v2\/types\/post"}],"author":[{"embeddable":true,"href":"https:\/\/sgvaimudar.com.br\/index.php\/wp-json\/wp\/v2\/users\/5"}],"replies":[{"embeddable":true,"href":"https:\/\/sgvaimudar.com.br\/index.php\/wp-json\/wp\/v2\/comments?post=22385"}],"version-history":[{"count":1,"href":"https:\/\/sgvaimudar.com.br\/index.php\/wp-json\/wp\/v2\/posts\/22385\/revisions"}],"predecessor-version":[{"id":22387,"href":"https:\/\/sgvaimudar.com.br\/index.php\/wp-json\/wp\/v2\/posts\/22385\/revisions\/22387"}],"wp:featuredmedia":[{"embeddable":true,"href":"https:\/\/sgvaimudar.com.br\/index.php\/wp-json\/wp\/v2\/media\/22386"}],"wp:attachment":[{"href":"https:\/\/sgvaimudar.com.br\/index.php\/wp-json\/wp\/v2\/media?parent=22385"}],"wp:term":[{"taxonomy":"category","embeddable":true,"href":"https:\/\/sgvaimudar.com.br\/index.php\/wp-json\/wp\/v2\/categories?post=22385"},{"taxonomy":"post_tag","embeddable":true,"href":"https:\/\/sgvaimudar.com.br\/index.php\/wp-json\/wp\/v2\/tags?post=22385"}],"curies":[{"name":"wp","href":"https:\/\/api.w.org\/{rel}","templated":true}]}}