{"id":22373,"date":"2025-03-24T07:45:17","date_gmt":"2025-03-24T10:45:17","guid":{"rendered":"https:\/\/sgvaimudar.com.br\/?p=22373"},"modified":"2025-03-24T08:42:19","modified_gmt":"2025-03-24T11:42:19","slug":"forte-chuva-com-vento-atingiu-itaborai-e-sao-goncalo","status":"publish","type":"post","link":"https:\/\/sgvaimudar.com.br\/index.php\/2025\/03\/24\/forte-chuva-com-vento-atingiu-itaborai-e-sao-goncalo\/","title":{"rendered":"Forte chuva com vento atingiu Itabora\u00ed e  S\u00e3o Gon\u00e7alo; V\u00eddeo"},"content":{"rendered":"\n<p><em>Santa Izabel foi um dos bairros afetados pela mudan\u00e7a no tempo<\/em><\/p>\n\n\n\n<p>Choveu forte em S\u00e3o Gon\u00e7alo, na tarde deste domingo (23). O temporal atingiu bairros como Santa Izabel, Alc\u00e2ntara, Rio do Ouro e Raul Veiga acompanhado de ventos fortes e rel\u00e2mpagos.<\/p>\n\n\n\n<figure class=\"wp-block-video\"><video height=\"848\" style=\"aspect-ratio: 480 \/ 848;\" width=\"480\" controls src=\"https:\/\/sgvaimudar.com.br\/wp-content\/uploads\/2025\/03\/WhatsApp-Video-2025-03-23-at-16.45.02.mp4\"><\/video><\/figure>\n\n\n\n<p>Com a proximidade da chuva, a Prefeitura de Itabora\u00ed emitiu um alerta para a popula\u00e7\u00e3o sobre pancadas de chuva moderada a forte, de forma isolada, com incid\u00eancia de raios e rajadas de vento. O aviso foi divulgado atrav\u00e9s dos canais oficiais do munic\u00edpio.<\/p>\n\n\n\n<figure class=\"wp-block-video\"><video height=\"864\" style=\"aspect-ratio: 480 \/ 864;\" width=\"480\" controls src=\"https:\/\/sgvaimudar.com.br\/wp-content\/uploads\/2025\/03\/Snapinst.app_video_AQMqQT5RfhaUhihkGufpHcYVp3Wz8vsKvHeLdDPolvHV0pTCI98mLTDB8t9-GKWiE8Gx3P6FTEDfcSR8PjmjsdvxCZovEdzcxZledKo.mp4\"><\/video><\/figure>\n\n\n\n<p>N\u00e3o houve informa\u00e7\u00f5es de alagamentos, no entanto moradores de Santa Izabel denunciaram quedas de \u00e1rvores por causa da forte chuva.&nbsp;O monitoramento das condi\u00e7\u00f5es clim\u00e1ticas segue em andamento.<\/p>\n\n\n\n<p>Nas redes sociais os coment\u00e1rios foram variados sobre a situa\u00e7\u00e3o no momento. <\/p>\n\n\n\n<p>&#8220;No Sacramento choveu muito e tamb\u00e9m muito vento, mas agora j\u00e1 parou!!&#8221;, escreveu uma internauta. Mesma informa\u00e7\u00e3o de L\u00e9o Gouveia que disse que caiu muita chuva e vento em Rio do Ouro.<\/p>\n\n\n\n<p>&#8220;Boa noite Jefferson caramba muita chuva a\u00ed hein aqui na Trindade n\u00e3o t\u00e1 chovendo&#8221;, escreveu Ivanei do Coelho.<\/p>\n\n\n\n<p>Procurada, a Prefeitura de S\u00e3o Gon\u00e7alo informou que houve um incidente de queda de \u00e1rvore em Santa Isabel no domingo (23), que foi atendido pelo Corpo de Bombeiros. Segundo o Executivo, n\u00e3o houve outros acionamentos do tipo para a subsecretaria neste fim de semana.&nbsp;<\/p>\n\n\n\n<p>Nesta segunda-feira (24), o c\u00e9u varia de nublado a parcialmente nublado e h\u00e1 previs\u00e3o de chuva fraca isolada durante a manh\u00e3 e pancadas de chuva a partir da tarde. Os ventos variam de intensidade fraca a moderada durante o dia.&nbsp;<\/p>\n\n\n\n<p>&#8220;A Defesa Civil de S\u00e3o Gon\u00e7alo segue em alerta e permanece \u00e0 disposi\u00e7\u00e3o para eventuais demandas e situa\u00e7\u00f5es emergenciais&#8221;, disse a Prefeitura na nota.<\/p>\n\n\n\n<p><strong>ALERTA RIO <\/strong>&#8211; As condi\u00e7\u00f5es do tempo na cidade do Rio nesta segunda-feira ser\u00e3o influenciadas pela circula\u00e7\u00e3o de ventos em altos n\u00edveis da atmosfera, juntamente com o calor. Assim, a previs\u00e3o \u00e9 de c\u00e9u nublado a parcialmente nublado, com ocorr\u00eancia de pancadas de chuvas isoladas na tarde e noite. Os ventos estar\u00e3o fracos a moderados e as temperaturas est\u00e1veis, com m\u00e1xima prevista de 36\u00b0C.<\/p>\n\n\n\n<p><strong><em>S\u00e3o Gon\u00e7alo vai mudar: Not\u00edcias de S\u00e3o Gon\u00e7alo e toda regi\u00e3o.<\/em><\/strong><\/p>\n\n\n\n<figure class=\"wp-block-image size-full\"><img decoding=\"async\" width=\"317\" height=\"110\" src=\"https:\/\/sgvaimudar.com.br\/wp-content\/uploads\/2023\/08\/cropped-Logo-Provisoria-2-2.png\" alt=\"\" class=\"wp-image-2782\" srcset=\"https:\/\/sgvaimudar.com.br\/wp-content\/uploads\/2023\/08\/cropped-Logo-Provisoria-2-2.png 317w, https:\/\/sgvaimudar.com.br\/wp-content\/uploads\/2023\/08\/cropped-Logo-Provisoria-2-2-300x104.png 300w\" sizes=\"(max-width: 317px) 100vw, 317px\" \/><\/figure>\n","protected":false},"excerpt":{"rendered":"<p>Santa Izabel foi um dos bairros afetados pela mudan\u00e7a no tempo Choveu forte em S\u00e3o Gon\u00e7alo, na tarde deste domingo&hellip;<\/p>\n","protected":false},"author":5,"featured_media":22376,"comment_status":"open","ping_status":"open","sticky":false,"template":"","format":"standard","meta":{"fifu_image_url":"","fifu_image_alt":"","footnotes":""},"categories":[3],"tags":[47,75],"class_list":["post-22373","post","type-post","status-publish","format-standard","has-post-thumbnail","hentry","category-sao-goncalo","tag-rj","tag-sao-goncalo"],"_links":{"self":[{"href":"https:\/\/sgvaimudar.com.br\/index.php\/wp-json\/wp\/v2\/posts\/22373","targetHints":{"allow":["GET"]}}],"collection":[{"href":"https:\/\/sgvaimudar.com.br\/index.php\/wp-json\/wp\/v2\/posts"}],"about":[{"href":"https:\/\/sgvaimudar.com.br\/index.php\/wp-json\/wp\/v2\/types\/post"}],"author":[{"embeddable":true,"href":"https:\/\/sgvaimudar.com.br\/index.php\/wp-json\/wp\/v2\/users\/5"}],"replies":[{"embeddable":true,"href":"https:\/\/sgvaimudar.com.br\/index.php\/wp-json\/wp\/v2\/comments?post=22373"}],"version-history":[{"count":3,"href":"https:\/\/sgvaimudar.com.br\/index.php\/wp-json\/wp\/v2\/posts\/22373\/revisions"}],"predecessor-version":[{"id":22389,"href":"https:\/\/sgvaimudar.com.br\/index.php\/wp-json\/wp\/v2\/posts\/22373\/revisions\/22389"}],"wp:featuredmedia":[{"embeddable":true,"href":"https:\/\/sgvaimudar.com.br\/index.php\/wp-json\/wp\/v2\/media\/22376"}],"wp:attachment":[{"href":"https:\/\/sgvaimudar.com.br\/index.php\/wp-json\/wp\/v2\/media?parent=22373"}],"wp:term":[{"taxonomy":"category","embeddable":true,"href":"https:\/\/sgvaimudar.com.br\/index.php\/wp-json\/wp\/v2\/categories?post=22373"},{"taxonomy":"post_tag","embeddable":true,"href":"https:\/\/sgvaimudar.com.br\/index.php\/wp-json\/wp\/v2\/tags?post=22373"}],"curies":[{"name":"wp","href":"https:\/\/api.w.org\/{rel}","templated":true}]}}