{"id":22317,"date":"2025-03-21T21:00:00","date_gmt":"2025-03-22T00:00:00","guid":{"rendered":"https:\/\/sgvaimudar.com.br\/?p=22317"},"modified":"2025-03-21T12:17:15","modified_gmt":"2025-03-21T15:17:15","slug":"bolsonaro-resistiu-a-decisao-de-eduardo-de-permanecer-nos-eua","status":"publish","type":"post","link":"https:\/\/sgvaimudar.com.br\/index.php\/2025\/03\/21\/bolsonaro-resistiu-a-decisao-de-eduardo-de-permanecer-nos-eua\/","title":{"rendered":"Bolsonaro resistiu \u00e0 decis\u00e3o de Eduardo de permanecer nos EUA"},"content":{"rendered":"\n<p><em>Ex-presidente n\u00e3o gostou da decis\u00e3o do filho <\/em><\/p>\n\n\n\n<p>O ex-presidente Jair Bolsonaro (PL) tentou convencer o filho, o deputado federal Eduardo Bolsonaro (PL-SP), a n\u00e3o permanecer nos Estados Unidos. Bolsonaro foi informado sobre a decis\u00e3o no \u00faltimo s\u00e1bado (15), um dia antes da manifesta\u00e7\u00e3o no Rio de Janeiro em favor do projeto de lei da anistia.<\/p>\n\n\n\n<p>Fontes pr\u00f3ximas ao ex-presidente relataram que ele discordou da escolha de Eduardo e mobilizou aliados para faz\u00ea-lo desistir. Desde ent\u00e3o, Bolsonaro tentou contato com o filho diversas vezes por chamadas de v\u00eddeo e \u00e1udio, mas n\u00e3o obteve resposta.<\/p>\n\n\n\n<p>A decis\u00e3o de Eduardo foi compartilhada apenas com um grupo restrito de aliados. At\u00e9 ent\u00e3o, ele havia dito que participaria do ato de domingo no Brasil, mas acabou n\u00e3o comparecendo.<\/p>\n\n\n\n<p>A pessoas pr\u00f3ximas, o deputado mencionou receio de ter o passaporte apreendido por decis\u00e3o do Supremo Tribunal Federal (STF) e at\u00e9 de ser preso futuramente. No entanto, ele n\u00e3o \u00e9 investigado nem responde a qualquer inqu\u00e9rito judicial.<\/p>\n\n\n\n<p>Segundo fontes ouvidas a esposa do deputado, a psic\u00f3loga Helo\u00edsa Bolsonaro, tamb\u00e9m fez apelos para que ele permanecesse nos EUA pelos pr\u00f3ximos quatro meses.<\/p>\n\n\n\n<p>A decis\u00e3o pegou de surpresa grande parte do Partido Liberal e da c\u00fapula da legenda. Na \u00faltima ter\u00e7a-feira (18), deputados relataram que n\u00e3o foram informados nem houve qualquer alerta pr\u00e9vio \u00e0 bancada sobre a escolha do filho do ex-presidente.<\/p>\n\n\n\n<p>Aliados de Eduardo na C\u00e2mara avaliam que sua aus\u00eancia no pa\u00eds pode prejudicar a constru\u00e7\u00e3o de sua candidatura ao Senado, nas elei\u00e7\u00f5es de 2026.<\/p>\n\n\n\n<p><strong>OUTRO CASO <\/strong>&#8211; O epis\u00f3dio guarda semelhan\u00e7as com a experi\u00eancia do pr\u00f3prio Jair Bolsonaro ap\u00f3s a derrota nas elei\u00e7\u00f5es de 2022.<\/p>\n\n\n\n<p>Na \u00e9poca, o ex-presidente viajou aos EUA e permaneceu l\u00e1 por meses, mesmo diante de alertas de aliados sobre poss\u00edveis riscos de apreens\u00e3o de seu passaporte e at\u00e9 de pris\u00e3o.<\/p>\n\n\n\n<p>Ainda assim, Bolsonaro optou por voltar ao Brasil, temendo perder espa\u00e7o pol\u00edtico.<\/p>\n\n\n\n<p><em>Fonte: CNN<\/em><\/p>\n\n\n\n<figure class=\"wp-block-image size-full\"><img decoding=\"async\" width=\"317\" height=\"110\" src=\"https:\/\/sgvaimudar.com.br\/wp-content\/uploads\/2023\/08\/cropped-Logo-Provisoria-2-2.png\" alt=\"\" class=\"wp-image-2782\" srcset=\"https:\/\/sgvaimudar.com.br\/wp-content\/uploads\/2023\/08\/cropped-Logo-Provisoria-2-2.png 317w, https:\/\/sgvaimudar.com.br\/wp-content\/uploads\/2023\/08\/cropped-Logo-Provisoria-2-2-300x104.png 300w\" sizes=\"(max-width: 317px) 100vw, 317px\" \/><\/figure>\n","protected":false},"excerpt":{"rendered":"<p>Ex-presidente n\u00e3o gostou da decis\u00e3o do filho O ex-presidente Jair Bolsonaro (PL) tentou convencer o filho, o deputado federal Eduardo&hellip;<\/p>\n","protected":false},"author":5,"featured_media":22318,"comment_status":"open","ping_status":"open","sticky":false,"template":"","format":"standard","meta":{"fifu_image_url":"","fifu_image_alt":"","footnotes":""},"categories":[1],"tags":[41,74,73],"class_list":["post-22317","post","type-post","status-publish","format-standard","has-post-thumbnail","hentry","category-mundo","tag-conflito","tag-eleicao","tag-votacao"],"_links":{"self":[{"href":"https:\/\/sgvaimudar.com.br\/index.php\/wp-json\/wp\/v2\/posts\/22317","targetHints":{"allow":["GET"]}}],"collection":[{"href":"https:\/\/sgvaimudar.com.br\/index.php\/wp-json\/wp\/v2\/posts"}],"about":[{"href":"https:\/\/sgvaimudar.com.br\/index.php\/wp-json\/wp\/v2\/types\/post"}],"author":[{"embeddable":true,"href":"https:\/\/sgvaimudar.com.br\/index.php\/wp-json\/wp\/v2\/users\/5"}],"replies":[{"embeddable":true,"href":"https:\/\/sgvaimudar.com.br\/index.php\/wp-json\/wp\/v2\/comments?post=22317"}],"version-history":[{"count":1,"href":"https:\/\/sgvaimudar.com.br\/index.php\/wp-json\/wp\/v2\/posts\/22317\/revisions"}],"predecessor-version":[{"id":22319,"href":"https:\/\/sgvaimudar.com.br\/index.php\/wp-json\/wp\/v2\/posts\/22317\/revisions\/22319"}],"wp:featuredmedia":[{"embeddable":true,"href":"https:\/\/sgvaimudar.com.br\/index.php\/wp-json\/wp\/v2\/media\/22318"}],"wp:attachment":[{"href":"https:\/\/sgvaimudar.com.br\/index.php\/wp-json\/wp\/v2\/media?parent=22317"}],"wp:term":[{"taxonomy":"category","embeddable":true,"href":"https:\/\/sgvaimudar.com.br\/index.php\/wp-json\/wp\/v2\/categories?post=22317"},{"taxonomy":"post_tag","embeddable":true,"href":"https:\/\/sgvaimudar.com.br\/index.php\/wp-json\/wp\/v2\/tags?post=22317"}],"curies":[{"name":"wp","href":"https:\/\/api.w.org\/{rel}","templated":true}]}}