{"id":22314,"date":"2025-03-21T19:00:00","date_gmt":"2025-03-21T22:00:00","guid":{"rendered":"https:\/\/sgvaimudar.com.br\/?p=22314"},"modified":"2025-03-21T12:04:29","modified_gmt":"2025-03-21T15:04:29","slug":"casa-de-cultura-de-itaborai-abre-as-portas-neste-sabado-22-para-o-lancamento-do-primeiro-album-da-banda-limo","status":"publish","type":"post","link":"https:\/\/sgvaimudar.com.br\/index.php\/2025\/03\/21\/casa-de-cultura-de-itaborai-abre-as-portas-neste-sabado-22-para-o-lancamento-do-primeiro-album-da-banda-limo\/","title":{"rendered":"Casa de Cultura de Itabora\u00ed abre as portas neste s\u00e1bado 22 para o lan\u00e7amento do primeiro \u00e1lbum da banda Limo"},"content":{"rendered":"\n<p><em> Evento conta com o apoio da Secretaria Municipal de Turismo e Eventos (Semtur)<\/em><\/p>\n\n\n\n<p>A Casa de Cultura Helo\u00edsa Alberto Torres (CCHAT), no Centro, ser\u00e1 palco do lan\u00e7amento do primeiro \u00e1lbum da banda Limo, intitulado &#8220;Retratos de uma Velha Juventude&#8221;. O evento, acontecer\u00e1 neste s\u00e1bado (22\/03), \u00e0s 18h. A\u00e7\u00e3o vai contar com a participa\u00e7\u00e3o especial da banda Trama na abertura.<\/p>\n\n\n\n<p>Com lan\u00e7amento oficial nas plataformas digitais no dia 21 de mar\u00e7o, o \u00e1lbum apresenta uma experi\u00eancia musical intensa, misturando influ\u00eancias do grunge e p\u00f3s-grunge das d\u00e9cadas de 1990 e 2000, com um toque psicod\u00e9lico da m\u00fasica brasileira. As letras abordam temas como sa\u00fade mental e quest\u00f5es sociais, proporcionando uma imers\u00e3o sonora profunda e reflexiva.<\/p>\n\n\n\n<figure class=\"wp-block-image size-large\"><img fetchpriority=\"high\" decoding=\"async\" width=\"1024\" height=\"768\" src=\"https:\/\/sgvaimudar.com.br\/wp-content\/uploads\/2025\/03\/Casa-de-Cultura-abre-as-portas-para-o-lancamento-do-primeiro-album-da-banda-LIMO-1024x768.jpeg\" alt=\"\" class=\"wp-image-22315\" srcset=\"https:\/\/sgvaimudar.com.br\/wp-content\/uploads\/2025\/03\/Casa-de-Cultura-abre-as-portas-para-o-lancamento-do-primeiro-album-da-banda-LIMO-1024x768.jpeg 1024w, https:\/\/sgvaimudar.com.br\/wp-content\/uploads\/2025\/03\/Casa-de-Cultura-abre-as-portas-para-o-lancamento-do-primeiro-album-da-banda-LIMO-300x225.jpeg 300w, https:\/\/sgvaimudar.com.br\/wp-content\/uploads\/2025\/03\/Casa-de-Cultura-abre-as-portas-para-o-lancamento-do-primeiro-album-da-banda-LIMO-768x576.jpeg 768w, https:\/\/sgvaimudar.com.br\/wp-content\/uploads\/2025\/03\/Casa-de-Cultura-abre-as-portas-para-o-lancamento-do-primeiro-album-da-banda-LIMO.jpeg 1280w\" sizes=\"(max-width: 1024px) 100vw, 1024px\" \/><\/figure>\n\n\n\n<p>Formada em 2018 em Itabora\u00ed &#8211; RJ, a banda LIMO vem se destacando no cen\u00e1rio do rock alternativo. Com riffs marcantes e letras impactantes, o grupo vem conquistando espa\u00e7o e uma base fiel de f\u00e3s ao longo dos seus sete anos de trajet\u00f3ria. O primeiro \u00e1lbum da banda ser\u00e1 lan\u00e7ado pela distribuidora Eletric Funeral, consolidando uma nova etapa na carreira dos m\u00fasicos.<\/p>\n\n\n\n<p>O evento de lan\u00e7amento reafirma o compromisso da Prefeitura de Itabora\u00ed com a valoriza\u00e7\u00e3o da cultura local, promovendo e apoiando iniciativas que fortalecem o cen\u00e1rio art\u00edstico independente do munic\u00edpio.<\/p>\n\n\n\n<p><strong>Servi\u00e7o:<\/strong><\/p>\n\n\n\n<p><strong>Data:<\/strong>\u00a022 de mar\u00e7o<br><strong>Hor\u00e1rio:\u00a0<\/strong>18h<br><strong>Local:\u00a0<\/strong>Casa de Cultura Helo\u00edsa Alberto Torres.<\/p>\n\n\n\n<p><strong><em>S\u00e3o Gon\u00e7alo vai mudar: Not\u00edcias de S\u00e3o Gon\u00e7alo e toda regi\u00e3o.<\/em><\/strong><\/p>\n\n\n\n<figure class=\"wp-block-image size-full\"><img decoding=\"async\" width=\"317\" height=\"110\" src=\"https:\/\/sgvaimudar.com.br\/wp-content\/uploads\/2023\/08\/cropped-Logo-Provisoria-2-2.png\" alt=\"\" class=\"wp-image-2782\" srcset=\"https:\/\/sgvaimudar.com.br\/wp-content\/uploads\/2023\/08\/cropped-Logo-Provisoria-2-2.png 317w, https:\/\/sgvaimudar.com.br\/wp-content\/uploads\/2023\/08\/cropped-Logo-Provisoria-2-2-300x104.png 300w\" sizes=\"(max-width: 317px) 100vw, 317px\" \/><\/figure>\n","protected":false},"excerpt":{"rendered":"<p>Evento conta com o apoio da Secretaria Municipal de Turismo e Eventos (Semtur) A Casa de Cultura Helo\u00edsa Alberto Torres&hellip;<\/p>\n","protected":false},"author":5,"featured_media":16763,"comment_status":"open","ping_status":"open","sticky":false,"template":"","format":"standard","meta":{"fifu_image_url":"","fifu_image_alt":"","footnotes":""},"categories":[6],"tags":[47],"class_list":["post-22314","post","type-post","status-publish","format-standard","has-post-thumbnail","hentry","category-entretenimento","tag-rj"],"_links":{"self":[{"href":"https:\/\/sgvaimudar.com.br\/index.php\/wp-json\/wp\/v2\/posts\/22314","targetHints":{"allow":["GET"]}}],"collection":[{"href":"https:\/\/sgvaimudar.com.br\/index.php\/wp-json\/wp\/v2\/posts"}],"about":[{"href":"https:\/\/sgvaimudar.com.br\/index.php\/wp-json\/wp\/v2\/types\/post"}],"author":[{"embeddable":true,"href":"https:\/\/sgvaimudar.com.br\/index.php\/wp-json\/wp\/v2\/users\/5"}],"replies":[{"embeddable":true,"href":"https:\/\/sgvaimudar.com.br\/index.php\/wp-json\/wp\/v2\/comments?post=22314"}],"version-history":[{"count":1,"href":"https:\/\/sgvaimudar.com.br\/index.php\/wp-json\/wp\/v2\/posts\/22314\/revisions"}],"predecessor-version":[{"id":22316,"href":"https:\/\/sgvaimudar.com.br\/index.php\/wp-json\/wp\/v2\/posts\/22314\/revisions\/22316"}],"wp:featuredmedia":[{"embeddable":true,"href":"https:\/\/sgvaimudar.com.br\/index.php\/wp-json\/wp\/v2\/media\/16763"}],"wp:attachment":[{"href":"https:\/\/sgvaimudar.com.br\/index.php\/wp-json\/wp\/v2\/media?parent=22314"}],"wp:term":[{"taxonomy":"category","embeddable":true,"href":"https:\/\/sgvaimudar.com.br\/index.php\/wp-json\/wp\/v2\/categories?post=22314"},{"taxonomy":"post_tag","embeddable":true,"href":"https:\/\/sgvaimudar.com.br\/index.php\/wp-json\/wp\/v2\/tags?post=22314"}],"curies":[{"name":"wp","href":"https:\/\/api.w.org\/{rel}","templated":true}]}}