{"id":22305,"date":"2025-03-21T17:00:00","date_gmt":"2025-03-21T20:00:00","guid":{"rendered":"https:\/\/sgvaimudar.com.br\/?p=22305"},"modified":"2025-03-21T11:51:05","modified_gmt":"2025-03-21T14:51:05","slug":"sao-goncalo-tera-nova-interdicao-de-transito-no-bairro-camarao","status":"publish","type":"post","link":"https:\/\/sgvaimudar.com.br\/index.php\/2025\/03\/21\/sao-goncalo-tera-nova-interdicao-de-transito-no-bairro-camarao\/","title":{"rendered":"Aten\u00e7\u00e3o motoristas: Prefeitura faz nova interdi\u00e7\u00e3o de tr\u00e2nsito no bairro Camar\u00e3o\u00a0"},"content":{"rendered":"\n<p><em>Trecho inicial da Rua Rodrigues da Fonseca ser\u00e1 interditado<\/em><\/p>\n\n\n\n<p>A Secretaria de Transportes da Prefeitura de S\u00e3o Gon\u00e7alo vai realizar mais uma interdi\u00e7\u00e3o de tr\u00e2nsito para dar prosseguimento \u00e0s obras do trecho 2 do projeto Mobilidade Urbana Verde Integrada (Muvi). <\/p>\n\n\n\n<p>O trecho inicial da Rua Rodrigues da Fonseca, no bairro Camar\u00e3o, foi interditado. Agentes do tr\u00e2nsito auxiliaram o tr\u00e2nsito do local desde \u00e0s 8h da manh\u00e3 desta sexta-feira (21).<\/p>\n\n\n\n<figure class=\"wp-block-image size-large\"><img fetchpriority=\"high\" decoding=\"async\" width=\"819\" height=\"1024\" src=\"https:\/\/sgvaimudar.com.br\/wp-content\/uploads\/2025\/03\/unnamed-4-819x1024.png\" alt=\"\" class=\"wp-image-22306\" srcset=\"https:\/\/sgvaimudar.com.br\/wp-content\/uploads\/2025\/03\/unnamed-4-819x1024.png 819w, https:\/\/sgvaimudar.com.br\/wp-content\/uploads\/2025\/03\/unnamed-4-240x300.png 240w, https:\/\/sgvaimudar.com.br\/wp-content\/uploads\/2025\/03\/unnamed-4-768x960.png 768w, https:\/\/sgvaimudar.com.br\/wp-content\/uploads\/2025\/03\/unnamed-4.png 1080w\" sizes=\"(max-width: 819px) 100vw, 819px\" \/><\/figure>\n\n\n\n<p>Com isso, o tr\u00e2nsito da via interditada ser\u00e1 desviado pela Travessa Leon\u00eddia, seguindo pela Rua Maria Fonseca. J\u00e1 quem vier da Rua Francisco Portela poder\u00e1 entrar normalmente pela Travessa Jurema, seguindo pela Rua Zulmira para chegar at\u00e9 a parte da via liberada na Rua Rodrigues da Fonseca. Essa parte da via (ap\u00f3s a Rua Zulmira) ser\u00e1 m\u00e3o-dupla.<\/p>\n\n\n\n<p>A interven\u00e7\u00e3o ter\u00e1 dura\u00e7\u00e3o inicial de sete dias, podendo ser prorrogada caso necess\u00e1rio.<\/p>\n\n\n\n<p><strong>MUVI<\/strong>\u00a0\u2013 O projeto do Muvi \u00e9 executado gra\u00e7as a uma parceria entre o Governo do Estado do Rio de Janeiro, atrav\u00e9s da Secretaria das Cidades, e a Prefeitura de S\u00e3o Gon\u00e7alo. Trata-se do maior projeto de mobilidade urbana j\u00e1 realizado na cidade de S\u00e3o Gon\u00e7alo, com investimento de R$ 287 milh\u00f5es.<\/p>\n\n\n\n<p>O projeto foi elaborado pela Secretaria Municipal de Gest\u00e3o Integrada e Projetos Especiais (Semgipe) e prev\u00ea a cria\u00e7\u00e3o de um novo corredor vi\u00e1rio, com pistas preferenciais de \u00f4nibus e ciclovia, ligando o bairro de Neves a Guaxindiba, trecho onde s\u00e3o previstas v\u00e1rias interven\u00e7\u00f5es urban\u00edsticas e de paisagismo. O corredor vi\u00e1rio ter\u00e1 18 quil\u00f4metros de extens\u00e3o.<\/p>\n\n\n\n<p><strong><em>S\u00e3o Gon\u00e7alo vai mudar: Not\u00edcias de S\u00e3o Gon\u00e7alo e toda regi\u00e3o.<\/em><\/strong><\/p>\n\n\n\n<figure class=\"wp-block-image size-full\"><img decoding=\"async\" width=\"317\" height=\"110\" src=\"https:\/\/sgvaimudar.com.br\/wp-content\/uploads\/2023\/08\/cropped-Logo-Provisoria-2-2.png\" alt=\"\" class=\"wp-image-2782\" srcset=\"https:\/\/sgvaimudar.com.br\/wp-content\/uploads\/2023\/08\/cropped-Logo-Provisoria-2-2.png 317w, https:\/\/sgvaimudar.com.br\/wp-content\/uploads\/2023\/08\/cropped-Logo-Provisoria-2-2-300x104.png 300w\" sizes=\"(max-width: 317px) 100vw, 317px\" \/><\/figure>\n","protected":false},"excerpt":{"rendered":"<p>Trecho inicial da Rua Rodrigues da Fonseca ser\u00e1 interditado A Secretaria de Transportes da Prefeitura de S\u00e3o Gon\u00e7alo vai realizar&hellip;<\/p>\n","protected":false},"author":5,"featured_media":22307,"comment_status":"open","ping_status":"open","sticky":false,"template":"","format":"standard","meta":{"fifu_image_url":"","fifu_image_alt":"","footnotes":""},"categories":[3],"tags":[47,75],"class_list":["post-22305","post","type-post","status-publish","format-standard","has-post-thumbnail","hentry","category-sao-goncalo","tag-rj","tag-sao-goncalo"],"_links":{"self":[{"href":"https:\/\/sgvaimudar.com.br\/index.php\/wp-json\/wp\/v2\/posts\/22305","targetHints":{"allow":["GET"]}}],"collection":[{"href":"https:\/\/sgvaimudar.com.br\/index.php\/wp-json\/wp\/v2\/posts"}],"about":[{"href":"https:\/\/sgvaimudar.com.br\/index.php\/wp-json\/wp\/v2\/types\/post"}],"author":[{"embeddable":true,"href":"https:\/\/sgvaimudar.com.br\/index.php\/wp-json\/wp\/v2\/users\/5"}],"replies":[{"embeddable":true,"href":"https:\/\/sgvaimudar.com.br\/index.php\/wp-json\/wp\/v2\/comments?post=22305"}],"version-history":[{"count":2,"href":"https:\/\/sgvaimudar.com.br\/index.php\/wp-json\/wp\/v2\/posts\/22305\/revisions"}],"predecessor-version":[{"id":22309,"href":"https:\/\/sgvaimudar.com.br\/index.php\/wp-json\/wp\/v2\/posts\/22305\/revisions\/22309"}],"wp:featuredmedia":[{"embeddable":true,"href":"https:\/\/sgvaimudar.com.br\/index.php\/wp-json\/wp\/v2\/media\/22307"}],"wp:attachment":[{"href":"https:\/\/sgvaimudar.com.br\/index.php\/wp-json\/wp\/v2\/media?parent=22305"}],"wp:term":[{"taxonomy":"category","embeddable":true,"href":"https:\/\/sgvaimudar.com.br\/index.php\/wp-json\/wp\/v2\/categories?post=22305"},{"taxonomy":"post_tag","embeddable":true,"href":"https:\/\/sgvaimudar.com.br\/index.php\/wp-json\/wp\/v2\/tags?post=22305"}],"curies":[{"name":"wp","href":"https:\/\/api.w.org\/{rel}","templated":true}]}}