{"id":22301,"date":"2025-03-21T15:00:00","date_gmt":"2025-03-21T18:00:00","guid":{"rendered":"https:\/\/sgvaimudar.com.br\/?p=22301"},"modified":"2025-03-21T11:43:39","modified_gmt":"2025-03-21T14:43:39","slug":"avistamento-de-jiboia-simboliza-o-dia-internacional-das-florestas","status":"publish","type":"post","link":"https:\/\/sgvaimudar.com.br\/index.php\/2025\/03\/21\/avistamento-de-jiboia-simboliza-o-dia-internacional-das-florestas\/","title":{"rendered":"Avistamento de jiboia simboliza o Dia Internacional das Florestas"},"content":{"rendered":"\n<p><em>\u201cEncontro\u201d ocorreu durante atividade do Curso para Agentes de Reflorestamento, na APA do Engenho Pequeno<\/em><\/p>\n\n\n\n<p>\u00c0s v\u00e9speras do Dia Internacional das Florestas, celebrado nesta sexta-feira (21), um evento simb\u00f3lico refor\u00e7ou a import\u00e2ncia da preserva\u00e7\u00e3o ambiental em S\u00e3o Gon\u00e7alo. Durante uma aula pr\u00e1tica do Curso para Agentes de Reflorestamento, realizada nos \u00faltimos dias, os participantes foram surpreendidos pelo avistamento de uma jiboia (Boa constrictor) na \u00c1rea de Prote\u00e7\u00e3o Ambiental (APA) do Engenho Pequeno.<\/p>\n\n\n\n<p>O encontro com a serpente n\u00e3o pe\u00e7onhenta \u00e9 um marco para a recupera\u00e7\u00e3o da fauna nativa na regi\u00e3o. A APA do Engenho Pequeno j\u00e1 foi diagnosticada com a chamada &#8220;s\u00edndrome da floresta vazia&#8221;, fen\u00f4meno no qual a vegeta\u00e7\u00e3o parece preservada, mas a aus\u00eancia de animais compromete o equil\u00edbrio ecol\u00f3gico. O retorno de esp\u00e9cies como a jiboia indica que os esfor\u00e7os de reflorestamento e monitoramento ambiental t\u00eam surtido efeito positivo.<\/p>\n\n\n\n<figure class=\"wp-block-image size-large\"><img fetchpriority=\"high\" decoding=\"async\" width=\"1024\" height=\"768\" src=\"https:\/\/sgvaimudar.com.br\/wp-content\/uploads\/2025\/03\/unnamed-3-13-1024x768.jpg\" alt=\"\" class=\"wp-image-22302\" srcset=\"https:\/\/sgvaimudar.com.br\/wp-content\/uploads\/2025\/03\/unnamed-3-13-1024x768.jpg 1024w, https:\/\/sgvaimudar.com.br\/wp-content\/uploads\/2025\/03\/unnamed-3-13-300x225.jpg 300w, https:\/\/sgvaimudar.com.br\/wp-content\/uploads\/2025\/03\/unnamed-3-13-768x576.jpg 768w, https:\/\/sgvaimudar.com.br\/wp-content\/uploads\/2025\/03\/unnamed-3-13-1536x1152.jpg 1536w, https:\/\/sgvaimudar.com.br\/wp-content\/uploads\/2025\/03\/unnamed-3-13.jpg 1600w\" sizes=\"(max-width: 1024px) 100vw, 1024px\" \/><\/figure>\n\n\n\n<p>De acordo Allan Pess\u00f4a, t\u00e9cnico em Saneamento e Meio Ambiente, ge\u00f3grafo e respons\u00e1vel pela administra\u00e7\u00e3o da APA do Engenho Pequeno, a presen\u00e7a da jiboia indica que o ecossistema est\u00e1 voltando a oferecer condi\u00e7\u00f5es para a sobreviv\u00eancia de esp\u00e9cies nativas.<\/p>\n\n\n\n<p>\u201cGra\u00e7as ao trabalho desenvolvido pela Secretaria de Meio Ambiente e Transportes, por meio da \u00c1rea de Soltura de Animais Silvestres (ASAS) e \u00e0 parceria com o administrador da APA das Est\u00e2ncias de Pendotiba, o bi\u00f3logo Fernando Medeiros, esse cen\u00e1rio vem sendo gradualmente transformado, o que demonstra que as a\u00e7\u00f5es de reflorestamento, reintrodu\u00e7\u00e3o de fauna e prote\u00e7\u00e3o da biodiversidade est\u00e3o no caminho certo, apesar dos desafios\u201d, afirmou o t\u00e9cnico.<\/p>\n\n\n\n<p>Para o secret\u00e1rio de Meio Ambiente e Transportes de S\u00e3o Gon\u00e7alo, Fabio Lemos, a apari\u00e7\u00e3o da esp\u00e9cie pr\u00f3ximo a uma data t\u00e3o representativa refor\u00e7a a necessidade de fortalecer a conscientiza\u00e7\u00e3o e o envolvimento ativo da comunidade na prote\u00e7\u00e3o das \u00e1reas de conserva\u00e7\u00e3o, assegurando um ambiente equilibrado para a fauna e a flora locais.<\/p>\n\n\n\n<p>\u201cS\u00e3o Gon\u00e7alo tem avan\u00e7ado na preserva\u00e7\u00e3o ambiental, e o avistamento da jiboia refor\u00e7a que estamos no caminho certo. Nosso compromisso \u00e9 garantir que as \u00e1reas protegidas continuem sendo ref\u00fagios para a fauna e que as futuras gera\u00e7\u00f5es possam desfrutar de um ecossistema equilibrado. Para isso, \u00e9 fundamental que a popula\u00e7\u00e3o conhe\u00e7a, respeite e ajude a conservar nossas riquezas naturais\u201d, destacou o secret\u00e1rio.<\/p>\n\n\n\n<p><strong>Curso de Agentes de Reflorestamento<\/strong><\/p>\n\n\n\n<p>Promovido pela Secretaria de Meio Ambiente e Transportes, em parceria com a Ecologic e o Instituto Internacional De La Sante et De L\u2019Environnement, o Curso para Agentes de Reflorestamento tem como objetivo capacitar alunos para atuarem diretamente na recupera\u00e7\u00e3o florestal e na preserva\u00e7\u00e3o ambiental. <\/p>\n\n\n\n<p>Com um total de 200 participantes, o curso \u00e9 dividido em quatro turmas, distribu\u00eddas entre os turnos da manh\u00e3 e da tarde. Iniciado em novembro de 2024, o programa conta com aulas te\u00f3ricas e pr\u00e1ticas presenciais, al\u00e9m de m\u00f3dulos online e cursos livres complementares.<\/p>\n\n\n\n<p><strong><em>S\u00e3o Gon\u00e7alo vai mudar: Not\u00edcias de S\u00e3o Gon\u00e7alo e toda regi\u00e3o.<\/em><\/strong><\/p>\n\n\n\n<figure class=\"wp-block-image size-full\"><img decoding=\"async\" width=\"317\" height=\"110\" src=\"https:\/\/sgvaimudar.com.br\/wp-content\/uploads\/2023\/08\/cropped-Logo-Provisoria-2-2.png\" alt=\"\" class=\"wp-image-2782\" srcset=\"https:\/\/sgvaimudar.com.br\/wp-content\/uploads\/2023\/08\/cropped-Logo-Provisoria-2-2.png 317w, https:\/\/sgvaimudar.com.br\/wp-content\/uploads\/2023\/08\/cropped-Logo-Provisoria-2-2-300x104.png 300w\" sizes=\"(max-width: 317px) 100vw, 317px\" \/><\/figure>\n","protected":false},"excerpt":{"rendered":"<p>\u201cEncontro\u201d ocorreu durante atividade do Curso para Agentes de Reflorestamento, na APA do Engenho Pequeno \u00c0s v\u00e9speras do Dia Internacional&hellip;<\/p>\n","protected":false},"author":5,"featured_media":22303,"comment_status":"open","ping_status":"open","sticky":false,"template":"","format":"standard","meta":{"fifu_image_url":"","fifu_image_alt":"","footnotes":""},"categories":[3],"tags":[47,75],"class_list":["post-22301","post","type-post","status-publish","format-standard","has-post-thumbnail","hentry","category-sao-goncalo","tag-rj","tag-sao-goncalo"],"_links":{"self":[{"href":"https:\/\/sgvaimudar.com.br\/index.php\/wp-json\/wp\/v2\/posts\/22301","targetHints":{"allow":["GET"]}}],"collection":[{"href":"https:\/\/sgvaimudar.com.br\/index.php\/wp-json\/wp\/v2\/posts"}],"about":[{"href":"https:\/\/sgvaimudar.com.br\/index.php\/wp-json\/wp\/v2\/types\/post"}],"author":[{"embeddable":true,"href":"https:\/\/sgvaimudar.com.br\/index.php\/wp-json\/wp\/v2\/users\/5"}],"replies":[{"embeddable":true,"href":"https:\/\/sgvaimudar.com.br\/index.php\/wp-json\/wp\/v2\/comments?post=22301"}],"version-history":[{"count":1,"href":"https:\/\/sgvaimudar.com.br\/index.php\/wp-json\/wp\/v2\/posts\/22301\/revisions"}],"predecessor-version":[{"id":22304,"href":"https:\/\/sgvaimudar.com.br\/index.php\/wp-json\/wp\/v2\/posts\/22301\/revisions\/22304"}],"wp:featuredmedia":[{"embeddable":true,"href":"https:\/\/sgvaimudar.com.br\/index.php\/wp-json\/wp\/v2\/media\/22303"}],"wp:attachment":[{"href":"https:\/\/sgvaimudar.com.br\/index.php\/wp-json\/wp\/v2\/media?parent=22301"}],"wp:term":[{"taxonomy":"category","embeddable":true,"href":"https:\/\/sgvaimudar.com.br\/index.php\/wp-json\/wp\/v2\/categories?post=22301"},{"taxonomy":"post_tag","embeddable":true,"href":"https:\/\/sgvaimudar.com.br\/index.php\/wp-json\/wp\/v2\/tags?post=22301"}],"curies":[{"name":"wp","href":"https:\/\/api.w.org\/{rel}","templated":true}]}}