{"id":22290,"date":"2025-03-21T14:00:00","date_gmt":"2025-03-21T17:00:00","guid":{"rendered":"https:\/\/sgvaimudar.com.br\/?p=22290"},"modified":"2025-03-21T11:08:05","modified_gmt":"2025-03-21T14:08:05","slug":"shopping-goncalense-vai-sediar-seminario-sobre-economia-do-mar","status":"publish","type":"post","link":"https:\/\/sgvaimudar.com.br\/index.php\/2025\/03\/21\/shopping-goncalense-vai-sediar-seminario-sobre-economia-do-mar\/","title":{"rendered":"Shopping gon\u00e7alense vai sediar semin\u00e1rio sobre Economia do Mar\u00a0"},"content":{"rendered":"\n<p><em>Inscri\u00e7\u00f5es para o evento, que acontece em 2 de abril, est\u00e3o abertas<\/em><\/p>\n\n\n\n<p>As inscri\u00e7\u00f5es para o &#8220;II Semin\u00e1rio Economia do Mar \u2013 F\u00f3rum das Bacias e Ba\u00edas Fluminenses&#8221;, evento gratuito organizado pela Federa\u00e7\u00e3o das Associa\u00e7\u00f5es Comerciais e Empresariais do Estado do Rio de Janeiro (Facerj), com o apoio institucional da Prefeitura de S\u00e3o Gon\u00e7alo, atrav\u00e9s da Secretaria de Desenvolvimento Econ\u00f4mico, est\u00e1 com inscri\u00e7\u00f5es abertas.<\/p>\n\n\n\n<p>O evento ir\u00e1 acontecer no dia 2 de abril, das 8h30 \u00e0s 18h, no Cinema Cine\u00e1polis do S\u00e3o Gon\u00e7alo Shopping. Para garantir presen\u00e7a, basta realizar cadastro no link:\u00a0<a rel=\"noreferrer noopener\" href=\"https:\/\/click.cse360.com.br\/Click\/AddCampaignEmailClick\/4f95db21-6156-410a-e470-08dd661685fd\/https%253a%252f%252fwww.seminarioeconomiadomar.com%252fsaogoncalo\/ac66966e-2b55-4484-fb2c-08dc491eed5f\/jornalistaws@gmail.com\/False\" target=\"_blank\">https:\/\/www.seminarioeconomiadomar.com\/saogoncalo<\/a>. As inscri\u00e7\u00f5es gratuitas\u00a0podem ser feitas at\u00e9 o dia do evento, mas o n\u00famero de vagas \u00e9 limitado \u00e0 lota\u00e7\u00e3o do cinema.<\/p>\n\n\n\n<figure class=\"wp-block-image size-large\"><img fetchpriority=\"high\" decoding=\"async\" width=\"819\" height=\"1024\" src=\"https:\/\/sgvaimudar.com.br\/wp-content\/uploads\/2025\/03\/unnamed-1-19-819x1024.jpg\" alt=\"\" class=\"wp-image-22291\" srcset=\"https:\/\/sgvaimudar.com.br\/wp-content\/uploads\/2025\/03\/unnamed-1-19-819x1024.jpg 819w, https:\/\/sgvaimudar.com.br\/wp-content\/uploads\/2025\/03\/unnamed-1-19-240x300.jpg 240w, https:\/\/sgvaimudar.com.br\/wp-content\/uploads\/2025\/03\/unnamed-1-19-768x960.jpg 768w, https:\/\/sgvaimudar.com.br\/wp-content\/uploads\/2025\/03\/unnamed-1-19.jpg 1080w\" sizes=\"(max-width: 819px) 100vw, 819px\" \/><\/figure>\n\n\n\n<p>Com uma faixa litor\u00e2nea de 636 km, o Estado do Rio possui uma ampla gama de possibilidades quando se fala em Economia do Mar. Por isso, o semin\u00e1rio ter\u00e1 como foco o debate visando solu\u00e7\u00f5es inovadoras para o desenvolvimento sustent\u00e1vel, ambiental, social e econ\u00f4mico das \u00e1reas com bacias e ba\u00edas fluminenses, incluindo o debate sobre a cria\u00e7\u00e3o de oportunidades de emprego e renda nos territ\u00f3rios mar\u00edtimos fluminenses atrav\u00e9s do fomento a setores como pesca, turismo, setor naval e outros. <\/p>\n\n\n\n<p>O evento contar\u00e1 com autoridades que ir\u00e3o debater sobre o potencial da Economia Azul para desenvolver a economia local.<\/p>\n\n\n\n<p>Entre os temas que ser\u00e3o abordados estar\u00e3o o turismo, a gastronomia, as oportunidades ligadas \u00e0s energias renov\u00e1veis e outros. O semin\u00e1rio conta com o apoio da Secretaria de Energia e Economia do Mar do Estado do Rio de Janeiro, do Sebrae, da ABEEMAR, CACB, Unisuam e tem o patroc\u00ednio da Caixa, Governo Federal, Sescoop- RJ, Fecom\u00e9rcio, Codin, Porto do Sudeste, Br Marinas, Agerio e Assim Sa\u00fade.<\/p>\n\n\n\n<p><strong>Programa\u00e7\u00e3o:<\/strong><\/p>\n\n\n\n<p>Manh\u00e3:<\/p>\n\n\n\n<p>08h30 \u2013 Credenciamento<\/p>\n\n\n\n<p>09h30 \u2013 Abertura Institucional<\/p>\n\n\n\n<p>10h30 \u2013 Painel 1:&nbsp;Ba\u00eda de Guanabara e seus Potenciais Socioecon\u00f4micos Sustent\u00e1veis<\/p>\n\n\n\n<p>11h20 \u2013 Painel 2:&nbsp;Ba\u00eda de Sepetiba, Governan\u00e7a Recuperar para Renascer<\/p>\n\n\n\n<p>12h10 \u2013 Intervalo para Almo\u00e7o<\/p>\n\n\n\n<p>Tarde:<\/p>\n\n\n\n<p>13h30 \u2013 Painel 3:&nbsp;Costa do Sol e seus Encantos, da Gastronomia ao Turismo<\/p>\n\n\n\n<p>14h30 \u2013 Painel 4:&nbsp;Ba\u00eda da Ilha Grande: o Santu\u00e1rio da Biodiversidade Fluminense<\/p>\n\n\n\n<p>15h30 \u2013 Painel 5:&nbsp;Bacia de Campos, a Bacia das Energias<\/p>\n\n\n\n<p>16h30 \u2013 Painel 6:&nbsp;Os Clusters do Mar como Estrat\u00e9gia de Desenvolvimento Local<\/p>\n\n\n\n<p>18h00 \u2013 Encerramento<\/p>\n\n\n\n<p><strong>Servi\u00e7o:<\/strong><\/p>\n\n\n\n<p>II Semin\u00e1rio Economia do Mar \u2013 F\u00f3rum das Bacias e Ba\u00edas Fluminenses<\/p>\n\n\n\n<p>Data:&nbsp;2 de abril de 2025<\/p>\n\n\n\n<p>Hor\u00e1rio:&nbsp;8h30 \u00e0s 18h<\/p>\n\n\n\n<p>Local:&nbsp;Cinema Cine\u00e1polis, S\u00e3o Gon\u00e7alo Shopping \u2013 S\u00e3o Gon\u00e7alo\/RJ<\/p>\n\n\n\n<p>Entrada gratuita<\/p>\n\n\n\n<p>Informa\u00e7\u00f5es e inscri\u00e7\u00f5es:\u00a0<a rel=\"noreferrer noopener\" href=\"https:\/\/click.cse360.com.br\/Click\/AddCampaignEmailClick\/4f95db21-6156-410a-e470-08dd661685fd\/https%253a%252f%252fwww.seminarioeconomiadomar.com%252fsaogoncalo\/ac66966e-2b55-4484-fb2c-08dc491eed5f\/jornalistaws@gmail.com\/False\" target=\"_blank\">https:\/\/www.seminarioeconomiadomar.com\/saogoncalo<\/a>.<\/p>\n\n\n\n<p><strong><em>S\u00e3o Gon\u00e7alo vai mudar: Not\u00edcias de S\u00e3o Gon\u00e7alo e toda regi\u00e3o.<\/em><\/strong><\/p>\n\n\n\n<figure class=\"wp-block-image size-full\"><img decoding=\"async\" width=\"317\" height=\"110\" src=\"https:\/\/sgvaimudar.com.br\/wp-content\/uploads\/2023\/08\/cropped-Logo-Provisoria-2-2.png\" alt=\"\" class=\"wp-image-2782\" srcset=\"https:\/\/sgvaimudar.com.br\/wp-content\/uploads\/2023\/08\/cropped-Logo-Provisoria-2-2.png 317w, https:\/\/sgvaimudar.com.br\/wp-content\/uploads\/2023\/08\/cropped-Logo-Provisoria-2-2-300x104.png 300w\" sizes=\"(max-width: 317px) 100vw, 317px\" \/><\/figure>\n","protected":false},"excerpt":{"rendered":"<p>Inscri\u00e7\u00f5es para o evento, que acontece em 2 de abril, est\u00e3o abertas As inscri\u00e7\u00f5es para o &#8220;II Semin\u00e1rio Economia do&hellip;<\/p>\n","protected":false},"author":5,"featured_media":9941,"comment_status":"open","ping_status":"open","sticky":false,"template":"","format":"standard","meta":{"fifu_image_url":"","fifu_image_alt":"","footnotes":""},"categories":[3],"tags":[47,75],"class_list":["post-22290","post","type-post","status-publish","format-standard","has-post-thumbnail","hentry","category-sao-goncalo","tag-rj","tag-sao-goncalo"],"_links":{"self":[{"href":"https:\/\/sgvaimudar.com.br\/index.php\/wp-json\/wp\/v2\/posts\/22290","targetHints":{"allow":["GET"]}}],"collection":[{"href":"https:\/\/sgvaimudar.com.br\/index.php\/wp-json\/wp\/v2\/posts"}],"about":[{"href":"https:\/\/sgvaimudar.com.br\/index.php\/wp-json\/wp\/v2\/types\/post"}],"author":[{"embeddable":true,"href":"https:\/\/sgvaimudar.com.br\/index.php\/wp-json\/wp\/v2\/users\/5"}],"replies":[{"embeddable":true,"href":"https:\/\/sgvaimudar.com.br\/index.php\/wp-json\/wp\/v2\/comments?post=22290"}],"version-history":[{"count":1,"href":"https:\/\/sgvaimudar.com.br\/index.php\/wp-json\/wp\/v2\/posts\/22290\/revisions"}],"predecessor-version":[{"id":22292,"href":"https:\/\/sgvaimudar.com.br\/index.php\/wp-json\/wp\/v2\/posts\/22290\/revisions\/22292"}],"wp:featuredmedia":[{"embeddable":true,"href":"https:\/\/sgvaimudar.com.br\/index.php\/wp-json\/wp\/v2\/media\/9941"}],"wp:attachment":[{"href":"https:\/\/sgvaimudar.com.br\/index.php\/wp-json\/wp\/v2\/media?parent=22290"}],"wp:term":[{"taxonomy":"category","embeddable":true,"href":"https:\/\/sgvaimudar.com.br\/index.php\/wp-json\/wp\/v2\/categories?post=22290"},{"taxonomy":"post_tag","embeddable":true,"href":"https:\/\/sgvaimudar.com.br\/index.php\/wp-json\/wp\/v2\/tags?post=22290"}],"curies":[{"name":"wp","href":"https:\/\/api.w.org\/{rel}","templated":true}]}}