{"id":22271,"date":"2025-03-21T12:00:00","date_gmt":"2025-03-21T15:00:00","guid":{"rendered":"https:\/\/sgvaimudar.com.br\/?p=22271"},"modified":"2025-03-21T09:08:45","modified_gmt":"2025-03-21T12:08:45","slug":"abertura-do-ano-letivo-do-cria-sao-goncalo-e-marcado-por-musica-e-arte","status":"publish","type":"post","link":"https:\/\/sgvaimudar.com.br\/index.php\/2025\/03\/21\/abertura-do-ano-letivo-do-cria-sao-goncalo-e-marcado-por-musica-e-arte\/","title":{"rendered":"Abertura do ano letivo do Cria S\u00e3o Gon\u00e7alo \u00e9 marcado por m\u00fasica e arte"},"content":{"rendered":"\n<p><em>Evento oficializou a matr\u00edcula dos novos alunos no projeto<\/em><\/p>\n\n\n\n<p>O Teatro Municipal de S\u00e3o Gon\u00e7alo, na quarta-feira (19), foi palco da abertura oficial do ano letivo do Cria SG, evento que marcou o in\u00edcio das atividades do projeto cultural para 2025. O encontro, realizado \u00e0s 18h, teve como principal objetivo dar as boas-vindas aos novos alunos, al\u00e9m de promover uma s\u00e9rie de apresenta\u00e7\u00f5es art\u00edsticas dos estudantes que j\u00e1 passaram pelo projeto.<\/p>\n\n\n\n<p>O Cria SG, uma iniciativa da Secretaria de Turismo e Cultura da Prefeitura de S\u00e3o Gon\u00e7alo, \u00e9 uma oportunidade \u00fanica para os cidad\u00e3os da cidade, oferecendo um aprendizado e desenvolvimento art\u00edstico.O projeto visa atender aos diversos interesses culturais da popula\u00e7\u00e3o com cursos e atividades que abrangem m\u00faltiplas formas de express\u00e3o cultural.<\/p>\n\n\n\n<figure class=\"wp-block-image size-full\"><img fetchpriority=\"high\" decoding=\"async\" width=\"1024\" height=\"681\" src=\"https:\/\/sgvaimudar.com.br\/wp-content\/uploads\/2025\/03\/unnamed-15-1.jpg\" alt=\"\" class=\"wp-image-22272\" srcset=\"https:\/\/sgvaimudar.com.br\/wp-content\/uploads\/2025\/03\/unnamed-15-1.jpg 1024w, https:\/\/sgvaimudar.com.br\/wp-content\/uploads\/2025\/03\/unnamed-15-1-300x200.jpg 300w, https:\/\/sgvaimudar.com.br\/wp-content\/uploads\/2025\/03\/unnamed-15-1-768x511.jpg 768w\" sizes=\"(max-width: 1024px) 100vw, 1024px\" \/><\/figure>\n\n\n\n<p>A secret\u00e1ria de Turismo e Cultura, Julia Sobreira, abriu o evento falando sobre a demanda do projeto: \u201c\u00c9 com muita alegria que estamos iniciando mais um ano letivo do Cria SG, um projeto que, a cada ano, cresce em sua relev\u00e2ncia para a nossa cidade. Este ano, tivemos uma demanda ainda maior, e ver o Teatro Municipal lotado \u00e9 uma demonstra\u00e7\u00e3o clara de que a cultura est\u00e1 mais viva do que nunca em S\u00e3o Gon\u00e7alo\u201d, afirmou a secret\u00e1ria.<\/p>\n\n\n\n<p>As apresenta\u00e7\u00f5es art\u00edsticas dos alunos, que inclu\u00edram performances de dan\u00e7a e m\u00fasica, encantaram o p\u00fablico. Entre as atra\u00e7\u00f5es, o coral do Cria SG e a din\u00e2mica sobre sonhos, realizada com os alunos inscritos, trouxeram uma mensagem de incentivo e motiva\u00e7\u00e3o para todos.<\/p>\n\n\n\n<p>Al\u00e9m das apresenta\u00e7\u00f5es, os professores do projeto participaram ativamente, com palavras de incentivo e apoio aos alunos, destacando a import\u00e2ncia da educa\u00e7\u00e3o art\u00edstica para o desenvolvimento pessoal e social. O evento tamb\u00e9m teve como objetivo oficializar a participa\u00e7\u00e3o dos alunos no Cria SG, criando um momento de integra\u00e7\u00e3o e reflex\u00e3o sobre o papel da arte na sociedade.<\/p>\n\n\n\n<p><em>Fotos: Julio Diniz<\/em><\/p>\n\n\n\n<p><strong><em>S\u00e3o Gon\u00e7alo vai mudar: Not\u00edcias de S\u00e3o Gon\u00e7alo e toda regi\u00e3o.<\/em><\/strong><\/p>\n\n\n\n<figure class=\"wp-block-image size-full\"><img decoding=\"async\" width=\"317\" height=\"110\" src=\"https:\/\/sgvaimudar.com.br\/wp-content\/uploads\/2023\/08\/cropped-Logo-Provisoria-2-2.png\" alt=\"\" class=\"wp-image-2782\" srcset=\"https:\/\/sgvaimudar.com.br\/wp-content\/uploads\/2023\/08\/cropped-Logo-Provisoria-2-2.png 317w, https:\/\/sgvaimudar.com.br\/wp-content\/uploads\/2023\/08\/cropped-Logo-Provisoria-2-2-300x104.png 300w\" sizes=\"(max-width: 317px) 100vw, 317px\" \/><\/figure>\n","protected":false},"excerpt":{"rendered":"<p>Evento oficializou a matr\u00edcula dos novos alunos no projeto O Teatro Municipal de S\u00e3o Gon\u00e7alo, na quarta-feira (19), foi palco&hellip;<\/p>\n","protected":false},"author":5,"featured_media":22273,"comment_status":"open","ping_status":"open","sticky":false,"template":"","format":"standard","meta":{"fifu_image_url":"","fifu_image_alt":"","footnotes":""},"categories":[6],"tags":[47,75],"class_list":["post-22271","post","type-post","status-publish","format-standard","has-post-thumbnail","hentry","category-entretenimento","tag-rj","tag-sao-goncalo"],"_links":{"self":[{"href":"https:\/\/sgvaimudar.com.br\/index.php\/wp-json\/wp\/v2\/posts\/22271","targetHints":{"allow":["GET"]}}],"collection":[{"href":"https:\/\/sgvaimudar.com.br\/index.php\/wp-json\/wp\/v2\/posts"}],"about":[{"href":"https:\/\/sgvaimudar.com.br\/index.php\/wp-json\/wp\/v2\/types\/post"}],"author":[{"embeddable":true,"href":"https:\/\/sgvaimudar.com.br\/index.php\/wp-json\/wp\/v2\/users\/5"}],"replies":[{"embeddable":true,"href":"https:\/\/sgvaimudar.com.br\/index.php\/wp-json\/wp\/v2\/comments?post=22271"}],"version-history":[{"count":1,"href":"https:\/\/sgvaimudar.com.br\/index.php\/wp-json\/wp\/v2\/posts\/22271\/revisions"}],"predecessor-version":[{"id":22274,"href":"https:\/\/sgvaimudar.com.br\/index.php\/wp-json\/wp\/v2\/posts\/22271\/revisions\/22274"}],"wp:featuredmedia":[{"embeddable":true,"href":"https:\/\/sgvaimudar.com.br\/index.php\/wp-json\/wp\/v2\/media\/22273"}],"wp:attachment":[{"href":"https:\/\/sgvaimudar.com.br\/index.php\/wp-json\/wp\/v2\/media?parent=22271"}],"wp:term":[{"taxonomy":"category","embeddable":true,"href":"https:\/\/sgvaimudar.com.br\/index.php\/wp-json\/wp\/v2\/categories?post=22271"},{"taxonomy":"post_tag","embeddable":true,"href":"https:\/\/sgvaimudar.com.br\/index.php\/wp-json\/wp\/v2\/tags?post=22271"}],"curies":[{"name":"wp","href":"https:\/\/api.w.org\/{rel}","templated":true}]}}