{"id":22231,"date":"2025-03-20T16:00:00","date_gmt":"2025-03-20T19:00:00","guid":{"rendered":"https:\/\/sgvaimudar.com.br\/?p=22231"},"modified":"2025-03-20T10:58:40","modified_gmt":"2025-03-20T13:58:40","slug":"maior-area-de-lazer-do-leste-fluminense-parque-rj-comeca-a-ganhar-forma-em-sao-goncalo","status":"publish","type":"post","link":"https:\/\/sgvaimudar.com.br\/index.php\/2025\/03\/20\/maior-area-de-lazer-do-leste-fluminense-parque-rj-comeca-a-ganhar-forma-em-sao-goncalo\/","title":{"rendered":"Maior \u00e1rea de lazer do Leste Fluminense, Parque RJ come\u00e7a a ganhar forma em S\u00e3o Gon\u00e7alo"},"content":{"rendered":"\n<p><em>Equipamento est\u00e1 com mais de 40% das obras conclu\u00eddas<\/em><\/p>\n\n\n\n<p>As obras do Parque RJ, maior \u00e1rea de lazer da regi\u00e3o Leste Fluminense, localizado no bairro do Boa Vista, em S\u00e3o Gon\u00e7alo, seguem aceleradas para entregar mais cultura e divers\u00e3o aos moradores.<\/p>\n\n\n\n<p>As interven\u00e7\u00f5es est\u00e3o acontecendo no local e parte da estrutura onde vai ser a pista de atletismo j\u00e1 est\u00e1 ganhando forma, al\u00e9m da \u00e1rea do anfiteatro, que j\u00e1 recebeu piso de concreto, e cal\u00e7adas intertravadas, que v\u00e3o fazer parte da estrutura. O local tamb\u00e9m ter\u00e1 cascatas de \u00e1gua para os moradores,\u00a0e\u00a0\u00e1rea de shows com\u00a0capacidade para 15 mil pessoas.<\/p>\n\n\n\n<figure class=\"wp-block-image size-large\"><img fetchpriority=\"high\" decoding=\"async\" width=\"1024\" height=\"683\" src=\"https:\/\/sgvaimudar.com.br\/wp-content\/uploads\/2025\/03\/ParqueRJ.4-1024x683.jpg\" alt=\"\" class=\"wp-image-22232\" srcset=\"https:\/\/sgvaimudar.com.br\/wp-content\/uploads\/2025\/03\/ParqueRJ.4-1024x683.jpg 1024w, https:\/\/sgvaimudar.com.br\/wp-content\/uploads\/2025\/03\/ParqueRJ.4-300x200.jpg 300w, https:\/\/sgvaimudar.com.br\/wp-content\/uploads\/2025\/03\/ParqueRJ.4-768x512.jpg 768w, https:\/\/sgvaimudar.com.br\/wp-content\/uploads\/2025\/03\/ParqueRJ.4-1536x1024.jpg 1536w, https:\/\/sgvaimudar.com.br\/wp-content\/uploads\/2025\/03\/ParqueRJ.4-2048x1365.jpg 2048w\" sizes=\"(max-width: 1024px) 100vw, 1024px\" \/><\/figure>\n\n\n\n<p>O reservat\u00f3rio que vai abastecer o parque tamb\u00e9m est\u00e1 seguindo o cronograma. No total, ser\u00e3o tr\u00eas reservat\u00f3rios totalizando quase 900 mil metros c\u00fabicos de \u00e1gua. Um deles,&nbsp;com 80 mil metros c\u00fabicos, ser\u00e1 utilizado para \u00e1gua de reuso com capta\u00e7\u00e3o das \u00e1guas das chuvas.<\/p>\n\n\n\n<p>\u201cO parque RJ foi projetado e pensado para ser mais que uma extensa \u00e1rea de lazer para a popula\u00e7\u00e3o. Aqui pensamos em como ele vai ajudar no futuro, utilizando recursos sustent\u00e1veis e sendo um equipamento verde de lazer e cultura\u201d, disse o secret\u00e1rio de Estado das Cidades, Douglas Ruas.<\/p>\n\n\n\n<p>O espa\u00e7o onde ser\u00e1 o skate park tamb\u00e9m j\u00e1 est\u00e1 sendo constru\u00eddo. Mais de 120 trabalhadores se dedicam no local que est\u00e1 com mais de 40% das obras conclu\u00eddas. Al\u00e9m disso, o Parque RJ tamb\u00e9m vai dispor de estacionamento para mais de 150 carros, com vagas exclusivas para PCDs, al\u00e9m de elevadores e rampas de acesso para pessoas com mobilidade reduzida.<\/p>\n\n\n\n<p><strong>Lazer e cultura<\/strong><\/p>\n\n\n\n<p>Com \u00e1rea de mais de 35 mil metros quadrados, o Parque RJ ter\u00e1 cascatas de \u00e1gua, quadras poliesportivas, caixas de areia, parc\u00e3o, al\u00e9m de skate park com half-pipe, pista de atletismo, \u00e1rea para eventos com espa\u00e7o para 15 mil pessoas.<\/p>\n\n\n\n<p><em>Cr\u00e9dito das fotos: Secretaria das Cidades<\/em><\/p>\n\n\n\n<p><strong><em>S\u00e3o Gon\u00e7alo vai mudar: Not\u00edcias de S\u00e3o Gon\u00e7alo e toda regi\u00e3o.<\/em><\/strong><\/p>\n\n\n\n<figure class=\"wp-block-image size-full\"><img decoding=\"async\" width=\"317\" height=\"110\" src=\"https:\/\/sgvaimudar.com.br\/wp-content\/uploads\/2023\/08\/cropped-Logo-Provisoria-2-2.png\" alt=\"\" class=\"wp-image-2782\" srcset=\"https:\/\/sgvaimudar.com.br\/wp-content\/uploads\/2023\/08\/cropped-Logo-Provisoria-2-2.png 317w, https:\/\/sgvaimudar.com.br\/wp-content\/uploads\/2023\/08\/cropped-Logo-Provisoria-2-2-300x104.png 300w\" sizes=\"(max-width: 317px) 100vw, 317px\" \/><\/figure>\n","protected":false},"excerpt":{"rendered":"<p>Equipamento est\u00e1 com mais de 40% das obras conclu\u00eddas As obras do Parque RJ, maior \u00e1rea de lazer da regi\u00e3o&hellip;<\/p>\n","protected":false},"author":5,"featured_media":22233,"comment_status":"open","ping_status":"open","sticky":false,"template":"","format":"standard","meta":{"fifu_image_url":"","fifu_image_alt":"","footnotes":""},"categories":[6],"tags":[47,75],"class_list":["post-22231","post","type-post","status-publish","format-standard","has-post-thumbnail","hentry","category-entretenimento","tag-rj","tag-sao-goncalo"],"_links":{"self":[{"href":"https:\/\/sgvaimudar.com.br\/index.php\/wp-json\/wp\/v2\/posts\/22231","targetHints":{"allow":["GET"]}}],"collection":[{"href":"https:\/\/sgvaimudar.com.br\/index.php\/wp-json\/wp\/v2\/posts"}],"about":[{"href":"https:\/\/sgvaimudar.com.br\/index.php\/wp-json\/wp\/v2\/types\/post"}],"author":[{"embeddable":true,"href":"https:\/\/sgvaimudar.com.br\/index.php\/wp-json\/wp\/v2\/users\/5"}],"replies":[{"embeddable":true,"href":"https:\/\/sgvaimudar.com.br\/index.php\/wp-json\/wp\/v2\/comments?post=22231"}],"version-history":[{"count":1,"href":"https:\/\/sgvaimudar.com.br\/index.php\/wp-json\/wp\/v2\/posts\/22231\/revisions"}],"predecessor-version":[{"id":22234,"href":"https:\/\/sgvaimudar.com.br\/index.php\/wp-json\/wp\/v2\/posts\/22231\/revisions\/22234"}],"wp:featuredmedia":[{"embeddable":true,"href":"https:\/\/sgvaimudar.com.br\/index.php\/wp-json\/wp\/v2\/media\/22233"}],"wp:attachment":[{"href":"https:\/\/sgvaimudar.com.br\/index.php\/wp-json\/wp\/v2\/media?parent=22231"}],"wp:term":[{"taxonomy":"category","embeddable":true,"href":"https:\/\/sgvaimudar.com.br\/index.php\/wp-json\/wp\/v2\/categories?post=22231"},{"taxonomy":"post_tag","embeddable":true,"href":"https:\/\/sgvaimudar.com.br\/index.php\/wp-json\/wp\/v2\/tags?post=22231"}],"curies":[{"name":"wp","href":"https:\/\/api.w.org\/{rel}","templated":true}]}}