{"id":22227,"date":"2025-03-20T19:00:00","date_gmt":"2025-03-20T22:00:00","guid":{"rendered":"https:\/\/sgvaimudar.com.br\/?p=22227"},"modified":"2025-03-20T10:47:30","modified_gmt":"2025-03-20T13:47:30","slug":"claudio-castro-abre-a-super-rio-expofood-e-visita-estandes-de-incentivo-a-producao-fluminense","status":"publish","type":"post","link":"https:\/\/sgvaimudar.com.br\/index.php\/2025\/03\/20\/claudio-castro-abre-a-super-rio-expofood-e-visita-estandes-de-incentivo-a-producao-fluminense\/","title":{"rendered":"Cl\u00e1udio Castro abre a Super Rio Expofood e visita estandes de incentivo \u00e0 produ\u00e7\u00e3o fluminense"},"content":{"rendered":"\n<p>Governo do Estado marca presen\u00e7a na 35\u00aa edi\u00e7\u00e3o do evento e d\u00e1 visibilidade a produtores locais, fomentando neg\u00f3cios<\/p>\n\n\n\n<p>O governador Cl\u00e1udio Castro participou, nesta ter\u00e7a-feira (18\/03), da abertura do maior evento de neg\u00f3cios aliment\u00edcios das Am\u00e9ricas &#8211; a Super Rio Expofood (SRE) &#8211; que est\u00e1 sendo realizada at\u00e9 o dia 20 de mar\u00e7o no Riocentro. O Governo do Estado marca presen\u00e7a na 35\u00ba edi\u00e7\u00e3o da confer\u00eancia com o espa\u00e7o Agro Rio Business, mantido pela Secretaria de Estado de Agricultura, Pecu\u00e1ria, Pesca e Abastecimento, e mais dois espa\u00e7os com o RioSolidario e a Codin-RJ.<\/p>\n\n\n\n<p>Al\u00e9m criar um ponto estrat\u00e9gico de conex\u00e3o com a organiza\u00e7\u00e3o sem fins lucrativos, incentivando o cadastro para ampliar a rede de contatos com apoiadores e parceiros, o Estado vai conectar as 20 agroind\u00fastrias de base familiar do interior \u00e0s principais oportunidades de neg\u00f3cios do continente.<\/p>\n\n\n\n<figure class=\"wp-block-image size-large\"><img fetchpriority=\"high\" decoding=\"async\" width=\"1024\" height=\"730\" src=\"https:\/\/sgvaimudar.com.br\/wp-content\/uploads\/2025\/03\/P_L_4612-1024x730.jpg\" alt=\"\" class=\"wp-image-22228\" srcset=\"https:\/\/sgvaimudar.com.br\/wp-content\/uploads\/2025\/03\/P_L_4612-1024x730.jpg 1024w, https:\/\/sgvaimudar.com.br\/wp-content\/uploads\/2025\/03\/P_L_4612-300x214.jpg 300w, https:\/\/sgvaimudar.com.br\/wp-content\/uploads\/2025\/03\/P_L_4612-768x547.jpg 768w, https:\/\/sgvaimudar.com.br\/wp-content\/uploads\/2025\/03\/P_L_4612-1536x1095.jpg 1536w, https:\/\/sgvaimudar.com.br\/wp-content\/uploads\/2025\/03\/P_L_4612-2048x1460.jpg 2048w\" sizes=\"(max-width: 1024px) 100vw, 1024px\" \/><\/figure>\n\n\n\n<p>&#8220;Quando a gente incentiva os nossos empreendedores, eles v\u00e3o longe. O estado passou a ser parceiro do setor produtivo, com\u00e9rcio, mercados, hot\u00e9is, turismo, ci\u00eancia e tecnologia e produtores rurais. N\u00e3o vai faltar di\u00e1logo, trabalho conjunto e apoio. Contem conosco n\u00e3o s\u00f3 institucionalmente, mas tamb\u00e9m na busca por uma legisla\u00e7\u00e3o adequada e uma melhor carga tribut\u00e1ria&#8221;, afirmou o governador Cl\u00e1udio Castro.<\/p>\n\n\n\n<p><strong>Neg\u00f3cios, palestras e visibilidade<\/strong><\/p>\n\n\n\n<p>A estrutura montada pelo Governo do Estado na 35\u00aa edi\u00e7\u00e3o da SRE &#8211; Super Rio Expofood serve de vitrine para que os produtores rurais do estado possam exibir suas mercadorias. Dentro do Agro Rio Business, mantido pelo governo, h\u00e1 o Espa\u00e7o Sabores do Rio, que tem como destaque a apresenta\u00e7\u00e3o de seis cadeias produtivas: abacaxi, banana, laranja, caf\u00e9, farinha de mandioca e vinho.<\/p>\n\n\n\n<p>Al\u00e9m disso, como novidade deste ano, h\u00e1 a presen\u00e7a dos prefeitos dos munic\u00edpios que representam as respectivas cadeias e ainda conta com um espa\u00e7o para falar sobre cases de seus munic\u00edpios.<\/p>\n\n\n\n<p>&#8220;A SRE \u00e9 o maior evento do varejo aliment\u00edcio da Am\u00e9rica. \u00c9 uma excelente oportunidade para que o produtor possa se conectar com supermercadistas, fornecedores e especialistas. A feira \u00e9 o ambiente perfeito para fechar neg\u00f3cios e parcerias. Tudo em um s\u00f3 lugar&#8221;, ressaltou Dr. Fl\u00e1vio Ferreira, secret\u00e1rio de Agricultura.<\/p>\n\n\n\n<p>Al\u00e9m de gerar oportunidades de neg\u00f3cios tamb\u00e9m oferece palestras, oportunidades de degusta\u00e7\u00e3o e apresenta\u00e7\u00e3o de oportunidades locais.<\/p>\n\n\n\n<p>Para o presidente da Empresa de Pesquisa Agropecu\u00e1ria do Estado do Rio de Janeiro &#8211; Pesagro-Rio, Paulo Renato Marques, eventos como a SRE s\u00e3o muito importantes para o desenvolvimento rural do estado.<\/p>\n\n\n\n<p>&#8220;Um dos maiores gargalos do setor agropecu\u00e1rio fluminense \u00e9 a distribui\u00e7\u00e3o dos produtos, por isso \u00e9 t\u00e3o importante estar na SRE, a maior feira de neg\u00f3cios do varejo aliment\u00edcio da Am\u00e9rica Latina. O que queremos \u00e9 ligar as pontas, o produtor rural e o supermercado, promovendo efetivamente o desenvolvimento rural sustent\u00e1vel do estado&#8221;, destacou Marques.<\/p>\n\n\n\n<p><strong>Fomento \u00e0 ind\u00fastria no Rio<\/strong><\/p>\n\n\n\n<p>Pelo segundo ano consecutivo no evento, a Companhia de Desenvolvimento Industrial do Estado do Rio de Janeiro (Codin-RJ) tem um estande pr\u00f3prio na feira para apresentar servi\u00e7os aos empreendedores interessados em abrir ou ampliar seus neg\u00f3cios no estado do Rio de Janeiro.<\/p>\n\n\n\n<p>Este ano, a companhia orienta sobre como pleitear incentivos fiscais em territ\u00f3rio fluminense e o mapa de \u00e1reas livres para implanta\u00e7\u00e3o de empreendimentos no estado.<\/p>\n\n\n\n<p>Durante a feira, o espa\u00e7o de exposi\u00e7\u00e3o da Codin tamb\u00e9m contar\u00e1 com informa\u00e7\u00f5es sobre a Zona de Processamento de Exporta\u00e7\u00e3o do A\u00e7u, cujo projeto foi atualizado pela Companhia de acordo com o Marco Legal das ZPEs, que atrair\u00e1 diferentes empresas para o estado.<\/p>\n\n\n\n<p>30 anos de solidariedade<\/p>\n\n\n\n<p>Tamb\u00e9m pela segunda vez, o RioSolid\u00e1rio est\u00e1 no evento com o pr\u00f3prio estande, destacando os 30 anos de atua\u00e7\u00e3o no Estado do Rio, mobilizando a solidariedade.<\/p>\n\n\n\n<p>Al\u00e9m de ressaltar o per\u00edodo comemorativo da institui\u00e7\u00e3o, com decora\u00e7\u00e3o \u201cinstagram\u00e1vel\u201d, a institui\u00e7\u00e3o visa conscientizar o p\u00fablico sobre a import\u00e2ncia do trabalho social desenvolvido durante essas tr\u00eas d\u00e9cadas.<\/p>\n\n\n\n<p>Organizada pela Associa\u00e7\u00e3o de Supermercados do Rio de Janeiro (Asserj), a edi\u00e7\u00e3o do Agro Rio Business de 2025 tem por expectativa ultrapassar os 68 mil visitantes do ano passado e os R$ 4,2 bilh\u00f5es em neg\u00f3cios gerados durante os tr\u00eas dias de evento.<\/p>\n\n\n\n<p><strong><em>S\u00e3o Gon\u00e7alo vai mudar: Not\u00edcias de S\u00e3o Gon\u00e7alo e toda regi\u00e3o.<\/em><\/strong><\/p>\n\n\n\n<figure class=\"wp-block-image size-full\"><img decoding=\"async\" width=\"317\" height=\"110\" src=\"https:\/\/sgvaimudar.com.br\/wp-content\/uploads\/2023\/08\/cropped-Logo-Provisoria-2-2.png\" alt=\"\" class=\"wp-image-2782\" srcset=\"https:\/\/sgvaimudar.com.br\/wp-content\/uploads\/2023\/08\/cropped-Logo-Provisoria-2-2.png 317w, https:\/\/sgvaimudar.com.br\/wp-content\/uploads\/2023\/08\/cropped-Logo-Provisoria-2-2-300x104.png 300w\" sizes=\"(max-width: 317px) 100vw, 317px\" \/><\/figure>\n","protected":false},"excerpt":{"rendered":"<p>Governo do Estado marca presen\u00e7a na 35\u00aa edi\u00e7\u00e3o do evento e d\u00e1 visibilidade a produtores locais, fomentando neg\u00f3cios O governador&hellip;<\/p>\n","protected":false},"author":5,"featured_media":22229,"comment_status":"open","ping_status":"open","sticky":false,"template":"","format":"standard","meta":{"fifu_image_url":"","fifu_image_alt":"","footnotes":""},"categories":[4],"tags":[47],"class_list":["post-22227","post","type-post","status-publish","format-standard","has-post-thumbnail","hentry","category-brasil","tag-rj"],"_links":{"self":[{"href":"https:\/\/sgvaimudar.com.br\/index.php\/wp-json\/wp\/v2\/posts\/22227","targetHints":{"allow":["GET"]}}],"collection":[{"href":"https:\/\/sgvaimudar.com.br\/index.php\/wp-json\/wp\/v2\/posts"}],"about":[{"href":"https:\/\/sgvaimudar.com.br\/index.php\/wp-json\/wp\/v2\/types\/post"}],"author":[{"embeddable":true,"href":"https:\/\/sgvaimudar.com.br\/index.php\/wp-json\/wp\/v2\/users\/5"}],"replies":[{"embeddable":true,"href":"https:\/\/sgvaimudar.com.br\/index.php\/wp-json\/wp\/v2\/comments?post=22227"}],"version-history":[{"count":1,"href":"https:\/\/sgvaimudar.com.br\/index.php\/wp-json\/wp\/v2\/posts\/22227\/revisions"}],"predecessor-version":[{"id":22230,"href":"https:\/\/sgvaimudar.com.br\/index.php\/wp-json\/wp\/v2\/posts\/22227\/revisions\/22230"}],"wp:featuredmedia":[{"embeddable":true,"href":"https:\/\/sgvaimudar.com.br\/index.php\/wp-json\/wp\/v2\/media\/22229"}],"wp:attachment":[{"href":"https:\/\/sgvaimudar.com.br\/index.php\/wp-json\/wp\/v2\/media?parent=22227"}],"wp:term":[{"taxonomy":"category","embeddable":true,"href":"https:\/\/sgvaimudar.com.br\/index.php\/wp-json\/wp\/v2\/categories?post=22227"},{"taxonomy":"post_tag","embeddable":true,"href":"https:\/\/sgvaimudar.com.br\/index.php\/wp-json\/wp\/v2\/tags?post=22227"}],"curies":[{"name":"wp","href":"https:\/\/api.w.org\/{rel}","templated":true}]}}