{"id":22198,"date":"2025-03-20T11:00:00","date_gmt":"2025-03-20T14:00:00","guid":{"rendered":"https:\/\/sgvaimudar.com.br\/?p=22198"},"modified":"2025-03-20T08:55:32","modified_gmt":"2025-03-20T11:55:32","slug":"acao-social-reune-mulheres-no-patio-alcantara","status":"publish","type":"post","link":"https:\/\/sgvaimudar.com.br\/index.php\/2025\/03\/20\/acao-social-reune-mulheres-no-patio-alcantara\/","title":{"rendered":"A\u00e7\u00e3o Social re\u00fane mulheres no P\u00e1tio Alc\u00e2ntara"},"content":{"rendered":"\n<p><em>Servi\u00e7os gratuitos tamb\u00e9m ser\u00e3o oferecidos nesta quinta-feira (20)<\/em><\/p>\n\n\n\n<p>Diversas gon\u00e7alenses foram atendidas no P\u00e1tio Alc\u00e2ntara, durante a a\u00e7\u00e3o social para as mulheres, nesta quarta-feira (19). O evento, da Subsecretaria de Pol\u00edticas P\u00fablicas para as Mulheres da Prefeitura de S\u00e3o Gon\u00e7alo, ofereceu servi\u00e7os gratuitos e encaminhamentos visando atender as demandas da popula\u00e7\u00e3o.<\/p>\n\n\n\n<figure class=\"wp-block-image size-large\"><img fetchpriority=\"high\" decoding=\"async\" width=\"1024\" height=\"683\" src=\"https:\/\/sgvaimudar.com.br\/wp-content\/uploads\/2025\/03\/unnamed-5-9-1024x683.jpg\" alt=\"\" class=\"wp-image-22199\" srcset=\"https:\/\/sgvaimudar.com.br\/wp-content\/uploads\/2025\/03\/unnamed-5-9-1024x683.jpg 1024w, https:\/\/sgvaimudar.com.br\/wp-content\/uploads\/2025\/03\/unnamed-5-9-300x200.jpg 300w, https:\/\/sgvaimudar.com.br\/wp-content\/uploads\/2025\/03\/unnamed-5-9-768x512.jpg 768w, https:\/\/sgvaimudar.com.br\/wp-content\/uploads\/2025\/03\/unnamed-5-9-1536x1024.jpg 1536w, https:\/\/sgvaimudar.com.br\/wp-content\/uploads\/2025\/03\/unnamed-5-9.jpg 1620w\" sizes=\"(max-width: 1024px) 100vw, 1024px\" \/><\/figure>\n\n\n\n<p>\u201cRealizamos esta a\u00e7\u00e3o em um ponto estrat\u00e9gico de circula\u00e7\u00e3o de pessoas. \u00c9 muito importante oferecer o acesso \u00e0s mulheres a servi\u00e7os essenciais, pois sabemos que muitas n\u00e3o t\u00eam recursos para fazer a segunda via dos seus documentos. Aproveitamos o local para tamb\u00e9m orientar e divulgar os demais servi\u00e7os da nossa Subsecretaria\u201d, destacou a subsecret\u00e1ria de Pol\u00edticas P\u00fablicas para as Mulheres, Ana Cristina da Silva.<\/p>\n\n\n\n<p>A a\u00e7\u00e3o contou com o Comit\u00ea de Sub-registro com os servi\u00e7os de isen\u00e7\u00e3o da segunda via da identidade, certid\u00e3o de nascimento, casamento e \u00f3bito; a Universidade Est\u00e1cio de S\u00e1 com orienta\u00e7\u00f5es jur\u00eddicas e as equipes da Subsecretaria ofereceram orienta\u00e7\u00f5es e encaminhamentos para a rede de enfrentamento \u00e0 viol\u00eancia dom\u00e9stica.<\/p>\n\n\n\n<p>Todos esses servi\u00e7os tamb\u00e9m ser\u00e3o disponibilizados nesta quinta-feira (20). Al\u00e9m disso, as interessadas poder\u00e3o participar de uma palestra que vai refor\u00e7ar os direitos das mulheres, a partir das 10h.<\/p>\n\n\n\n<p>A confeiteira Cl\u00e1udia Silva, moradora do Laranjal, contou sobre o atendimento que recebeu no local. \u201cFiquei muito satisfeita com o atendimento, precisava marcar para emitir a nova identidade e essa a\u00e7\u00e3o aqui foi muito importante, pois \u00e9 dif\u00edcil de conseguir esse servi\u00e7o. N\u00e3o imaginava ser atendida t\u00e3o r\u00e1pido\u201d, disse a confeiteira.<\/p>\n\n\n\n<p>Demais a\u00e7\u00f5es em prol das mulheres v\u00e3o ocorrer pelo munic\u00edpio, durante todo o m\u00eas da mulher.<\/p>\n\n\n\n<p><strong>Confira a programa\u00e7\u00e3o:<\/strong><\/p>\n\n\n\n<p>20\/03 \u2013 A\u00e7\u00e3o social em alus\u00e3o ao m\u00eas da Mulher, servi\u00e7os do Comit\u00ea de sub-registro (isen\u00e7\u00f5es de documentos), orienta\u00e7\u00e3o jur\u00eddica com a universidade Est\u00e1cio de S\u00e1 e servi\u00e7os da Subsecretaria de Pol\u00edticas P\u00fablicas para as Mulheres, a partir das 10h, no P\u00e1tio Alc\u00e2ntara.<\/p>\n\n\n\n<p>20\/03 \u2013 Palestra sobre os direitos das mulheres, \u00e0s 10h, no P\u00e1tio Alc\u00e2ntara.<\/p>\n\n\n\n<p>20\/03 \u2013 Palestra em alus\u00e3o ao m\u00eas da Mulher na Capacita\u00e7\u00e3o do Lidera Mulher, \u00e0s 15h, no Shopping Partage, no Centro.&nbsp;<\/p>\n\n\n\n<p>27\/03 \u2013 Encerramento da 13\u00aa Capacita\u00e7\u00e3o do Programa Lidera Mulher, \u00e0s 13h, no Espa\u00e7o Mais Conhecimento, no Shopping Partage.<\/p>\n\n\n\n<p><em>Fotos: Fabio Guimar\u00e3es<\/em><\/p>\n\n\n\n<p><strong><em>S\u00e3o Gon\u00e7alo vai mudar: Not\u00edcias de S\u00e3o Gon\u00e7alo e toda regi\u00e3o.<\/em><\/strong><\/p>\n\n\n\n<figure class=\"wp-block-image size-full\"><img decoding=\"async\" width=\"317\" height=\"110\" src=\"https:\/\/sgvaimudar.com.br\/wp-content\/uploads\/2023\/08\/cropped-Logo-Provisoria-2-2.png\" alt=\"\" class=\"wp-image-2782\" srcset=\"https:\/\/sgvaimudar.com.br\/wp-content\/uploads\/2023\/08\/cropped-Logo-Provisoria-2-2.png 317w, https:\/\/sgvaimudar.com.br\/wp-content\/uploads\/2023\/08\/cropped-Logo-Provisoria-2-2-300x104.png 300w\" sizes=\"(max-width: 317px) 100vw, 317px\" \/><\/figure>\n","protected":false},"excerpt":{"rendered":"<p>Servi\u00e7os gratuitos tamb\u00e9m ser\u00e3o oferecidos nesta quinta-feira (20) Diversas gon\u00e7alenses foram atendidas no P\u00e1tio Alc\u00e2ntara, durante a a\u00e7\u00e3o social para&hellip;<\/p>\n","protected":false},"author":5,"featured_media":22200,"comment_status":"open","ping_status":"open","sticky":false,"template":"","format":"standard","meta":{"fifu_image_url":"","fifu_image_alt":"","footnotes":""},"categories":[3],"tags":[47,75],"class_list":["post-22198","post","type-post","status-publish","format-standard","has-post-thumbnail","hentry","category-sao-goncalo","tag-rj","tag-sao-goncalo"],"_links":{"self":[{"href":"https:\/\/sgvaimudar.com.br\/index.php\/wp-json\/wp\/v2\/posts\/22198","targetHints":{"allow":["GET"]}}],"collection":[{"href":"https:\/\/sgvaimudar.com.br\/index.php\/wp-json\/wp\/v2\/posts"}],"about":[{"href":"https:\/\/sgvaimudar.com.br\/index.php\/wp-json\/wp\/v2\/types\/post"}],"author":[{"embeddable":true,"href":"https:\/\/sgvaimudar.com.br\/index.php\/wp-json\/wp\/v2\/users\/5"}],"replies":[{"embeddable":true,"href":"https:\/\/sgvaimudar.com.br\/index.php\/wp-json\/wp\/v2\/comments?post=22198"}],"version-history":[{"count":1,"href":"https:\/\/sgvaimudar.com.br\/index.php\/wp-json\/wp\/v2\/posts\/22198\/revisions"}],"predecessor-version":[{"id":22201,"href":"https:\/\/sgvaimudar.com.br\/index.php\/wp-json\/wp\/v2\/posts\/22198\/revisions\/22201"}],"wp:featuredmedia":[{"embeddable":true,"href":"https:\/\/sgvaimudar.com.br\/index.php\/wp-json\/wp\/v2\/media\/22200"}],"wp:attachment":[{"href":"https:\/\/sgvaimudar.com.br\/index.php\/wp-json\/wp\/v2\/media?parent=22198"}],"wp:term":[{"taxonomy":"category","embeddable":true,"href":"https:\/\/sgvaimudar.com.br\/index.php\/wp-json\/wp\/v2\/categories?post=22198"},{"taxonomy":"post_tag","embeddable":true,"href":"https:\/\/sgvaimudar.com.br\/index.php\/wp-json\/wp\/v2\/tags?post=22198"}],"curies":[{"name":"wp","href":"https:\/\/api.w.org\/{rel}","templated":true}]}}