{"id":22185,"date":"2025-03-20T08:59:00","date_gmt":"2025-03-20T11:59:00","guid":{"rendered":"https:\/\/sgvaimudar.com.br\/?p=22185"},"modified":"2025-03-20T07:47:55","modified_gmt":"2025-03-20T10:47:55","slug":"policia-civil-prende-lider-do-trafico-de-drogas-de-niteroi","status":"publish","type":"post","link":"https:\/\/sgvaimudar.com.br\/index.php\/2025\/03\/20\/policia-civil-prende-lider-do-trafico-de-drogas-de-niteroi\/","title":{"rendered":"Pol\u00edcia Civil prende l\u00edder do tr\u00e1fico de drogas de Niter\u00f3i"},"content":{"rendered":"\n<p><em>Rodrigo Martins dos Santos, conhecido como <strong>Guerrom<\/strong>, \u00e9 acusado de chefiar o setor do grupo especializado em roubos de ve\u00edculos<\/em> <\/p>\n\n\n\n<p>Os policiais civis da 78\u00aa DP (Fonseca), com apoio de agentes da Coordenadoria de Recursos Especiais (Core), prenderam Rodrigo Martins dos Santos, conhecido como <strong><em>Guerrom<\/em><\/strong>, apontado como a maior lideran\u00e7a do tr\u00e1fico da comunidade do Caramujo, localizada em Niter\u00f3i. <\/p>\n\n\n\n<p>Ele foi preso, na manh\u00e3 desta quarta-feira (19), no mesmo munic\u00edpio. A a\u00e7\u00e3o ainda terminou com a pris\u00e3o em flagrante de um segundo homem e um preju\u00edzo de R$ 100 mil \u00e0 quadrilha.<\/p>\n\n\n\n<p>A a\u00e7\u00e3o faz parte da segunda fase da \u201cOpera\u00e7\u00e3o Torniquete\u201d, que tem como objetivo reprimir roubo, furto e recepta\u00e7\u00e3o de cargas e de ve\u00edculos, delitos que financiam as atividades das fac\u00e7\u00f5es criminosas, suas disputas territoriais e ainda garantem pagamentos a familiares de faccionados, estejam eles detidos ou em liberdade. Desde setembro, j\u00e1 s\u00e3o mais de 450 presos, al\u00e9m de ve\u00edculos e cargas recuperados.<\/p>\n\n\n\n<p>De acordo com as investiga\u00e7\u00f5es, antes de ser preso, o traficante chefiava o bra\u00e7o especializado da fac\u00e7\u00e3o criminosa no roubo de ve\u00edculos, al\u00e9m de amea\u00e7ar prestadores de servi\u00e7o de internet do bairro do Fonseca, impedindo que grandes operadoras atuem na \u00e1rea.<\/p>\n\n\n\n<p>O segundo preso foi localizado ap\u00f3s informa\u00e7\u00f5es de intelig\u00eancia da distrital. Os agentes foram at\u00e9 um im\u00f3vel, onde o homem, ao perceber a aproxima\u00e7\u00e3o da pol\u00edcia, escondeu uma mochila e uma bolsa no quintal. Com o apoio de c\u00e3es farejadores da Core, os agentes conseguiram localizar e apreender 2.940 pinos de coca\u00edna e 75 sacol\u00e9s maconha.<\/p>\n\n\n\n<p>A investiga\u00e7\u00e3o est\u00e1 em andamento para desarticular completamente a quadrilha e prender outros envolvidos nas atividades criminosas. A a\u00e7\u00e3o tamb\u00e9m contou com apoio de agentes da Subsecretaria de Intelig\u00eancia da Pol\u00edcia Civil (Ssinte) e de outras delegacias pertencentes ao 4\u00ba Departamento de Pol\u00edcia de \u00c1rea (DPA).<\/p>\n\n\n\n<p><strong><em>Fa\u00e7a sua den\u00fancia pelo nosso WhatsApp: (21) 97138-0190<\/em><\/strong><\/p>\n\n\n\n<p><strong><em>S\u00e3o Gon\u00e7alo vai mudar: Not\u00edcias de S\u00e3o Gon\u00e7alo e toda regi\u00e3o.<\/em><\/strong><\/p>\n\n\n\n<figure class=\"wp-block-image size-full\"><img decoding=\"async\" width=\"317\" height=\"110\" src=\"https:\/\/sgvaimudar.com.br\/wp-content\/uploads\/2023\/08\/cropped-Logo-Provisoria-2-2.png\" alt=\"\" class=\"wp-image-2782\" srcset=\"https:\/\/sgvaimudar.com.br\/wp-content\/uploads\/2023\/08\/cropped-Logo-Provisoria-2-2.png 317w, https:\/\/sgvaimudar.com.br\/wp-content\/uploads\/2023\/08\/cropped-Logo-Provisoria-2-2-300x104.png 300w\" sizes=\"(max-width: 317px) 100vw, 317px\" \/><\/figure>\n","protected":false},"excerpt":{"rendered":"<p>Rodrigo Martins dos Santos, conhecido como Guerrom, \u00e9 acusado de chefiar o setor do grupo especializado em roubos de ve\u00edculos&hellip;<\/p>\n","protected":false},"author":5,"featured_media":22186,"comment_status":"open","ping_status":"open","sticky":false,"template":"","format":"standard","meta":{"fifu_image_url":"","fifu_image_alt":"","footnotes":""},"categories":[32],"tags":[39,41,40,47],"class_list":["post-22185","post","type-post","status-publish","format-standard","has-post-thumbnail","hentry","category-casos-de-policia","tag-ataque","tag-conflito","tag-guerra","tag-rj"],"_links":{"self":[{"href":"https:\/\/sgvaimudar.com.br\/index.php\/wp-json\/wp\/v2\/posts\/22185","targetHints":{"allow":["GET"]}}],"collection":[{"href":"https:\/\/sgvaimudar.com.br\/index.php\/wp-json\/wp\/v2\/posts"}],"about":[{"href":"https:\/\/sgvaimudar.com.br\/index.php\/wp-json\/wp\/v2\/types\/post"}],"author":[{"embeddable":true,"href":"https:\/\/sgvaimudar.com.br\/index.php\/wp-json\/wp\/v2\/users\/5"}],"replies":[{"embeddable":true,"href":"https:\/\/sgvaimudar.com.br\/index.php\/wp-json\/wp\/v2\/comments?post=22185"}],"version-history":[{"count":1,"href":"https:\/\/sgvaimudar.com.br\/index.php\/wp-json\/wp\/v2\/posts\/22185\/revisions"}],"predecessor-version":[{"id":22187,"href":"https:\/\/sgvaimudar.com.br\/index.php\/wp-json\/wp\/v2\/posts\/22185\/revisions\/22187"}],"wp:featuredmedia":[{"embeddable":true,"href":"https:\/\/sgvaimudar.com.br\/index.php\/wp-json\/wp\/v2\/media\/22186"}],"wp:attachment":[{"href":"https:\/\/sgvaimudar.com.br\/index.php\/wp-json\/wp\/v2\/media?parent=22185"}],"wp:term":[{"taxonomy":"category","embeddable":true,"href":"https:\/\/sgvaimudar.com.br\/index.php\/wp-json\/wp\/v2\/categories?post=22185"},{"taxonomy":"post_tag","embeddable":true,"href":"https:\/\/sgvaimudar.com.br\/index.php\/wp-json\/wp\/v2\/tags?post=22185"}],"curies":[{"name":"wp","href":"https:\/\/api.w.org\/{rel}","templated":true}]}}