{"id":22157,"date":"2025-03-19T21:00:00","date_gmt":"2025-03-20T00:00:00","guid":{"rendered":"https:\/\/sgvaimudar.com.br\/?p=22157"},"modified":"2025-03-19T12:34:38","modified_gmt":"2025-03-19T15:34:38","slug":"governo-do-rio-implementa-programa-turiscon-no-cristo-redentor-para-acolher-turistas-e-monitorar-implantacao-de-melhorias","status":"publish","type":"post","link":"https:\/\/sgvaimudar.com.br\/index.php\/2025\/03\/19\/governo-do-rio-implementa-programa-turiscon-no-cristo-redentor-para-acolher-turistas-e-monitorar-implantacao-de-melhorias\/","title":{"rendered":"Governo do Rio implementa Programa Turiscon no Cristo Redentor para acolher turistas e monitorar implanta\u00e7\u00e3o de melhorias"},"content":{"rendered":"\n<p><em>Visita\u00e7\u00e3o ao monumento foi retomada ap\u00f3s fiscaliza\u00e7\u00e3o da Secretaria Estadual de Defesa do Consumidor e Procon-RJ<\/em><\/p>\n\n\n\n<p>Por determina\u00e7\u00e3o do governador Cl\u00e1udio Castro, o Programa Turiscon est\u00e1 sendo implementado no Cristo Redentor. A iniciativa, coordenada pela Secretaria Estadual de Defesa do Consumidor, tem como objetivo garantir o acolhimento de turistas e monitorar as novas medidas de acessibilidade adotadas no local. Durante uma vistoria realizada na manh\u00e3 desta ter\u00e7a-feira (18\/03), o secret\u00e1rio Gutemberg Fonseca revogou a interdi\u00e7\u00e3o do ponto tur\u00edstico.<\/p>\n\n\n\n<p>&#8220;O Cristo Redentor \u00e9 um dos principais cart\u00f5es-postais do mundo e precisa estar preparado para receber todos os visitantes com seguran\u00e7a e dignidade. O Turiscon chega para garantir transpar\u00eancia, fiscaliza\u00e7\u00e3o constante e acolhimento a quem visita esse patrim\u00f4nio&#8221;,  declarou o governador Cl\u00e1udio Castro.<\/p>\n\n\n\n<figure class=\"wp-block-image size-large\"><img fetchpriority=\"high\" decoding=\"async\" width=\"1024\" height=\"768\" src=\"https:\/\/sgvaimudar.com.br\/wp-content\/uploads\/2025\/03\/IMG-20250318-WA0066-1024x768.jpg\" alt=\"\" class=\"wp-image-22158\" srcset=\"https:\/\/sgvaimudar.com.br\/wp-content\/uploads\/2025\/03\/IMG-20250318-WA0066-1024x768.jpg 1024w, https:\/\/sgvaimudar.com.br\/wp-content\/uploads\/2025\/03\/IMG-20250318-WA0066-300x225.jpg 300w, https:\/\/sgvaimudar.com.br\/wp-content\/uploads\/2025\/03\/IMG-20250318-WA0066-768x576.jpg 768w, https:\/\/sgvaimudar.com.br\/wp-content\/uploads\/2025\/03\/IMG-20250318-WA0066-1536x1152.jpg 1536w, https:\/\/sgvaimudar.com.br\/wp-content\/uploads\/2025\/03\/IMG-20250318-WA0066-2048x1536.jpg 2048w\" sizes=\"(max-width: 1024px) 100vw, 1024px\" \/><\/figure>\n\n\n\n<p>A Secretaria de Estado de Defesa do Consumidor havia determinado, desde segunda-feira (17), que os postos m\u00e9dicos do Cristo Redentor operem durante todo o hor\u00e1rio de visita\u00e7\u00e3o. Hoje, durante a fiscaliza\u00e7\u00e3o, os agentes constataram que uma ambul\u00e2ncia j\u00e1 est\u00e1 dispon\u00edvel para atender fluminenses e turistas e permanecer\u00e1 no local diariamente.<\/p>\n\n\n\n<p><strong>Melhorias na acessibilidade<\/strong><\/p>\n\n\n\n<p>Com o apoio do Corpo de Bombeiros, a vistoria realizada pela SEDCON e pelo PROCON-RJ tamb\u00e9m confirmou que o monumento passar\u00e1 por um processo de moderniza\u00e7\u00e3o, incluindo melhorias na acessibilidade, sinaliza\u00e7\u00e3o e na infraestrutura, al\u00e9m de pontos de hidrata\u00e7\u00e3o. A implementa\u00e7\u00e3o dessas mudan\u00e7as ser\u00e1 acompanhada de perto pelos agentes do Turiscon.<\/p>\n\n\n\n<p>Representantes da ICMBio, da concession\u00e1ria de vans para subida no Cristo &#8211; Paineiras Corcovado -, da concession\u00e1ria de trens &#8211; Trem Corcovado &#8211; e da Arquidiocese tamb\u00e9m acompanharam a equipe durante a fiscaliza\u00e7\u00e3o para alinhar a implanta\u00e7\u00e3o de medidas de acessibilidade, como rampas de acesso e banheiros adaptados.<\/p>\n\n\n\n<p>O Secret\u00e1rio de Estado de Defesa do Consumidor, Gutemberg Fonseca, refor\u00e7ou que est\u00e1 previsto no C\u00f3digo de Defesa do Consumidor o direito \u00e0 sa\u00fade e \u00e0 vida e que essas fiscaliza\u00e7\u00f5es devem continuar em outros pontos tur\u00edsticos da cidade.<\/p>\n\n\n\n<p>&#8220;Os pontos tur\u00edsticos do Rio s\u00e3o importantes cart\u00f5es postais e atraem milhares de turistas e consumidores diariamente. N\u00e3o vamos tolerar falhas que possam prejudicar os visitantes na Cidade Maravilhosa. Estamos atentos e vamos continuar as fiscaliza\u00e7\u00f5es em outros locais para defender os direitos do consumidor em todo o estado&#8221;, afirmou o secret\u00e1rio.<\/p>\n\n\n\n<p><strong>Programa Turiscon<\/strong><\/p>\n\n\n\n<p>Criado para oferecer aos turistas uma experi\u00eancia segura e transparente no Rio de Janeiro, o Programa Turiscon atua na media\u00e7\u00e3o de conflitos, preven\u00e7\u00e3o de problemas e fiscaliza\u00e7\u00e3o do cumprimento das normas de consumo. Com atendimento bil\u00edngue em portugu\u00eas, ingl\u00eas e espanhol, o programa tamb\u00e9m promove educa\u00e7\u00e3o sobre os direitos do consumidor por meio de materiais informativos traduzidos e orienta\u00e7\u00e3o a turistas nacionais e estrangeiros.<\/p>\n\n\n\n<p>O Turiscon j\u00e1 opera em grandes eventos, realizando visitas pr\u00e9vias aos organizadores para garantir a adequa\u00e7\u00e3o \u00e0s normas de consumo. Essas a\u00e7\u00f5es fortalecem a transpar\u00eancia comercial, impulsionam a economia local e contribuem para um turismo mais seguro e sustent\u00e1vel.<\/p>\n\n\n\n<p><strong>Entenda a interdi\u00e7\u00e3o<\/strong><\/p>\n\n\n\n<p>O Cristo Redentor foi interditado na segunda-feira (17\/03) ap\u00f3s a constata\u00e7\u00e3o de falhas na presta\u00e7\u00e3o de servi\u00e7os. Agentes da Secretaria Estadual de Defesa do Consumidor (SEDCON) e do Procon-RJ identificaram que o posto m\u00e9dico n\u00e3o estava funcionando conforme o hor\u00e1rio de abertura do ponto tur\u00edstico.<\/p>\n\n\n\n<p>Como medida imediata, a bilheteria das vans Paineiras Corcovado e do Trem do Corcovado foi impedida de vender ingressos. A interdi\u00e7\u00e3o ocorreu ap\u00f3s den\u00fancias de consumidores e a morte de um turista ga\u00facho no \u00faltimo domingo (16\/03).<\/p>\n\n\n\n<p><strong><em>S\u00e3o Gon\u00e7alo vai mudar: Not\u00edcias de S\u00e3o Gon\u00e7alo e toda regi\u00e3o.<\/em><\/strong><\/p>\n\n\n\n<figure class=\"wp-block-image size-full\"><img decoding=\"async\" width=\"317\" height=\"110\" src=\"https:\/\/sgvaimudar.com.br\/wp-content\/uploads\/2023\/08\/cropped-Logo-Provisoria-2-2.png\" alt=\"\" class=\"wp-image-2782\" srcset=\"https:\/\/sgvaimudar.com.br\/wp-content\/uploads\/2023\/08\/cropped-Logo-Provisoria-2-2.png 317w, https:\/\/sgvaimudar.com.br\/wp-content\/uploads\/2023\/08\/cropped-Logo-Provisoria-2-2-300x104.png 300w\" sizes=\"(max-width: 317px) 100vw, 317px\" \/><\/figure>\n","protected":false},"excerpt":{"rendered":"<p>Visita\u00e7\u00e3o ao monumento foi retomada ap\u00f3s fiscaliza\u00e7\u00e3o da Secretaria Estadual de Defesa do Consumidor e Procon-RJ Por determina\u00e7\u00e3o do governador&hellip;<\/p>\n","protected":false},"author":5,"featured_media":22159,"comment_status":"open","ping_status":"open","sticky":false,"template":"","format":"standard","meta":{"fifu_image_url":"","fifu_image_alt":"","footnotes":""},"categories":[1],"tags":[47],"class_list":["post-22157","post","type-post","status-publish","format-standard","has-post-thumbnail","hentry","category-mundo","tag-rj"],"_links":{"self":[{"href":"https:\/\/sgvaimudar.com.br\/index.php\/wp-json\/wp\/v2\/posts\/22157","targetHints":{"allow":["GET"]}}],"collection":[{"href":"https:\/\/sgvaimudar.com.br\/index.php\/wp-json\/wp\/v2\/posts"}],"about":[{"href":"https:\/\/sgvaimudar.com.br\/index.php\/wp-json\/wp\/v2\/types\/post"}],"author":[{"embeddable":true,"href":"https:\/\/sgvaimudar.com.br\/index.php\/wp-json\/wp\/v2\/users\/5"}],"replies":[{"embeddable":true,"href":"https:\/\/sgvaimudar.com.br\/index.php\/wp-json\/wp\/v2\/comments?post=22157"}],"version-history":[{"count":1,"href":"https:\/\/sgvaimudar.com.br\/index.php\/wp-json\/wp\/v2\/posts\/22157\/revisions"}],"predecessor-version":[{"id":22160,"href":"https:\/\/sgvaimudar.com.br\/index.php\/wp-json\/wp\/v2\/posts\/22157\/revisions\/22160"}],"wp:featuredmedia":[{"embeddable":true,"href":"https:\/\/sgvaimudar.com.br\/index.php\/wp-json\/wp\/v2\/media\/22159"}],"wp:attachment":[{"href":"https:\/\/sgvaimudar.com.br\/index.php\/wp-json\/wp\/v2\/media?parent=22157"}],"wp:term":[{"taxonomy":"category","embeddable":true,"href":"https:\/\/sgvaimudar.com.br\/index.php\/wp-json\/wp\/v2\/categories?post=22157"},{"taxonomy":"post_tag","embeddable":true,"href":"https:\/\/sgvaimudar.com.br\/index.php\/wp-json\/wp\/v2\/tags?post=22157"}],"curies":[{"name":"wp","href":"https:\/\/api.w.org\/{rel}","templated":true}]}}