{"id":22133,"date":"2025-03-19T13:00:00","date_gmt":"2025-03-19T16:00:00","guid":{"rendered":"https:\/\/sgvaimudar.com.br\/?p=22133"},"modified":"2025-03-19T10:55:00","modified_gmt":"2025-03-19T13:55:00","slug":"alunos-da-rede-municipal-aprendem-sobre-biodiversidade-com-o-estudo-vivo","status":"publish","type":"post","link":"https:\/\/sgvaimudar.com.br\/index.php\/2025\/03\/19\/alunos-da-rede-municipal-aprendem-sobre-biodiversidade-com-o-estudo-vivo\/","title":{"rendered":"Alunos da rede municipal aprendem sobre biodiversidade com o &#8216;Estudo Vivo&#8217;"},"content":{"rendered":"\n<p><em>Atividades aconteceram nesta ter\u00e7a-feira em homenagem ao Dia Internacional das Florestas<\/em><\/p>\n\n\n\n<p>Alunos do 3\u00b0 ano do ensino fundamental da Escola Municipal Maria Eul\u00e1lia Concei\u00e7\u00e3o de Oliveira Maciel, no bairro Raul Veiga, estiveram, nesta manh\u00e3 de ter\u00e7a-feira (18), na \u00c1rea de Prote\u00e7\u00e3o Ambiental (APA) de Maria Paula para participar do projeto \u201cEstudo Vivo\u201d, que promove atividades educativas visando ensinar os alunos sobre temas relacionados \u00e0 conserva\u00e7\u00e3o e \u00e0 biodiversidade. A a\u00e7\u00e3o, desenvolvida pela Secretaria Municipal de Meio Ambiente e Transportes, ocorreu em homenagem ao Dia Internacional das Florestas, celebrado dia 21 de mar\u00e7o.<\/p>\n\n\n\n<p>Conduzido pelas coordenadoras Marianna Orioli, Lorena Ramos e Tha\u00eds Sousa, o projeto \u201cEstudo Vivo\u201d tem objetivo de conectar os alunos da rede municipal de ensino com a natureza e promover a conscientiza\u00e7\u00e3o sobre a import\u00e2ncia da biodiversidade, ensinando aos jovens desde cedo a import\u00e2ncia de cuidar do meio ambiente, para que se tornem cidad\u00e3os conscientes e respons\u00e1veis.<\/p>\n\n\n\n<figure class=\"wp-block-image size-large\"><img fetchpriority=\"high\" decoding=\"async\" width=\"768\" height=\"1024\" src=\"https:\/\/sgvaimudar.com.br\/wp-content\/uploads\/2025\/03\/unnamed-9-3-768x1024.jpg\" alt=\"\" class=\"wp-image-22134\" srcset=\"https:\/\/sgvaimudar.com.br\/wp-content\/uploads\/2025\/03\/unnamed-9-3-768x1024.jpg 768w, https:\/\/sgvaimudar.com.br\/wp-content\/uploads\/2025\/03\/unnamed-9-3-225x300.jpg 225w, https:\/\/sgvaimudar.com.br\/wp-content\/uploads\/2025\/03\/unnamed-9-3-1152x1536.jpg 1152w, https:\/\/sgvaimudar.com.br\/wp-content\/uploads\/2025\/03\/unnamed-9-3.jpg 1200w\" sizes=\"(max-width: 768px) 100vw, 768px\" \/><\/figure>\n\n\n\n<p>Na a\u00e7\u00e3o desta ter\u00e7a, foram exemplificadas algumas amea\u00e7as \u00e0 natureza, foi feita a conscientiza\u00e7\u00e3o sobre as queimadas e outros crimes ambientais. Os alunos participaram de uma a\u00e7\u00e3o de reflorestamento de mudas em uma \u00e1rea que j\u00e1 pegou fogo, aprendendo sobre a import\u00e2ncia das florestas e como a falta delas impacta o clima e o bem-estar geral da sociedade. Ao final, os alunos escreveram sobre a floresta que eles gostariam de ter, com mais fauna e flora.<\/p>\n\n\n\n<p>&#8220;O Estudo Vivo busca fazer com que os alunos vivenciem a educa\u00e7\u00e3o ambiental. O projeto \u00e9 realizado durante todo o ano, mas, especificamente nesta data, \u00e9 em homenagem ao Dia das Florestas. Buscamos falar sobre a\u00e7\u00f5es de prote\u00e7\u00e3o ambiental, amea\u00e7as, buscamos entender a realidade ambiental que esses alunos conhecem e o que eles extraem dessas experi\u00eancias, al\u00e9m de debater como poderiam ser evitadas certas situa\u00e7\u00f5es, como queimadas&#8221;, disse o secret\u00e1rio de Meio Ambiente e Transportes, F\u00e1bio Lemos.<\/p>\n\n\n\n<p>Ele destacou tamb\u00e9m a import\u00e2ncia da \u00c1rea de Soltura de Animais Silvestres (ASAS) e do Grupamento de Defesa e Preserva\u00e7\u00e3o Ambiental (GPAm), da Guarda Municipal de S\u00e3o Gon\u00e7alo. &#8220;\u00c9 importante porque essas crian\u00e7as aprendem e levam esses ensinamentos para as suas casas, melhorando a sociedade num geral&#8221;, afirmou Lemos.<\/p>\n\n\n\n<p>As viv\u00eancias ocorrem todas as ter\u00e7as e quartas-feiras em dois hor\u00e1rios: das 09h \u00e0s 11h e das 14h \u00e0s 16h. A escola que deseja realizar o agendamento para visita\u00e7\u00e3o dos espa\u00e7os pode se inscrever pelo e-mail\u00a0<a rel=\"noreferrer noopener\" href=\"mailto:projetoestudovivosg@gmail.com\" target=\"_blank\">projetoestudovivosg@gmail.com<\/a>.<\/p>\n\n\n\n<p><strong><em>S\u00e3o Gon\u00e7alo vai mudar: Not\u00edcias de S\u00e3o Gon\u00e7alo e toda regi\u00e3o.<\/em><\/strong><\/p>\n\n\n\n<figure class=\"wp-block-image size-full\"><img decoding=\"async\" width=\"317\" height=\"110\" src=\"https:\/\/sgvaimudar.com.br\/wp-content\/uploads\/2023\/08\/cropped-Logo-Provisoria-2-2.png\" alt=\"\" class=\"wp-image-2782\" srcset=\"https:\/\/sgvaimudar.com.br\/wp-content\/uploads\/2023\/08\/cropped-Logo-Provisoria-2-2.png 317w, https:\/\/sgvaimudar.com.br\/wp-content\/uploads\/2023\/08\/cropped-Logo-Provisoria-2-2-300x104.png 300w\" sizes=\"(max-width: 317px) 100vw, 317px\" \/><\/figure>\n","protected":false},"excerpt":{"rendered":"<p>Atividades aconteceram nesta ter\u00e7a-feira em homenagem ao Dia Internacional das Florestas Alunos do 3\u00b0 ano do ensino fundamental da Escola&hellip;<\/p>\n","protected":false},"author":5,"featured_media":22135,"comment_status":"open","ping_status":"open","sticky":false,"template":"","format":"standard","meta":{"fifu_image_url":"","fifu_image_alt":"","footnotes":""},"categories":[3],"tags":[47,75],"class_list":["post-22133","post","type-post","status-publish","format-standard","has-post-thumbnail","hentry","category-sao-goncalo","tag-rj","tag-sao-goncalo"],"_links":{"self":[{"href":"https:\/\/sgvaimudar.com.br\/index.php\/wp-json\/wp\/v2\/posts\/22133","targetHints":{"allow":["GET"]}}],"collection":[{"href":"https:\/\/sgvaimudar.com.br\/index.php\/wp-json\/wp\/v2\/posts"}],"about":[{"href":"https:\/\/sgvaimudar.com.br\/index.php\/wp-json\/wp\/v2\/types\/post"}],"author":[{"embeddable":true,"href":"https:\/\/sgvaimudar.com.br\/index.php\/wp-json\/wp\/v2\/users\/5"}],"replies":[{"embeddable":true,"href":"https:\/\/sgvaimudar.com.br\/index.php\/wp-json\/wp\/v2\/comments?post=22133"}],"version-history":[{"count":1,"href":"https:\/\/sgvaimudar.com.br\/index.php\/wp-json\/wp\/v2\/posts\/22133\/revisions"}],"predecessor-version":[{"id":22136,"href":"https:\/\/sgvaimudar.com.br\/index.php\/wp-json\/wp\/v2\/posts\/22133\/revisions\/22136"}],"wp:featuredmedia":[{"embeddable":true,"href":"https:\/\/sgvaimudar.com.br\/index.php\/wp-json\/wp\/v2\/media\/22135"}],"wp:attachment":[{"href":"https:\/\/sgvaimudar.com.br\/index.php\/wp-json\/wp\/v2\/media?parent=22133"}],"wp:term":[{"taxonomy":"category","embeddable":true,"href":"https:\/\/sgvaimudar.com.br\/index.php\/wp-json\/wp\/v2\/categories?post=22133"},{"taxonomy":"post_tag","embeddable":true,"href":"https:\/\/sgvaimudar.com.br\/index.php\/wp-json\/wp\/v2\/tags?post=22133"}],"curies":[{"name":"wp","href":"https:\/\/api.w.org\/{rel}","templated":true}]}}