{"id":22125,"date":"2025-03-19T11:59:00","date_gmt":"2025-03-19T14:59:00","guid":{"rendered":"https:\/\/sgvaimudar.com.br\/?p=22125"},"modified":"2025-03-19T10:44:00","modified_gmt":"2025-03-19T13:44:00","slug":"policiais-do-35obpm-resgatam-adolescente-que-seria-morto-no-tribunal-do-trafico-em-rio-bonito","status":"publish","type":"post","link":"https:\/\/sgvaimudar.com.br\/index.php\/2025\/03\/19\/policiais-do-35obpm-resgatam-adolescente-que-seria-morto-no-tribunal-do-trafico-em-rio-bonito\/","title":{"rendered":"Policiais do 35\u00baBPM resgatam adolescente que seria morto no &#8216;tribunal do tr\u00e1fico&#8217; em Rio Bonito"},"content":{"rendered":"\n<p><em>Ele, que \u00e9 um &#8220;velho&#8221; conhecido da pol\u00edcia \u00e9 conhecido como <strong>Jabuticaba<\/strong> e suspeito de homic\u00eddio ocorrido na \u00faltima segunda-feira (17\/03), no bairro Boqueir\u00e3o<\/em><\/p>\n\n\n\n<p>Os policiais militares do 35\u00baBPM resgataram um adolescente que seria morto no &#8220;tribunal do tr\u00e1fico&#8221; nesta ter\u00e7a-feira (18). Ele foi salvo pelos policiais na Comunidade do Boqueir\u00e3o, em Rio Bonito, ap\u00f3s uma a\u00e7\u00e3o de intelig\u00eancia do comandante tenente coronel J\u00falio Cesar, por meio da guarni\u00e7\u00e3o da VTR-1 da 3\u00aa Cia.<\/p>\n\n\n\n<p><strong>DIN\u00c2MICA <\/strong>&#8211; Com a informa\u00e7\u00e3o de que o menor de idade, estaria amarrado pelos p\u00eas com uma corrente, pedindo ajuda uma equipe policial foi at\u00e9 ao n\u00famero 15 da Rua Jo\u00e3o Silva Lessa e localizaram o adolescente W. F. J. de 16 anos, vulgo &#8220;<strong><em>Jabuticaba<\/em><\/strong>&#8220;.<\/p>\n\n\n\n<figure class=\"wp-block-image size-large\"><img fetchpriority=\"high\" decoding=\"async\" width=\"576\" height=\"1024\" src=\"https:\/\/sgvaimudar.com.br\/wp-content\/uploads\/2025\/03\/WhatsApp-Image-2025-03-19-at-08.46.33-576x1024.jpeg\" alt=\"\" class=\"wp-image-22128\" srcset=\"https:\/\/sgvaimudar.com.br\/wp-content\/uploads\/2025\/03\/WhatsApp-Image-2025-03-19-at-08.46.33-576x1024.jpeg 576w, https:\/\/sgvaimudar.com.br\/wp-content\/uploads\/2025\/03\/WhatsApp-Image-2025-03-19-at-08.46.33-169x300.jpeg 169w, https:\/\/sgvaimudar.com.br\/wp-content\/uploads\/2025\/03\/WhatsApp-Image-2025-03-19-at-08.46.33-768x1366.jpeg 768w, https:\/\/sgvaimudar.com.br\/wp-content\/uploads\/2025\/03\/WhatsApp-Image-2025-03-19-at-08.46.33-864x1536.jpeg 864w, https:\/\/sgvaimudar.com.br\/wp-content\/uploads\/2025\/03\/WhatsApp-Image-2025-03-19-at-08.46.33.jpeg 899w\" sizes=\"(max-width: 576px) 100vw, 576px\" \/><\/figure>\n\n\n\n<p>Segundo a pol\u00edcia, apesar da pouca idade ele \u00e9 j\u00e1 \u00e9 conhecido pela guarni\u00e7\u00e3o e suspeito do homic\u00eddio ocorrido recentemente (segunda-feira, 17\/03) no mesmo local , que vitimou Huderson Luis Figueiredo Jeronimo. Os agentes suspeitam que essa tenha sido a raz\u00e3o de ele ter sido mantido ref\u00e9m no Boqueir\u00e3o, territ\u00f3rio controlado por traficantes do Comando Vermelho (CV).<\/p>\n\n\n\n<p>A pol\u00edcia disse, com exclusividade ao<strong> S\u00e3o Gon\u00e7alo Vai Mudar<\/strong>, que o adolescente foi pego pelos elementos conhecido como <strong>\u201cTH\u201d<\/strong> e <strong>\u201cGORDO\u201d<\/strong> que fugiram e n\u00e3o foram localizados. <\/p>\n\n\n\n<p>Eles acorrentaram e torturaram o adolescente com pauladas na cabe\u00e7a, socos, e chutes. Segundo <strong><em>&#8220;Jabuticaba<\/em><\/strong>&#8220;, <strong><em>\u201cTH\u201d<\/em><\/strong> teria efetuado dois disparos de arma de fogo pr\u00f3ximo a sua cabe\u00e7a, a mando do traficante de vulgo <strong><em>\u201cMaribondo\u201d<\/em><\/strong>, pois ele alegava que o menor seria informante da pol\u00edcia.\u00a0 <\/p>\n\n\n\n<p>Na opera\u00e7\u00e3o, que foi intensificada por determina\u00e7\u00e3o do comandante do 35\u00aaBPM, tenente coronel J\u00falio Cesar, durante patrulhamento no bairro Boqueir\u00e3o \u2013 Rio Bonito, a fim de tentar localizar os autores do homic\u00eddio ocorrido no final de semana, uma guarni\u00e7\u00e3o do Patamo \u201cAlfa\u201d 3\u00aaCia localizou <strong><em>\u201cTH\u201d<\/em><\/strong> lideran\u00e7a do tr\u00e1fico de drogas do local e tamb\u00e9m suspeito de ter participado do homic\u00eddio da \u00faltima segunda-feira (17\/03) no mesmo bairro.\u00a0\u00a0<\/p>\n\n\n\n<p>A ocorr\u00eancia foi apresentada na 119\u00aa DP onde o <strong><em>\u201cTH\u201d<\/em><\/strong> foi autuado no crime de tortura praticado no adolescente.<\/p>\n\n\n\n<p>A pol\u00edcia ressaltou que, em sede policial, ap\u00f3s depoimentos de <strong><em>\u201cTH\u201d<\/em><\/strong> e do adolescente,  por determina\u00e7\u00e3o do delegado de pol\u00edcia os dois foram arrolados, como autores, no inqu\u00e9rito policial que investiga o homic\u00eddio de Huderson Luis Figueiredo Jeronimo no bairro Boqueir\u00e3o.<\/p>\n\n\n\n<p><strong><em>Fa\u00e7a sua den\u00fancia pelo nosso WhatsApp: (21) 97138-0190<\/em><\/strong><\/p>\n\n\n\n<p><strong><em>S\u00e3o Gon\u00e7alo vai mudar: Not\u00edcias de S\u00e3o Gon\u00e7alo e toda regi\u00e3o.<\/em><\/strong><\/p>\n\n\n\n<figure class=\"wp-block-image size-full\"><img decoding=\"async\" width=\"317\" height=\"110\" src=\"https:\/\/sgvaimudar.com.br\/wp-content\/uploads\/2023\/08\/cropped-Logo-Provisoria-2-2.png\" alt=\"\" class=\"wp-image-2782\" srcset=\"https:\/\/sgvaimudar.com.br\/wp-content\/uploads\/2023\/08\/cropped-Logo-Provisoria-2-2.png 317w, https:\/\/sgvaimudar.com.br\/wp-content\/uploads\/2023\/08\/cropped-Logo-Provisoria-2-2-300x104.png 300w\" sizes=\"(max-width: 317px) 100vw, 317px\" \/><\/figure>\n","protected":false},"excerpt":{"rendered":"<p>Ele, que \u00e9 um &#8220;velho&#8221; conhecido da pol\u00edcia \u00e9 conhecido como Jabuticaba e suspeito de homic\u00eddio ocorrido na \u00faltima segunda-feira&hellip;<\/p>\n","protected":false},"author":5,"featured_media":22126,"comment_status":"open","ping_status":"open","sticky":false,"template":"","format":"standard","meta":{"fifu_image_url":"","fifu_image_alt":"","footnotes":""},"categories":[32],"tags":[39,41,40,47],"class_list":["post-22125","post","type-post","status-publish","format-standard","has-post-thumbnail","hentry","category-casos-de-policia","tag-ataque","tag-conflito","tag-guerra","tag-rj"],"_links":{"self":[{"href":"https:\/\/sgvaimudar.com.br\/index.php\/wp-json\/wp\/v2\/posts\/22125","targetHints":{"allow":["GET"]}}],"collection":[{"href":"https:\/\/sgvaimudar.com.br\/index.php\/wp-json\/wp\/v2\/posts"}],"about":[{"href":"https:\/\/sgvaimudar.com.br\/index.php\/wp-json\/wp\/v2\/types\/post"}],"author":[{"embeddable":true,"href":"https:\/\/sgvaimudar.com.br\/index.php\/wp-json\/wp\/v2\/users\/5"}],"replies":[{"embeddable":true,"href":"https:\/\/sgvaimudar.com.br\/index.php\/wp-json\/wp\/v2\/comments?post=22125"}],"version-history":[{"count":2,"href":"https:\/\/sgvaimudar.com.br\/index.php\/wp-json\/wp\/v2\/posts\/22125\/revisions"}],"predecessor-version":[{"id":22129,"href":"https:\/\/sgvaimudar.com.br\/index.php\/wp-json\/wp\/v2\/posts\/22125\/revisions\/22129"}],"wp:featuredmedia":[{"embeddable":true,"href":"https:\/\/sgvaimudar.com.br\/index.php\/wp-json\/wp\/v2\/media\/22126"}],"wp:attachment":[{"href":"https:\/\/sgvaimudar.com.br\/index.php\/wp-json\/wp\/v2\/media?parent=22125"}],"wp:term":[{"taxonomy":"category","embeddable":true,"href":"https:\/\/sgvaimudar.com.br\/index.php\/wp-json\/wp\/v2\/categories?post=22125"},{"taxonomy":"post_tag","embeddable":true,"href":"https:\/\/sgvaimudar.com.br\/index.php\/wp-json\/wp\/v2\/tags?post=22125"}],"curies":[{"name":"wp","href":"https:\/\/api.w.org\/{rel}","templated":true}]}}