{"id":22107,"date":"2025-03-19T08:59:00","date_gmt":"2025-03-19T11:59:00","guid":{"rendered":"https:\/\/sgvaimudar.com.br\/?p=22107"},"modified":"2025-03-19T09:10:23","modified_gmt":"2025-03-19T12:10:23","slug":"jovem-da-o-grau-em-moto-e-e-pego-por-policiais-do-seguranca-presente-de-itaborai","status":"publish","type":"post","link":"https:\/\/sgvaimudar.com.br\/index.php\/2025\/03\/19\/jovem-da-o-grau-em-moto-e-e-pego-por-policiais-do-seguranca-presente-de-itaborai\/","title":{"rendered":"Jovem &#8216;d\u00e1 o grau&#8217; em moto e \u00e9 pego por policiais do Seguran\u00e7a Presente de Itabora\u00ed"},"content":{"rendered":"\n<p><em>A\u00e7\u00e3o foi aplaudida por moradores que n\u00e3o aquentam mais o ato delinquente no bairro Sossego<\/em><\/p>\n\n\n\n<p>Um jovem de 19 anos foi flagrado empinando a moto enquanto trafegava pelas ruas de&nbsp;Itabora\u00ed e foi pego na Rua Alberto Azeredo, no bairro Sossego. Ele foi visto por um policial militar do Seguran\u00e7a Presente, que correu e o perseguiu e n\u00e3o o deixou fugir.<\/p>\n\n\n\n<p>Um morador local que n\u00e3o quis se identificar disse estar revoltado com os barulhos de escapamentos e manobras perigosas feitas por motociclistas durante a noite, de dia e aos fins de semana. <\/p>\n\n\n\n<p>&#8220;Parab\u00e9ns para \u00e0 pol\u00edcia que acabou com esta bagun\u00e7a na regi\u00e3o. Infelizmente eles voltam. N\u00e3o aquentamos mais tanto barulho e os delinquentes &#8216;dando o grau&#8217;. D\u00e1 vontade de baixar o cacete. N\u00e3o vamos aceitar essas coisas na nossa comunidade&#8221;, disse o morador.<\/p>\n\n\n\n<p><strong>DIN\u00c2MICA <\/strong>&#8211; Segundo os militares, uma guarni\u00e7\u00e3o em patrulhamento pelo local citado, por volta das 14h50min.,  deparou se com o acusado em uma motocicleta sem placa de identifica\u00e7\u00e3o, tamb\u00e9m sem capacete e em alta velocidade na via p\u00fablica.<\/p>\n\n\n\n<p>De acordo com a PM, na a\u00e7\u00e3o, foi feita a abordagem e na hora que os policiais perguntaram sobre os documentos ele disse que n\u00e3o tinha habilita\u00e7\u00e3o e que a moto n\u00e3o possu\u00eda documento.<\/p>\n\n\n\n<p>Com isso, o suspeito foi conduzido para 71\u00b0 DP. Na delegacia o inspetor Ramom Jesus verificou a numera\u00e7\u00e3o do motor e constatou que faltava um n\u00famero onde a ocorr\u00eancia foi finalizada pelo artigo 311 (adultera\u00e7\u00e3o de sinal identificador).<\/p>\n\n\n\n<p>A pol\u00edcia informou que o indiv\u00edduo que conduzia a motocicleta n\u00e3o permaneceu preso e vai responder em liberdade. Sobre a motocicleta, ela ficou apreendida por n\u00e3o ter como ser identificada devido n\u00e3o ter o n\u00famero de chassi e nem placa de identifica\u00e7\u00e3o.<\/p>\n\n\n\n<p>Segundo a Secretaria de Estado de Pol\u00edcia Militar (PMERJ), conduzir motocicleta fazendo malabarismo ou equilibrando-se apenas em uma roda \u00e9 infra\u00e7\u00e3o grav\u00edssima, conforme&nbsp;C\u00f3digo de Tr\u00e2nsito Brasileiro. A penalidade prevista \u00e9 de multa, al\u00e9m de suspens\u00e3o do direito de dirigir.<\/p>\n\n\n\n<p>Em S\u00e3o Gon\u00e7alo, na \u00faltima segunda-feira (17\/3) morreu um influenciador digital conhecido como L\u00e9o do Grau, por suas manobras radicais sobre duas rodas. O acidente aconteceu no bairro da Trindade. Com quase 100 mil seguidores no Instagram, ele era uma refer\u00eancia na pr\u00e1tica de manobras e empinadas, conquistando admiradores por sua habilidade e paix\u00e3o pelo motociclismo.<\/p>\n\n\n\n<p><\/p>\n\n\n\n<p><strong><em>Fa\u00e7a sua den\u00fancia pelo nosso WhatsApp: (21) 97138-0190<\/em><\/strong><\/p>\n\n\n\n<p><strong><em>S\u00e3o Gon\u00e7alo vai mudar: Not\u00edcias de S\u00e3o Gon\u00e7alo e toda regi\u00e3o.<\/em><\/strong><\/p>\n\n\n\n<figure class=\"wp-block-image size-full\"><img decoding=\"async\" width=\"317\" height=\"110\" src=\"https:\/\/sgvaimudar.com.br\/wp-content\/uploads\/2023\/08\/cropped-Logo-Provisoria-2-2.png\" alt=\"\" class=\"wp-image-2782\" srcset=\"https:\/\/sgvaimudar.com.br\/wp-content\/uploads\/2023\/08\/cropped-Logo-Provisoria-2-2.png 317w, https:\/\/sgvaimudar.com.br\/wp-content\/uploads\/2023\/08\/cropped-Logo-Provisoria-2-2-300x104.png 300w\" sizes=\"(max-width: 317px) 100vw, 317px\" \/><\/figure>\n","protected":false},"excerpt":{"rendered":"<p>A\u00e7\u00e3o foi aplaudida por moradores que n\u00e3o aquentam mais o ato delinquente no bairro Sossego Um jovem de 19 anos&hellip;<\/p>\n","protected":false},"author":5,"featured_media":22108,"comment_status":"open","ping_status":"open","sticky":false,"template":"","format":"standard","meta":{"fifu_image_url":"","fifu_image_alt":"","footnotes":""},"categories":[32],"tags":[39,41,40,47],"class_list":["post-22107","post","type-post","status-publish","format-standard","has-post-thumbnail","hentry","category-casos-de-policia","tag-ataque","tag-conflito","tag-guerra","tag-rj"],"_links":{"self":[{"href":"https:\/\/sgvaimudar.com.br\/index.php\/wp-json\/wp\/v2\/posts\/22107","targetHints":{"allow":["GET"]}}],"collection":[{"href":"https:\/\/sgvaimudar.com.br\/index.php\/wp-json\/wp\/v2\/posts"}],"about":[{"href":"https:\/\/sgvaimudar.com.br\/index.php\/wp-json\/wp\/v2\/types\/post"}],"author":[{"embeddable":true,"href":"https:\/\/sgvaimudar.com.br\/index.php\/wp-json\/wp\/v2\/users\/5"}],"replies":[{"embeddable":true,"href":"https:\/\/sgvaimudar.com.br\/index.php\/wp-json\/wp\/v2\/comments?post=22107"}],"version-history":[{"count":2,"href":"https:\/\/sgvaimudar.com.br\/index.php\/wp-json\/wp\/v2\/posts\/22107\/revisions"}],"predecessor-version":[{"id":22115,"href":"https:\/\/sgvaimudar.com.br\/index.php\/wp-json\/wp\/v2\/posts\/22107\/revisions\/22115"}],"wp:featuredmedia":[{"embeddable":true,"href":"https:\/\/sgvaimudar.com.br\/index.php\/wp-json\/wp\/v2\/media\/22108"}],"wp:attachment":[{"href":"https:\/\/sgvaimudar.com.br\/index.php\/wp-json\/wp\/v2\/media?parent=22107"}],"wp:term":[{"taxonomy":"category","embeddable":true,"href":"https:\/\/sgvaimudar.com.br\/index.php\/wp-json\/wp\/v2\/categories?post=22107"},{"taxonomy":"post_tag","embeddable":true,"href":"https:\/\/sgvaimudar.com.br\/index.php\/wp-json\/wp\/v2\/tags?post=22107"}],"curies":[{"name":"wp","href":"https:\/\/api.w.org\/{rel}","templated":true}]}}