{"id":22038,"date":"2025-03-18T06:27:40","date_gmt":"2025-03-18T09:27:40","guid":{"rendered":"https:\/\/sgvaimudar.com.br\/?p=22038"},"modified":"2025-03-18T06:27:40","modified_gmt":"2025-03-18T09:27:40","slug":"conmebol-sorteia-grupos-da-proxima-edicao-da-libertadores","status":"publish","type":"post","link":"https:\/\/sgvaimudar.com.br\/index.php\/2025\/03\/18\/conmebol-sorteia-grupos-da-proxima-edicao-da-libertadores\/","title":{"rendered":"Conmebol sorteia grupos da pr\u00f3xima edi\u00e7\u00e3o da Libertadores"},"content":{"rendered":"\n<p><em>Botafogo enfrenta Estudiantes, Universidad de Chile e Carabobo<\/em><\/p>\n\n\n\n<p>A Conmebol (Confedera\u00e7\u00e3o Sul-Americana de Futebol) sorteou, na noite desta segunda-feira (17) em Luque (Paraguai), os grupos da pr\u00f3xima edi\u00e7\u00e3o da Copa Libertadores. O atual campe\u00e3o Botafogo ficou no Grupo A, ao lado de Estudiantes (Argentina), Universidad de Chile (Chile) e Carabobo (Venezuela).<img decoding=\"async\" src=\"https:\/\/agenciabrasil.ebc.com.br\/ebc.png?id=1634892&amp;o=node\"><img decoding=\"async\" src=\"https:\/\/agenciabrasil.ebc.com.br\/ebc.gif?id=1634892&amp;o=node\"><\/p>\n\n\n\n<p>Outro forte candidato ao t\u00edtulo \u00e9 o Flamengo, que \u00e9 acompanhado no Grupo C por LDU (Equador), Deportivo T\u00e1chira (Venezuela) e Central C\u00f3rdoba (Argentina). O S\u00e3o Paulo aparece no Grupo D, junto com Libertad (Paraguai), Talleres (Argentina) e Alianza Lima (Peru).<\/p>\n\n\n\n<figure class=\"wp-block-image size-large\"><img fetchpriority=\"high\" decoding=\"async\" width=\"819\" height=\"1024\" src=\"https:\/\/sgvaimudar.com.br\/wp-content\/uploads\/2025\/03\/X2Twitter.com_GmSGPdeboAASZeW-819x1024.jpg\" alt=\"\" class=\"wp-image-22039\" srcset=\"https:\/\/sgvaimudar.com.br\/wp-content\/uploads\/2025\/03\/X2Twitter.com_GmSGPdeboAASZeW-819x1024.jpg 819w, https:\/\/sgvaimudar.com.br\/wp-content\/uploads\/2025\/03\/X2Twitter.com_GmSGPdeboAASZeW-240x300.jpg 240w, https:\/\/sgvaimudar.com.br\/wp-content\/uploads\/2025\/03\/X2Twitter.com_GmSGPdeboAASZeW-768x960.jpg 768w, https:\/\/sgvaimudar.com.br\/wp-content\/uploads\/2025\/03\/X2Twitter.com_GmSGPdeboAASZeW.jpg 960w\" sizes=\"(max-width: 819px) 100vw, 819px\" \/><\/figure>\n\n\n\n<p>O Grupo E tamb\u00e9m tem um represente do Brasil, o Fortaleza, que medir\u00e1 for\u00e7as com Racing (Argentina), Colo-Colo (Chile) e Atl\u00e9tico Bucaramanga (Col\u00f4mbia). Um dos grupos mais interessantes desta primeira fase deve ser o F, que conta com a presen\u00e7a do Nacional (Uruguai), do Atl\u00e9tico Nacional (Col\u00f4mbia) e de dois brasileiros: Bahia e Internacional.<\/p>\n\n\n\n<p>O \u00faltimo brasileiro na competi\u00e7\u00e3o \u00e9 o Palmeiras, que ter\u00e1 pela frente Bol\u00edvar (Bol\u00edvia), Sporting Cristal (Peru) e Cerro Porte\u00f1o (Paraguai).<\/p>\n\n\n\n<p>A fase de grupos da Copa Libertadores ser\u00e1 disputada a partir do dia 2 de abril. A final da principal competi\u00e7\u00e3o de clubes do continente est\u00e1 marcada para o dia 29 novembro. A sede ainda n\u00e3o foi definida.<\/p>\n\n\n\n<p><strong>\ud835\udc6d\ud835\udc82\ud835\udc84<\/strong><strong>\u0327<\/strong><strong>\ud835\udc82<\/strong><strong> <\/strong><strong>\ud835\udc94\ud835\udc96\ud835\udc82<\/strong><strong> <\/strong><strong>\ud835\udc85\ud835\udc86\ud835\udc8f\ud835\udc96<\/strong><strong>\u0301<\/strong><strong>\ud835\udc8f\ud835\udc84\ud835\udc8a\ud835\udc82<\/strong><strong> <\/strong><strong>\ud835\udc91\ud835\udc86\ud835\udc8d\ud835\udc90<\/strong><strong> <\/strong><strong>\ud835\udc8f\ud835\udc90\ud835\udc94\ud835\udc94\ud835\udc90<\/strong><strong> <\/strong><strong>\ud835\udc7e\ud835\udc89\ud835\udc82\ud835\udc95\ud835\udc94\ud835\udc68\ud835\udc91\ud835\udc91: (21)<\/strong><strong>97138-0190<\/strong><strong><em><\/em><\/strong><\/p>\n\n\n\n<p><strong><em>S\u00e3o Gon\u00e7alo vai mudar: Not\u00edcias de S\u00e3o Gon\u00e7alo e toda regi\u00e3o.<\/em><\/strong><\/p>\n\n\n\n<figure class=\"wp-block-image size-full\"><img decoding=\"async\" width=\"317\" height=\"110\" src=\"https:\/\/sgvaimudar.com.br\/wp-content\/uploads\/2023\/08\/cropped-Logo-Provisoria-2-2.png\" alt=\"\" class=\"wp-image-2782\" srcset=\"https:\/\/sgvaimudar.com.br\/wp-content\/uploads\/2023\/08\/cropped-Logo-Provisoria-2-2.png 317w, https:\/\/sgvaimudar.com.br\/wp-content\/uploads\/2023\/08\/cropped-Logo-Provisoria-2-2-300x104.png 300w\" sizes=\"(max-width: 317px) 100vw, 317px\" \/><\/figure>\n\n\n\n<p><\/p>\n","protected":false},"excerpt":{"rendered":"<p>Botafogo enfrenta Estudiantes, Universidad de Chile e Carabobo A Conmebol (Confedera\u00e7\u00e3o Sul-Americana de Futebol) sorteou, na noite desta segunda-feira (17)&hellip;<\/p>\n","protected":false},"author":5,"featured_media":22040,"comment_status":"open","ping_status":"open","sticky":false,"template":"","format":"standard","meta":{"fifu_image_url":"","fifu_image_alt":"","footnotes":""},"categories":[5],"tags":[],"class_list":["post-22038","post","type-post","status-publish","format-standard","has-post-thumbnail","hentry","category-esportes"],"_links":{"self":[{"href":"https:\/\/sgvaimudar.com.br\/index.php\/wp-json\/wp\/v2\/posts\/22038","targetHints":{"allow":["GET"]}}],"collection":[{"href":"https:\/\/sgvaimudar.com.br\/index.php\/wp-json\/wp\/v2\/posts"}],"about":[{"href":"https:\/\/sgvaimudar.com.br\/index.php\/wp-json\/wp\/v2\/types\/post"}],"author":[{"embeddable":true,"href":"https:\/\/sgvaimudar.com.br\/index.php\/wp-json\/wp\/v2\/users\/5"}],"replies":[{"embeddable":true,"href":"https:\/\/sgvaimudar.com.br\/index.php\/wp-json\/wp\/v2\/comments?post=22038"}],"version-history":[{"count":1,"href":"https:\/\/sgvaimudar.com.br\/index.php\/wp-json\/wp\/v2\/posts\/22038\/revisions"}],"predecessor-version":[{"id":22041,"href":"https:\/\/sgvaimudar.com.br\/index.php\/wp-json\/wp\/v2\/posts\/22038\/revisions\/22041"}],"wp:featuredmedia":[{"embeddable":true,"href":"https:\/\/sgvaimudar.com.br\/index.php\/wp-json\/wp\/v2\/media\/22040"}],"wp:attachment":[{"href":"https:\/\/sgvaimudar.com.br\/index.php\/wp-json\/wp\/v2\/media?parent=22038"}],"wp:term":[{"taxonomy":"category","embeddable":true,"href":"https:\/\/sgvaimudar.com.br\/index.php\/wp-json\/wp\/v2\/categories?post=22038"},{"taxonomy":"post_tag","embeddable":true,"href":"https:\/\/sgvaimudar.com.br\/index.php\/wp-json\/wp\/v2\/tags?post=22038"}],"curies":[{"name":"wp","href":"https:\/\/api.w.org\/{rel}","templated":true}]}}