{"id":21995,"date":"2025-03-17T07:41:28","date_gmt":"2025-03-17T10:41:28","guid":{"rendered":"https:\/\/sgvaimudar.com.br\/?p=21995"},"modified":"2025-03-17T07:41:29","modified_gmt":"2025-03-17T10:41:29","slug":"projeto-lidera-mulher-abre-vagas-para-a-14a-turma","status":"publish","type":"post","link":"https:\/\/sgvaimudar.com.br\/index.php\/2025\/03\/17\/projeto-lidera-mulher-abre-vagas-para-a-14a-turma\/","title":{"rendered":"Projeto Lidera Mulher abre vagas para a 14\u00aa turma"},"content":{"rendered":"\n<p><em>Inscri\u00e7\u00f5es v\u00e3o at\u00e9 o dia 8 de abril<\/em><\/p>\n\n\n\n<p>O\u00a0Projeto Lidera Mulher, sucesso que atrai gon\u00e7alenses visando a qualifica\u00e7\u00e3o feminina no ramo do empreendedorismo, vai iniciar a sua 14\u00aa turma. As inscri\u00e7\u00f5es para a segunda turma de 2025 est\u00e3o abertas e os interessados devem se inscrever at\u00e9 o dia 8 de abril.<\/p>\n\n\n\n<p>Com mais de 1.400 alunas formadas, o projeto da Subsecretaria de Pol\u00edticas P\u00fablicas para as Mulheres da Prefeitura de S\u00e3o Gon\u00e7alo, em parceria com o Sebrae, \u00e9 uma capacita\u00e7\u00e3o gratuita para pr\u00e1ticas empreendedoras que aborda temas como administra\u00e7\u00e3o, planejamento de neg\u00f3cios, t\u00e9cnicas de vendas, uso das m\u00eddias sociais, entre outros.<\/p>\n\n\n\n<figure class=\"wp-block-image size-large\"><img fetchpriority=\"high\" decoding=\"async\" width=\"819\" height=\"1024\" src=\"https:\/\/sgvaimudar.com.br\/wp-content\/uploads\/2025\/03\/unnamed-2-11-819x1024.jpg\" alt=\"\" class=\"wp-image-21996\" srcset=\"https:\/\/sgvaimudar.com.br\/wp-content\/uploads\/2025\/03\/unnamed-2-11-819x1024.jpg 819w, https:\/\/sgvaimudar.com.br\/wp-content\/uploads\/2025\/03\/unnamed-2-11-240x300.jpg 240w, https:\/\/sgvaimudar.com.br\/wp-content\/uploads\/2025\/03\/unnamed-2-11-768x960.jpg 768w, https:\/\/sgvaimudar.com.br\/wp-content\/uploads\/2025\/03\/unnamed-2-11.jpg 1080w\" sizes=\"(max-width: 819px) 100vw, 819px\" \/><\/figure>\n\n\n\n<p>A inscri\u00e7\u00e3o pode ser feita atrav\u00e9s do e-mail:&nbsp;<a href=\"mailto:inscricaolideramulher@gmail.com\" rel=\"noreferrer noopener\" target=\"_blank\"><u>inscricaolideramulher@gmail.com<\/u><\/a>&nbsp;e nos espa\u00e7os f\u00edsicos do Lidera Mulher, no Shopping Partage ou na Feira da Mulher Empreendedora, na Pra\u00e7a Dr. Luiz Palmier.<\/p>\n\n\n\n<p>As aulas come\u00e7am no dia 10 de abril e v\u00e3o acontecer, presencialmente, no Espa\u00e7o Mais Conhecimento, localizado no 3\u00ba piso do Shopping Partage.<\/p>\n\n\n\n<p>\ud835\udc6d\ud835\udc82\ud835\udc84\u0327\ud835\udc82 \ud835\udc94\ud835\udc96\ud835\udc82 \ud835\udc85\ud835\udc86\ud835\udc8f\ud835\udc96\u0301\ud835\udc8f\ud835\udc84\ud835\udc8a\ud835\udc82 \ud835\udc91\ud835\udc86\ud835\udc8d\ud835\udc90 \ud835\udc8f\ud835\udc90\ud835\udc94\ud835\udc94\ud835\udc90 \ud835\udc7e\ud835\udc89\ud835\udc82\ud835\udc95\ud835\udc94\ud835\udc68\ud835\udc91\ud835\udc91: <strong>(21) 97138-0190<\/strong><\/p>\n\n\n\n<figure class=\"wp-block-image size-full\"><img decoding=\"async\" width=\"317\" height=\"110\" src=\"https:\/\/sgvaimudar.com.br\/wp-content\/uploads\/2023\/08\/cropped-Logo-Provisoria-2-2.png\" alt=\"\" class=\"wp-image-2782\" srcset=\"https:\/\/sgvaimudar.com.br\/wp-content\/uploads\/2023\/08\/cropped-Logo-Provisoria-2-2.png 317w, https:\/\/sgvaimudar.com.br\/wp-content\/uploads\/2023\/08\/cropped-Logo-Provisoria-2-2-300x104.png 300w\" sizes=\"(max-width: 317px) 100vw, 317px\" \/><\/figure>\n","protected":false},"excerpt":{"rendered":"<p>Inscri\u00e7\u00f5es v\u00e3o at\u00e9 o dia 8 de abril O\u00a0Projeto Lidera Mulher, sucesso que atrai gon\u00e7alenses visando a qualifica\u00e7\u00e3o feminina no&hellip;<\/p>\n","protected":false},"author":5,"featured_media":21997,"comment_status":"open","ping_status":"open","sticky":false,"template":"","format":"standard","meta":{"fifu_image_url":"","fifu_image_alt":"","footnotes":""},"categories":[3],"tags":[47,75],"class_list":["post-21995","post","type-post","status-publish","format-standard","has-post-thumbnail","hentry","category-sao-goncalo","tag-rj","tag-sao-goncalo"],"_links":{"self":[{"href":"https:\/\/sgvaimudar.com.br\/index.php\/wp-json\/wp\/v2\/posts\/21995","targetHints":{"allow":["GET"]}}],"collection":[{"href":"https:\/\/sgvaimudar.com.br\/index.php\/wp-json\/wp\/v2\/posts"}],"about":[{"href":"https:\/\/sgvaimudar.com.br\/index.php\/wp-json\/wp\/v2\/types\/post"}],"author":[{"embeddable":true,"href":"https:\/\/sgvaimudar.com.br\/index.php\/wp-json\/wp\/v2\/users\/5"}],"replies":[{"embeddable":true,"href":"https:\/\/sgvaimudar.com.br\/index.php\/wp-json\/wp\/v2\/comments?post=21995"}],"version-history":[{"count":1,"href":"https:\/\/sgvaimudar.com.br\/index.php\/wp-json\/wp\/v2\/posts\/21995\/revisions"}],"predecessor-version":[{"id":21998,"href":"https:\/\/sgvaimudar.com.br\/index.php\/wp-json\/wp\/v2\/posts\/21995\/revisions\/21998"}],"wp:featuredmedia":[{"embeddable":true,"href":"https:\/\/sgvaimudar.com.br\/index.php\/wp-json\/wp\/v2\/media\/21997"}],"wp:attachment":[{"href":"https:\/\/sgvaimudar.com.br\/index.php\/wp-json\/wp\/v2\/media?parent=21995"}],"wp:term":[{"taxonomy":"category","embeddable":true,"href":"https:\/\/sgvaimudar.com.br\/index.php\/wp-json\/wp\/v2\/categories?post=21995"},{"taxonomy":"post_tag","embeddable":true,"href":"https:\/\/sgvaimudar.com.br\/index.php\/wp-json\/wp\/v2\/tags?post=21995"}],"curies":[{"name":"wp","href":"https:\/\/api.w.org\/{rel}","templated":true}]}}