{"id":21960,"date":"2025-03-16T11:00:00","date_gmt":"2025-03-16T14:00:00","guid":{"rendered":"https:\/\/sgvaimudar.com.br\/?p=21960"},"modified":"2025-03-16T05:41:54","modified_gmt":"2025-03-16T08:41:54","slug":"hospital-de-marica-realiza-sonho-de-paciente-paraplegico-ir-a-praia-novamente","status":"publish","type":"post","link":"https:\/\/sgvaimudar.com.br\/index.php\/2025\/03\/16\/hospital-de-marica-realiza-sonho-de-paciente-paraplegico-ir-a-praia-novamente\/","title":{"rendered":"Hospital de Maric\u00e1 realiza sonho de paciente parapl\u00e9gico: ir \u00e0 praia novamente"},"content":{"rendered":"\n<p><em>Projeto da Secretaria de Sa\u00fade acolhe pedidos de pessoas com interna\u00e7\u00e3o prolongada, amenizando o per\u00edodo delicado de perman\u00eancia na unidade hospitalar<\/em><\/p>\n\n\n\n<p>Uma iniciativa do Hospital Municipal Conde Modesto Leal, em Maric\u00e1, garantiu a realiza\u00e7\u00e3o do sonho de um paciente, parapl\u00e9gico h\u00e1 quatro anos. Nesta sexta-feira (14\/03), Jean Marins Augusto, de 27 anos, foi levado a um passeio na praia, desejo que alimentava desde que ficou parapl\u00e9gico.<\/p>\n\n\n\n<p>O projeto \u201cPedido Especial\u201d, da equipe de servi\u00e7o social da unidade, acolhe solicita\u00e7\u00f5es de pacientes com interna\u00e7\u00e3o prolongada ou em cuidados paliativos, amenizando o per\u00edodo delicado de perman\u00eancia no hospital.<\/p>\n\n\n\n<p>O passeio ocorreu na Praia de Ponta Negra e contou com apoio de profissionais multidisciplinares da equipe t\u00e9cnica &#8211; composta por m\u00e9dica, nutricionista, t\u00e9cnico de enfermagem, psic\u00f3loga e assistente social, al\u00e9m de agentes da Secretaria de Prote\u00e7\u00e3o e Defesa Civil. Uma ambul\u00e2ncia do Samu, completamente equipada, ficou \u00e0 disposi\u00e7\u00e3o no local para atender o paciente PcD em qualquer intercorr\u00eancia.<\/p>\n\n\n\n<p>Em tratamento de uma infec\u00e7\u00e3o bacteriana, Jean &#8211; que ficou parapl\u00e9gico ap\u00f3s ser v\u00edtima de uma bala perdida &#8211; chegou \u00e0 praia de ambul\u00e2ncia amparado por toda a equipe t\u00e9cnica. Antes de ser internado no hospital municipal para tratar uma infec\u00e7\u00e3o bacteriana, o jovem estava h\u00e1 quatro anos sem ver o mar devido \u00e0 dificuldade de locomo\u00e7\u00e3o. Para atender o seu pedido, foi utilizada uma cadeira anf\u00edbia (equipamento espec\u00edfico para transitar na areia) que o levou \u00e0 beira mar.<\/p>\n\n\n\n<p>\u201cMuito bom. Estou feliz da vida. Estava ansioso por esse momento\u201d, comentou o jovem, visivelmente emocionado.<\/p>\n\n\n\n<p>A empres\u00e1ria Caroline Marins, de 30 anos, tamb\u00e9m n\u00e3o escondeu a emo\u00e7\u00e3o ao ver o primo em contato com o mar ap\u00f3s tanto tempo. \u201cFoi uma sensa\u00e7\u00e3o indescrit\u00edvel, s\u00f3 felicidade. Esse projeto \u00e9 incr\u00edvel\u201d, emendou.<\/p>\n\n\n\n<p>A m\u00e9dica Lilian Shio, coordenadora do servi\u00e7o de enfermaria de cl\u00ednica m\u00e9dica do Hospital Conde Modesto Leal, disse que atender o pedido do paciente em prolongada interna\u00e7\u00e3o \u00e9 uma forma de deix\u00e1-lo menos apreensivos. &nbsp;\u201cEsse momento que estamos vivendo aqui \u00e9 incr\u00edvel. Amanh\u00e3 o Jean vai passar por uma cirurgia e isso pode mudar muito a perspectiva de como ele enxerga o mundo\u201d, explicou.<\/p>\n\n\n\n<p>\u201c\u00c9 muito gratificante ver a alegria do paciente e perceber como isso contribui para a sua melhora cl\u00ednica\u201d, completou a coordenadora do Servi\u00e7o Social do hospital, Andreia Vasconcelos.<\/p>\n\n\n\n<p><strong><em>S\u00e3o Gon\u00e7alo vai mudar: Not\u00edcias de S\u00e3o Gon\u00e7alo e toda regi\u00e3o.<\/em><\/strong><\/p>\n\n\n\n<figure class=\"wp-block-image size-full\"><img decoding=\"async\" width=\"317\" height=\"110\" src=\"https:\/\/sgvaimudar.com.br\/wp-content\/uploads\/2023\/08\/cropped-Logo-Provisoria-2-2.png\" alt=\"\" class=\"wp-image-2782\" srcset=\"https:\/\/sgvaimudar.com.br\/wp-content\/uploads\/2023\/08\/cropped-Logo-Provisoria-2-2.png 317w, https:\/\/sgvaimudar.com.br\/wp-content\/uploads\/2023\/08\/cropped-Logo-Provisoria-2-2-300x104.png 300w\" sizes=\"(max-width: 317px) 100vw, 317px\" \/><\/figure>\n","protected":false},"excerpt":{"rendered":"<p>Projeto da Secretaria de Sa\u00fade acolhe pedidos de pessoas com interna\u00e7\u00e3o prolongada, amenizando o per\u00edodo delicado de perman\u00eancia na unidade&hellip;<\/p>\n","protected":false},"author":5,"featured_media":21961,"comment_status":"open","ping_status":"open","sticky":false,"template":"","format":"standard","meta":{"fifu_image_url":"","fifu_image_alt":"","footnotes":""},"categories":[7],"tags":[47],"class_list":["post-21960","post","type-post","status-publish","format-standard","has-post-thumbnail","hentry","category-saude","tag-rj"],"_links":{"self":[{"href":"https:\/\/sgvaimudar.com.br\/index.php\/wp-json\/wp\/v2\/posts\/21960","targetHints":{"allow":["GET"]}}],"collection":[{"href":"https:\/\/sgvaimudar.com.br\/index.php\/wp-json\/wp\/v2\/posts"}],"about":[{"href":"https:\/\/sgvaimudar.com.br\/index.php\/wp-json\/wp\/v2\/types\/post"}],"author":[{"embeddable":true,"href":"https:\/\/sgvaimudar.com.br\/index.php\/wp-json\/wp\/v2\/users\/5"}],"replies":[{"embeddable":true,"href":"https:\/\/sgvaimudar.com.br\/index.php\/wp-json\/wp\/v2\/comments?post=21960"}],"version-history":[{"count":1,"href":"https:\/\/sgvaimudar.com.br\/index.php\/wp-json\/wp\/v2\/posts\/21960\/revisions"}],"predecessor-version":[{"id":21962,"href":"https:\/\/sgvaimudar.com.br\/index.php\/wp-json\/wp\/v2\/posts\/21960\/revisions\/21962"}],"wp:featuredmedia":[{"embeddable":true,"href":"https:\/\/sgvaimudar.com.br\/index.php\/wp-json\/wp\/v2\/media\/21961"}],"wp:attachment":[{"href":"https:\/\/sgvaimudar.com.br\/index.php\/wp-json\/wp\/v2\/media?parent=21960"}],"wp:term":[{"taxonomy":"category","embeddable":true,"href":"https:\/\/sgvaimudar.com.br\/index.php\/wp-json\/wp\/v2\/categories?post=21960"},{"taxonomy":"post_tag","embeddable":true,"href":"https:\/\/sgvaimudar.com.br\/index.php\/wp-json\/wp\/v2\/tags?post=21960"}],"curies":[{"name":"wp","href":"https:\/\/api.w.org\/{rel}","templated":true}]}}