{"id":21958,"date":"2025-03-16T12:00:00","date_gmt":"2025-03-16T15:00:00","guid":{"rendered":"https:\/\/sgvaimudar.com.br\/?p=21958"},"modified":"2025-03-16T05:38:38","modified_gmt":"2025-03-16T08:38:38","slug":"homem-e-preso-apos-bater-na-mulher-e-na-filha-em-sao-goncalo","status":"publish","type":"post","link":"https:\/\/sgvaimudar.com.br\/index.php\/2025\/03\/16\/homem-e-preso-apos-bater-na-mulher-e-na-filha-em-sao-goncalo\/","title":{"rendered":"Homem \u00e9 preso ap\u00f3s bater na mulher e na filha em S\u00e3o Gon\u00e7alo"},"content":{"rendered":"\n<p><em>Acusado ficou sob cust\u00f3dia enquanto estava na UPA<\/em><\/p>\n\n\n\n<p>ma mulher e a filha menor de idade foram agredidas pelo marido na manh\u00e3 deste s\u00e1bado (15) no bairro Coelho, em S\u00e3o Gon\u00e7alo. A Pol\u00edcia Militar foi acionada pela crian\u00e7a e encontrou o agressor na Unidade de Pronto Atendimento (UPA) do Coluband\u00ea.<\/p>\n\n\n\n<p>Segundo o 7\u00ba BPM (S\u00e3o Gon\u00e7alo), o homem foi localizado na unidade de sa\u00fade, onde permaneceu internado sob cust\u00f3dia policial. Com ele, os agentes apreenderam uma faca.<\/p>\n\n\n\n<p>A mulher e a filha foram levadas para o Hospital Estadual Alberto Torres (Heat). O caso foi registrado na 74\u00aa DP (Alc\u00e2ntara). Procurada a Pol\u00edcia Civil n\u00e3o retornou at\u00e9 a publica\u00e7\u00e3o desta mat\u00e9ria.<\/p>\n\n\n\n<p><em>Fonte: enfoco\/ rep\u00f3rter Andr\u00e9 Silva<\/em><\/p>\n\n\n\n<figure class=\"wp-block-image size-full\"><img decoding=\"async\" width=\"317\" height=\"110\" src=\"https:\/\/sgvaimudar.com.br\/wp-content\/uploads\/2023\/08\/cropped-Logo-Provisoria-2-2.png\" alt=\"\" class=\"wp-image-2782\" srcset=\"https:\/\/sgvaimudar.com.br\/wp-content\/uploads\/2023\/08\/cropped-Logo-Provisoria-2-2.png 317w, https:\/\/sgvaimudar.com.br\/wp-content\/uploads\/2023\/08\/cropped-Logo-Provisoria-2-2-300x104.png 300w\" sizes=\"(max-width: 317px) 100vw, 317px\" \/><\/figure>\n","protected":false},"excerpt":{"rendered":"<p>Acusado ficou sob cust\u00f3dia enquanto estava na UPA ma mulher e a filha menor de idade foram agredidas pelo marido&hellip;<\/p>\n","protected":false},"author":5,"featured_media":0,"comment_status":"open","ping_status":"open","sticky":false,"template":"","format":"standard","meta":{"fifu_image_url":"","fifu_image_alt":"","footnotes":""},"categories":[32],"tags":[47,75],"class_list":["post-21958","post","type-post","status-publish","format-standard","hentry","category-casos-de-policia","tag-rj","tag-sao-goncalo"],"_links":{"self":[{"href":"https:\/\/sgvaimudar.com.br\/index.php\/wp-json\/wp\/v2\/posts\/21958","targetHints":{"allow":["GET"]}}],"collection":[{"href":"https:\/\/sgvaimudar.com.br\/index.php\/wp-json\/wp\/v2\/posts"}],"about":[{"href":"https:\/\/sgvaimudar.com.br\/index.php\/wp-json\/wp\/v2\/types\/post"}],"author":[{"embeddable":true,"href":"https:\/\/sgvaimudar.com.br\/index.php\/wp-json\/wp\/v2\/users\/5"}],"replies":[{"embeddable":true,"href":"https:\/\/sgvaimudar.com.br\/index.php\/wp-json\/wp\/v2\/comments?post=21958"}],"version-history":[{"count":1,"href":"https:\/\/sgvaimudar.com.br\/index.php\/wp-json\/wp\/v2\/posts\/21958\/revisions"}],"predecessor-version":[{"id":21959,"href":"https:\/\/sgvaimudar.com.br\/index.php\/wp-json\/wp\/v2\/posts\/21958\/revisions\/21959"}],"wp:attachment":[{"href":"https:\/\/sgvaimudar.com.br\/index.php\/wp-json\/wp\/v2\/media?parent=21958"}],"wp:term":[{"taxonomy":"category","embeddable":true,"href":"https:\/\/sgvaimudar.com.br\/index.php\/wp-json\/wp\/v2\/categories?post=21958"},{"taxonomy":"post_tag","embeddable":true,"href":"https:\/\/sgvaimudar.com.br\/index.php\/wp-json\/wp\/v2\/tags?post=21958"}],"curies":[{"name":"wp","href":"https:\/\/api.w.org\/{rel}","templated":true}]}}