{"id":21944,"date":"2025-03-16T07:00:00","date_gmt":"2025-03-16T10:00:00","guid":{"rendered":"https:\/\/sgvaimudar.com.br\/?p=21944"},"modified":"2025-03-16T05:28:21","modified_gmt":"2025-03-16T08:28:21","slug":"endrick-e-convocado-para-eliminatorias-apos-corte-de-neymar-por-lesao","status":"publish","type":"post","link":"https:\/\/sgvaimudar.com.br\/index.php\/2025\/03\/16\/endrick-e-convocado-para-eliminatorias-apos-corte-de-neymar-por-lesao\/","title":{"rendered":"Endrick \u00e9 convocado para Eliminat\u00f3rias ap\u00f3s corte de Neymar por les\u00e3o"},"content":{"rendered":"\n<p><em>Dorival tamb\u00e9m chamou o defensor Alex Sandro e o goleiro Lucas Perri<\/em><\/p>\n\n\n\n<p>A menos de uma semana do confronto contra a Col\u00f4mbia pela 13\u00aa rodada das Eliminat\u00f3rias Sul-Americanas para a Copa do Mundo de 2026, a sele\u00e7\u00e3o brasileira teve tr\u00eas jogadores cortados por contus\u00e3o: o atacante Neymar (Santos), o zagueiro Danilo (Flamengo) e o goleiro Ederson (Manchester City\/Inglaterra). <\/p>\n\n\n\n<p>O t\u00e9cnico Dorival J\u00fanior anunciou as primeiras baixas na equipe na noite de sexta-feira (14), quando tamb\u00e9m convocou os tr\u00eas respectivos substitutos: Endrick (Real Madrid\/Espanha), o defensor Alex Sandro (Flamengo) e Lucas Perri (Lyon\/Fran\u00e7a).<img decoding=\"async\" src=\"https:\/\/agenciabrasil.ebc.com.br\/ebc.png?id=1634748&amp;o=node\"><img decoding=\"async\" src=\"https:\/\/agenciabrasil.ebc.com.br\/ebc.gif?id=1634748&amp;o=node\"><\/p>\n\n\n\n<p>Maior artilheiro da hist\u00f3ria da sele\u00e7\u00e3o,&nbsp;Neymar fora convocad pela primeira vez por Dorival J\u00fanior no \u00faltimo dia 6.&nbsp;O camisa 10 vestiu a amarelinha pela \u00faltima vez na derrota do Brasil para o Uruguai (2 a 0) pelas Eliminat\u00f3rias, em outubro de 2023, quando sofreu les\u00e3o no joelho esquerdo que o deixou por um ano fora dos gramados.<\/p>\n\n\n\n<p>Em nota oficial, ap\u00f3s a desconvoca\u00e7\u00e3o de Neymar, o Santos afirmou que o atacante sofreu uma les\u00e3o muscular (sem rutura de fibras) na regi\u00e3o posterior da coxa esquerda, que o tirou da semifinal do Campeonato Paulista. O atleta seguir\u00e1 em tratamento cl\u00ednico nos pr\u00f3ximos dias.<\/p>\n\n\n\n<p>\u201cA precau\u00e7\u00e3o com rela\u00e7\u00e3o a este processo de recupera\u00e7\u00e3o ocorre em virtude do longo per\u00edodo sem atividade de alta intensidade do atleta, fato que ressalta a necessidade de um cuidadoso protocolo de preven\u00e7\u00e3o para a retomada de um novo ciclo de treinamentos e jogos&#8221;, pontuou o clube.<\/p>\n\n\n\n<p>O Brasil ocupa a quinta posi\u00e7\u00e3o na classifica\u00e7\u00e3o geral, a seis jogos do fim das Eliminat\u00f3rias. Nos \u00faltimos embates de 2024, a sele\u00e7\u00e3o empatou duas vezes em 1 a 1, a primeira fora de casa com a Venezuela, e a seguinte contra o Uruguai e Salvador.<\/p>\n\n\n\n<p>Os pr\u00f3ximos dois confrontos \u2013 Col\u00f4mbia (4\u00aa) e Argentina (1\u00aa) &#8211; ser\u00e3o decisivos para a amarelinha buscar a classifica\u00e7\u00e3o. Apenas as seis primeiras colocadas, de um total de 20 sele\u00e7\u00f5es, asseguram vaga direta no Mundial. Quem terminar em s\u00e9timo lugar disputar\u00e1 a repescagem.<\/p>\n\n\n\n<p>A delega\u00e7\u00e3o brasileira se apresenta na pr\u00f3xima segunda (17), em Bras\u00edlia, para o in\u00edcio da prepara\u00e7\u00e3o. Tr\u00eas dias depois enfrenta a Col\u00f4mbia, \u00e0s 21h45 (hor\u00e1rio de Bras\u00edlia), no Est\u00e1dio Man\u00e9 Garricha, na capital federal. O confronto contra a campe\u00e3 mundial Argentina ser\u00e1 no dia 25, \u00e0s 21h, no Monumental de Nu\u00f1ez, em Buenos Aires.<\/p>\n\n\n\n<p><strong><em>S\u00e3o Gon\u00e7alo vai mudar: Not\u00edcias de S\u00e3o Gon\u00e7alo e toda regi\u00e3o.<\/em><\/strong><\/p>\n\n\n\n<figure class=\"wp-block-image size-full\"><img decoding=\"async\" width=\"317\" height=\"110\" src=\"https:\/\/sgvaimudar.com.br\/wp-content\/uploads\/2023\/08\/cropped-Logo-Provisoria-2-2.png\" alt=\"\" class=\"wp-image-2782\" srcset=\"https:\/\/sgvaimudar.com.br\/wp-content\/uploads\/2023\/08\/cropped-Logo-Provisoria-2-2.png 317w, https:\/\/sgvaimudar.com.br\/wp-content\/uploads\/2023\/08\/cropped-Logo-Provisoria-2-2-300x104.png 300w\" sizes=\"(max-width: 317px) 100vw, 317px\" \/><\/figure>\n","protected":false},"excerpt":{"rendered":"<p>Dorival tamb\u00e9m chamou o defensor Alex Sandro e o goleiro Lucas Perri A menos de uma semana do confronto contra&hellip;<\/p>\n","protected":false},"author":5,"featured_media":21945,"comment_status":"open","ping_status":"open","sticky":false,"template":"","format":"standard","meta":{"fifu_image_url":"","fifu_image_alt":"","footnotes":""},"categories":[5],"tags":[],"class_list":["post-21944","post","type-post","status-publish","format-standard","has-post-thumbnail","hentry","category-esportes"],"_links":{"self":[{"href":"https:\/\/sgvaimudar.com.br\/index.php\/wp-json\/wp\/v2\/posts\/21944","targetHints":{"allow":["GET"]}}],"collection":[{"href":"https:\/\/sgvaimudar.com.br\/index.php\/wp-json\/wp\/v2\/posts"}],"about":[{"href":"https:\/\/sgvaimudar.com.br\/index.php\/wp-json\/wp\/v2\/types\/post"}],"author":[{"embeddable":true,"href":"https:\/\/sgvaimudar.com.br\/index.php\/wp-json\/wp\/v2\/users\/5"}],"replies":[{"embeddable":true,"href":"https:\/\/sgvaimudar.com.br\/index.php\/wp-json\/wp\/v2\/comments?post=21944"}],"version-history":[{"count":2,"href":"https:\/\/sgvaimudar.com.br\/index.php\/wp-json\/wp\/v2\/posts\/21944\/revisions"}],"predecessor-version":[{"id":21954,"href":"https:\/\/sgvaimudar.com.br\/index.php\/wp-json\/wp\/v2\/posts\/21944\/revisions\/21954"}],"wp:featuredmedia":[{"embeddable":true,"href":"https:\/\/sgvaimudar.com.br\/index.php\/wp-json\/wp\/v2\/media\/21945"}],"wp:attachment":[{"href":"https:\/\/sgvaimudar.com.br\/index.php\/wp-json\/wp\/v2\/media?parent=21944"}],"wp:term":[{"taxonomy":"category","embeddable":true,"href":"https:\/\/sgvaimudar.com.br\/index.php\/wp-json\/wp\/v2\/categories?post=21944"},{"taxonomy":"post_tag","embeddable":true,"href":"https:\/\/sgvaimudar.com.br\/index.php\/wp-json\/wp\/v2\/tags?post=21944"}],"curies":[{"name":"wp","href":"https:\/\/api.w.org\/{rel}","templated":true}]}}