{"id":21936,"date":"2025-03-15T19:00:00","date_gmt":"2025-03-15T22:00:00","guid":{"rendered":"https:\/\/sgvaimudar.com.br\/?p=21936"},"modified":"2025-03-14T22:04:45","modified_gmt":"2025-03-15T01:04:45","slug":"detro-rj-autua-onibus-intermunicipais-por-falhas-na-refrigeracao","status":"publish","type":"post","link":"https:\/\/sgvaimudar.com.br\/index.php\/2025\/03\/15\/detro-rj-autua-onibus-intermunicipais-por-falhas-na-refrigeracao\/","title":{"rendered":"Detro-RJ autua \u00f4nibus intermunicipais por falhas na refrigera\u00e7\u00e3o"},"content":{"rendered":"\n<p><em>\u00daltima a\u00e7\u00e3o da Opera\u00e7\u00e3o Controle T\u00e9rmico 2025 fiscalizou 137 coletivos e aplicou 16 autua\u00e7\u00f5es<\/em><\/p>\n\n\n\n<p>Cinco \u00f4nibus intermunicipais de linhas refrigeradas foram autuados por fiscais do Detro-RJ ap\u00f3s serem flagrados com seus aparelhos de ar condicionado desligados ou defeituosos. <\/p>\n\n\n\n<p>As fiscaliza\u00e7\u00f5es ocorreram na manh\u00e3 desta sexta-feira (14\/03), em terminais de todo o estado, durante a \u00faltima a\u00e7\u00e3o programada da \u201cOpera\u00e7\u00e3o Controle T\u00e9rmico 2025\u201d, que refor\u00e7ou a fiscaliza\u00e7\u00e3o da qualidade de viagens na frota refrigerada durante o ver\u00e3o fluminense.<\/p>\n\n\n\n<p>Al\u00e9m da temperatura, fiscais tamb\u00e9m estiveram atentos \u00e0 conserva\u00e7\u00e3o de ve\u00edculos e ao atendimento a passageiros nos terminais. Ao todo, 137 coletivos chegaram a ser abordados e fiscalizados, resultando na aplica\u00e7\u00e3o de 16 autos de infra\u00e7\u00e3o e dois \u00f4nibus recolhidos \u00e0 garagem.\u00a0<\/p>\n\n\n\n<figure class=\"wp-block-image size-large\"><img fetchpriority=\"high\" decoding=\"async\" width=\"1024\" height=\"576\" src=\"https:\/\/sgvaimudar.com.br\/wp-content\/uploads\/2025\/03\/4-1024x576.jpeg\" alt=\"\" class=\"wp-image-21937\" srcset=\"https:\/\/sgvaimudar.com.br\/wp-content\/uploads\/2025\/03\/4-1024x576.jpeg 1024w, https:\/\/sgvaimudar.com.br\/wp-content\/uploads\/2025\/03\/4-300x169.jpeg 300w, https:\/\/sgvaimudar.com.br\/wp-content\/uploads\/2025\/03\/4-768x432.jpeg 768w, https:\/\/sgvaimudar.com.br\/wp-content\/uploads\/2025\/03\/4-1536x864.jpeg 1536w, https:\/\/sgvaimudar.com.br\/wp-content\/uploads\/2025\/03\/4.jpeg 1600w\" sizes=\"(max-width: 1024px) 100vw, 1024px\" \/><\/figure>\n\n\n\n<p>As cinco autua\u00e7\u00f5es por problemas na refrigera\u00e7\u00e3o se somam a outras 11 aplicadas por diferentes irregularidades. Tr\u00eas autua\u00e7\u00f5es foram expedidas por problemas relacionados ao selo de autoriza\u00e7\u00e3o para tr\u00e1fego; outras tr\u00eas para \u00f4nibus que n\u00e3o pararam junto ao meio-fio para embarque ou desembarque de passageiros; duas por estacionamento em fila dupla, prejudicando a passagem; e uma cada por falta de limpeza do ve\u00edculo, defeitos em luzes de sinaliza\u00e7\u00e3o externa e atitudes inconvenientes de funcion\u00e1rios.<\/p>\n\n\n\n<p>A a\u00e7\u00e3o ocorreu simultaneamente na Rodovi\u00e1ria do Rio, em pontos do bairro Campo Grande, tamb\u00e9m no Rio de Janeiro; nos terminais rodovi\u00e1rios de Nova Igua\u00e7u e Itaperuna; no Terminal Rodovi\u00e1rio Jo\u00e3o Goulart, em Niter\u00f3i; no Terminal Rodovi\u00e1rio Shopping Duque de Caxias; no Terminal Rodovi\u00e1rio Francisco Torres; no Terminal Rodovi\u00e1rio Alex Novelino, em Cabo Frio; e no Terminal Rodovi\u00e1rio Roberto Silveira.<\/p>\n\n\n\n<p><strong><em>S\u00e3o Gon\u00e7alo vai mudar: Not\u00edcias de S\u00e3o Gon\u00e7alo e toda regi\u00e3o.<\/em><\/strong><\/p>\n\n\n\n<figure class=\"wp-block-image size-full\"><img decoding=\"async\" width=\"317\" height=\"110\" src=\"https:\/\/sgvaimudar.com.br\/wp-content\/uploads\/2023\/08\/cropped-Logo-Provisoria-2-2.png\" alt=\"\" class=\"wp-image-2782\" srcset=\"https:\/\/sgvaimudar.com.br\/wp-content\/uploads\/2023\/08\/cropped-Logo-Provisoria-2-2.png 317w, https:\/\/sgvaimudar.com.br\/wp-content\/uploads\/2023\/08\/cropped-Logo-Provisoria-2-2-300x104.png 300w\" sizes=\"(max-width: 317px) 100vw, 317px\" \/><\/figure>\n","protected":false},"excerpt":{"rendered":"<p>\u00daltima a\u00e7\u00e3o da Opera\u00e7\u00e3o Controle T\u00e9rmico 2025 fiscalizou 137 coletivos e aplicou 16 autua\u00e7\u00f5es Cinco \u00f4nibus intermunicipais de linhas refrigeradas&hellip;<\/p>\n","protected":false},"author":5,"featured_media":21938,"comment_status":"open","ping_status":"open","sticky":false,"template":"","format":"standard","meta":{"fifu_image_url":"","fifu_image_alt":"","footnotes":""},"categories":[36],"tags":[47],"class_list":["post-21936","post","type-post","status-publish","format-standard","has-post-thumbnail","hentry","category-bem-estar","tag-rj"],"_links":{"self":[{"href":"https:\/\/sgvaimudar.com.br\/index.php\/wp-json\/wp\/v2\/posts\/21936","targetHints":{"allow":["GET"]}}],"collection":[{"href":"https:\/\/sgvaimudar.com.br\/index.php\/wp-json\/wp\/v2\/posts"}],"about":[{"href":"https:\/\/sgvaimudar.com.br\/index.php\/wp-json\/wp\/v2\/types\/post"}],"author":[{"embeddable":true,"href":"https:\/\/sgvaimudar.com.br\/index.php\/wp-json\/wp\/v2\/users\/5"}],"replies":[{"embeddable":true,"href":"https:\/\/sgvaimudar.com.br\/index.php\/wp-json\/wp\/v2\/comments?post=21936"}],"version-history":[{"count":1,"href":"https:\/\/sgvaimudar.com.br\/index.php\/wp-json\/wp\/v2\/posts\/21936\/revisions"}],"predecessor-version":[{"id":21939,"href":"https:\/\/sgvaimudar.com.br\/index.php\/wp-json\/wp\/v2\/posts\/21936\/revisions\/21939"}],"wp:featuredmedia":[{"embeddable":true,"href":"https:\/\/sgvaimudar.com.br\/index.php\/wp-json\/wp\/v2\/media\/21938"}],"wp:attachment":[{"href":"https:\/\/sgvaimudar.com.br\/index.php\/wp-json\/wp\/v2\/media?parent=21936"}],"wp:term":[{"taxonomy":"category","embeddable":true,"href":"https:\/\/sgvaimudar.com.br\/index.php\/wp-json\/wp\/v2\/categories?post=21936"},{"taxonomy":"post_tag","embeddable":true,"href":"https:\/\/sgvaimudar.com.br\/index.php\/wp-json\/wp\/v2\/tags?post=21936"}],"curies":[{"name":"wp","href":"https:\/\/api.w.org\/{rel}","templated":true}]}}