{"id":21920,"date":"2025-03-15T15:00:00","date_gmt":"2025-03-15T18:00:00","guid":{"rendered":"https:\/\/sgvaimudar.com.br\/?p=21920"},"modified":"2025-03-14T21:50:41","modified_gmt":"2025-03-15T00:50:41","slug":"prefeito-capitao-nelson-inaugura-mais-uma-escola-na-rede-municipal-de-sao-goncalo","status":"publish","type":"post","link":"https:\/\/sgvaimudar.com.br\/index.php\/2025\/03\/15\/prefeito-capitao-nelson-inaugura-mais-uma-escola-na-rede-municipal-de-sao-goncalo\/","title":{"rendered":"Prefeito Capit\u00e3o Nelson inaugura mais uma escola na rede municipal de S\u00e3o Gon\u00e7alo"},"content":{"rendered":"\n<p><em>Unidade em Marambaia recebe estudantes em hor\u00e1rio integral<\/em><\/p>\n\n\n\n<p>O prefeito Capit\u00e3o Nelson, o vice-prefeito Jo\u00e3o Ventura, secret\u00e1rios e vereadores de S\u00e3o Gon\u00e7alo estiveram presentes em um evento realizado pela Secretaria de Educa\u00e7\u00e3o da Prefeitura de S\u00e3o Gon\u00e7alo, nesta sexta-feira (14), que marcou a inaugura\u00e7\u00e3o da Escola Professor Mario Rosa da Cruz, em Marambaia, que \u00e9 fruto de uma municipaliza\u00e7\u00e3o de uma antiga escola desativada, do Governo do Estado.<\/p>\n\n\n\n<figure class=\"wp-block-image size-large\"><img fetchpriority=\"high\" decoding=\"async\" width=\"1024\" height=\"684\" src=\"https:\/\/sgvaimudar.com.br\/wp-content\/uploads\/2025\/03\/unnamed-9-2-1024x684.jpg\" alt=\"\" class=\"wp-image-21921\" srcset=\"https:\/\/sgvaimudar.com.br\/wp-content\/uploads\/2025\/03\/unnamed-9-2-1024x684.jpg 1024w, https:\/\/sgvaimudar.com.br\/wp-content\/uploads\/2025\/03\/unnamed-9-2-300x200.jpg 300w, https:\/\/sgvaimudar.com.br\/wp-content\/uploads\/2025\/03\/unnamed-9-2-768x513.jpg 768w, https:\/\/sgvaimudar.com.br\/wp-content\/uploads\/2025\/03\/unnamed-9-2-1536x1027.jpg 1536w, https:\/\/sgvaimudar.com.br\/wp-content\/uploads\/2025\/03\/unnamed-9-2.jpg 1616w\" sizes=\"(max-width: 1024px) 100vw, 1024px\" \/><\/figure>\n\n\n\n<p>A municipaliza\u00e7\u00e3o faz parte de uma parceria estrat\u00e9gica entre as Secretarias de Estado e do Munic\u00edpio, que visa otimizar escolas de acordo com um estudo feito sobre as necessidades da popula\u00e7\u00e3o das regi\u00f5es de S\u00e3o Gon\u00e7alo.<\/p>\n\n\n\n<figure class=\"wp-block-image size-large\"><img decoding=\"async\" width=\"1024\" height=\"684\" src=\"https:\/\/sgvaimudar.com.br\/wp-content\/uploads\/2025\/03\/unnamed-8-4-1024x684.jpg\" alt=\"\" class=\"wp-image-21922\" srcset=\"https:\/\/sgvaimudar.com.br\/wp-content\/uploads\/2025\/03\/unnamed-8-4-1024x684.jpg 1024w, https:\/\/sgvaimudar.com.br\/wp-content\/uploads\/2025\/03\/unnamed-8-4-300x200.jpg 300w, https:\/\/sgvaimudar.com.br\/wp-content\/uploads\/2025\/03\/unnamed-8-4-768x513.jpg 768w, https:\/\/sgvaimudar.com.br\/wp-content\/uploads\/2025\/03\/unnamed-8-4-1536x1027.jpg 1536w, https:\/\/sgvaimudar.com.br\/wp-content\/uploads\/2025\/03\/unnamed-8-4.jpg 1616w\" sizes=\"(max-width: 1024px) 100vw, 1024px\" \/><\/figure>\n\n\n\n<p>A escola j\u00e1 est\u00e1 climatizada e atendendo a estudantes do 1\u00ba ao 5\u00ba ano, em hor\u00e1rio integral. Na ocasi\u00e3o, foram entregues os kits de material escolar para os respons\u00e1veis.<\/p>\n\n\n\n<figure class=\"wp-block-image size-large\"><img decoding=\"async\" width=\"1024\" height=\"684\" src=\"https:\/\/sgvaimudar.com.br\/wp-content\/uploads\/2025\/03\/unnamed-7-6-1024x684.jpg\" alt=\"\" class=\"wp-image-21923\" srcset=\"https:\/\/sgvaimudar.com.br\/wp-content\/uploads\/2025\/03\/unnamed-7-6-1024x684.jpg 1024w, https:\/\/sgvaimudar.com.br\/wp-content\/uploads\/2025\/03\/unnamed-7-6-300x200.jpg 300w, https:\/\/sgvaimudar.com.br\/wp-content\/uploads\/2025\/03\/unnamed-7-6-768x513.jpg 768w, https:\/\/sgvaimudar.com.br\/wp-content\/uploads\/2025\/03\/unnamed-7-6-1536x1027.jpg 1536w, https:\/\/sgvaimudar.com.br\/wp-content\/uploads\/2025\/03\/unnamed-7-6.jpg 1616w\" sizes=\"(max-width: 1024px) 100vw, 1024px\" \/><\/figure>\n\n\n\n<p>\u201cEsse patrim\u00f4nio \u00e9 de voc\u00eas, \u00e9 da popula\u00e7\u00e3o. Gostaria de parabenizar a todos que trabalharam aqui para que a gente conseguisse fazer essa entrega para essa comunidade, que \u00e9 t\u00e3o merecedora. O nome foi escolhido porque essa homenagem eu n\u00e3o poderia deixar de fazer ao professor Mario, que era uma pessoa comprometida com a Educa\u00e7\u00e3o e deixou um legado enorme aqui na cidade\u201d, disse o prefeito.<\/p>\n\n\n\n<figure class=\"wp-block-image size-large\"><img loading=\"lazy\" decoding=\"async\" width=\"1024\" height=\"684\" src=\"https:\/\/sgvaimudar.com.br\/wp-content\/uploads\/2025\/03\/unnamed-6-4-1024x684.jpg\" alt=\"\" class=\"wp-image-21924\" srcset=\"https:\/\/sgvaimudar.com.br\/wp-content\/uploads\/2025\/03\/unnamed-6-4-1024x684.jpg 1024w, https:\/\/sgvaimudar.com.br\/wp-content\/uploads\/2025\/03\/unnamed-6-4-300x200.jpg 300w, https:\/\/sgvaimudar.com.br\/wp-content\/uploads\/2025\/03\/unnamed-6-4-768x513.jpg 768w, https:\/\/sgvaimudar.com.br\/wp-content\/uploads\/2025\/03\/unnamed-6-4-1536x1027.jpg 1536w, https:\/\/sgvaimudar.com.br\/wp-content\/uploads\/2025\/03\/unnamed-6-4.jpg 1616w\" sizes=\"(max-width: 1024px) 100vw, 1024px\" \/><\/figure>\n\n\n\n<p>A escolha do nome da escola foi uma forma de fazer uma homenagem p\u00f3stuma ao professor de Matem\u00e1tica, Qu\u00edmica e F\u00edsica, Mario Rosa da Cruz, que foi tamb\u00e9m diretor da rede municipal de S\u00e3o Gon\u00e7alo por 16 anos. Al\u00e9m disso, Mario teve participa\u00e7\u00e3o importante na organiza\u00e7\u00e3o dos desfiles c\u00edvicos de Santa Izabel e faleceu em 2022, ainda lecionando.<\/p>\n\n\n\n<p>\u201cPara n\u00f3s, familiares, \u00e9 muito importante por conta do legado que ele deixou na Educa\u00e7\u00e3o. N\u00e3o s\u00f3 pelo fato de dar nome \u00e0 escola, mas de saber que essa comunidade precisava tanto dessa unidade, para que os filhos tenham acesso ao ensino de qualidade, \u00e0 merenda, ao uniforme. O trabalho da unidade j\u00e1 \u00e9 de excel\u00eancia e quando entrei aqui eu j\u00e1 vi que a escola est\u00e1 viva e linda, preparada para receber essa comunidade\u201d, afirmou a vi\u00fava do professor Mario, Rosiane Silveira.<\/p>\n\n\n\n<p><em>Fotos: Renan Otto<\/em><\/p>\n\n\n\n<p><strong><em>S\u00e3o Gon\u00e7alo vai mudar: Not\u00edcias de S\u00e3o Gon\u00e7alo e toda regi\u00e3o.<\/em><\/strong><\/p>\n\n\n\n<figure class=\"wp-block-image size-full\"><img loading=\"lazy\" decoding=\"async\" width=\"317\" height=\"110\" src=\"https:\/\/sgvaimudar.com.br\/wp-content\/uploads\/2023\/08\/cropped-Logo-Provisoria-2-2.png\" alt=\"\" class=\"wp-image-2782\" srcset=\"https:\/\/sgvaimudar.com.br\/wp-content\/uploads\/2023\/08\/cropped-Logo-Provisoria-2-2.png 317w, https:\/\/sgvaimudar.com.br\/wp-content\/uploads\/2023\/08\/cropped-Logo-Provisoria-2-2-300x104.png 300w\" sizes=\"(max-width: 317px) 100vw, 317px\" \/><\/figure>\n","protected":false},"excerpt":{"rendered":"<p>Unidade em Marambaia recebe estudantes em hor\u00e1rio integral O prefeito Capit\u00e3o Nelson, o vice-prefeito Jo\u00e3o Ventura, secret\u00e1rios e vereadores de&hellip;<\/p>\n","protected":false},"author":5,"featured_media":21925,"comment_status":"open","ping_status":"open","sticky":false,"template":"","format":"standard","meta":{"fifu_image_url":"","fifu_image_alt":"","footnotes":""},"categories":[3],"tags":[47,75],"class_list":["post-21920","post","type-post","status-publish","format-standard","has-post-thumbnail","hentry","category-sao-goncalo","tag-rj","tag-sao-goncalo"],"_links":{"self":[{"href":"https:\/\/sgvaimudar.com.br\/index.php\/wp-json\/wp\/v2\/posts\/21920","targetHints":{"allow":["GET"]}}],"collection":[{"href":"https:\/\/sgvaimudar.com.br\/index.php\/wp-json\/wp\/v2\/posts"}],"about":[{"href":"https:\/\/sgvaimudar.com.br\/index.php\/wp-json\/wp\/v2\/types\/post"}],"author":[{"embeddable":true,"href":"https:\/\/sgvaimudar.com.br\/index.php\/wp-json\/wp\/v2\/users\/5"}],"replies":[{"embeddable":true,"href":"https:\/\/sgvaimudar.com.br\/index.php\/wp-json\/wp\/v2\/comments?post=21920"}],"version-history":[{"count":1,"href":"https:\/\/sgvaimudar.com.br\/index.php\/wp-json\/wp\/v2\/posts\/21920\/revisions"}],"predecessor-version":[{"id":21926,"href":"https:\/\/sgvaimudar.com.br\/index.php\/wp-json\/wp\/v2\/posts\/21920\/revisions\/21926"}],"wp:featuredmedia":[{"embeddable":true,"href":"https:\/\/sgvaimudar.com.br\/index.php\/wp-json\/wp\/v2\/media\/21925"}],"wp:attachment":[{"href":"https:\/\/sgvaimudar.com.br\/index.php\/wp-json\/wp\/v2\/media?parent=21920"}],"wp:term":[{"taxonomy":"category","embeddable":true,"href":"https:\/\/sgvaimudar.com.br\/index.php\/wp-json\/wp\/v2\/categories?post=21920"},{"taxonomy":"post_tag","embeddable":true,"href":"https:\/\/sgvaimudar.com.br\/index.php\/wp-json\/wp\/v2\/tags?post=21920"}],"curies":[{"name":"wp","href":"https:\/\/api.w.org\/{rel}","templated":true}]}}