{"id":21910,"date":"2025-03-15T12:00:00","date_gmt":"2025-03-15T15:00:00","guid":{"rendered":"https:\/\/sgvaimudar.com.br\/?p=21910"},"modified":"2025-03-14T21:28:58","modified_gmt":"2025-03-15T00:28:58","slug":"dezenas-de-goncalenses-se-reunem-em-nova-edicao-do-oportunidades","status":"publish","type":"post","link":"https:\/\/sgvaimudar.com.br\/index.php\/2025\/03\/15\/dezenas-de-goncalenses-se-reunem-em-nova-edicao-do-oportunidades\/","title":{"rendered":"Dezenas de gon\u00e7alenses se re\u00fanem em nova edi\u00e7\u00e3o do Oportunidades"},"content":{"rendered":"\n<p><em>A\u00e7\u00e3o foi promovida no P\u00e1tio Alc\u00e2ntara. Programa visa encaminhamento para vagas de emprego<\/em><\/p>\n\n\n\n<p>Dezenas de gon\u00e7alenses participaram, nesta sexta-feira (14), de mais uma edi\u00e7\u00e3o do Programa Oportunidades no P\u00e1tio Alc\u00e2ntara. Esta foi a quinta edi\u00e7\u00e3o do programa neste ano. O Oportunidades \u00e9 uma promo\u00e7\u00e3o da Secretaria de Desenvolvimento Econ\u00f4mico da Prefeitura de S\u00e3o Gon\u00e7alo, atrav\u00e9s da Subsecretaria de Trabalho, e em parceria com o Sistema Nacional de Emprego (Sine). <\/p>\n\n\n\n<p>Nesta edi\u00e7\u00e3o, foram ofertadas mais de 90 vagas nas mais diversas \u00e1reas, como motorista, manobreiro, bab\u00e1, soldador, empregada dom\u00e9stica.<\/p>\n\n\n\n<figure class=\"wp-block-image size-full\"><img fetchpriority=\"high\" decoding=\"async\" width=\"1024\" height=\"683\" src=\"https:\/\/sgvaimudar.com.br\/wp-content\/uploads\/2025\/03\/unnamed-3-10.jpg\" alt=\"\" class=\"wp-image-21911\" srcset=\"https:\/\/sgvaimudar.com.br\/wp-content\/uploads\/2025\/03\/unnamed-3-10.jpg 1024w, https:\/\/sgvaimudar.com.br\/wp-content\/uploads\/2025\/03\/unnamed-3-10-300x200.jpg 300w, https:\/\/sgvaimudar.com.br\/wp-content\/uploads\/2025\/03\/unnamed-3-10-768x512.jpg 768w\" sizes=\"(max-width: 1024px) 100vw, 1024px\" \/><\/figure>\n\n\n\n<p>O secret\u00e1rio de Desenvolvimento Econ\u00f4mico, Evanildo Barreto, destacou a import\u00e2ncia da a\u00e7\u00e3o.<\/p>\n\n\n\n<p>&#8220;O Oportunidades oferece vagas de emprego para os mais diversos setores em todas as edi\u00e7\u00f5es. Conseguimos, atrav\u00e9s do programa, encaminhar gon\u00e7alenses para o mercado de trabalho. S\u00e3o Gon\u00e7alo tem muita m\u00e3o de obra dispon\u00edvel e as empresas sabem disso, por isso, est\u00e3o vindo para c\u00e1. Um exemplo \u00e9 o Dom Atacadista, que inaugurou nesta quinta-feira (13). Vamos oferecer cada vez mais oportunidades no mercado de trabalho e tamb\u00e9m cursos profissionalizantes para capacitar mais pessoas&#8221;, disse o secret\u00e1rio.<\/p>\n\n\n\n<p>A a\u00e7\u00e3o facilita o acesso da popula\u00e7\u00e3o aos servi\u00e7os da Casa do Empreendedor e do Sistema Nacional de Emprego (Sine). Durante a realiza\u00e7\u00e3o do programa, s\u00e3o feitos encaminhamentos para vagas de emprego e as pessoas conseguem atendimento para servi\u00e7os relacionados ao Microempreendedor Individual (MEI), como regulariza\u00e7\u00e3o de d\u00e9bitos, inscri\u00e7\u00e3o municipal e cadastros.<\/p>\n\n\n\n<p>No Oportunidades, os gon\u00e7alenses realizam seu cadastro. Caso tenha alguma vaga que se enquadre no perfil deles, eles recebem cartas de encaminhamento.<\/p>\n\n\n\n<p>Eliana Maria Concei\u00e7\u00e3o, de 47 anos, esteve no Oportunidades desta semana em busca de emprego. Ela conseguiu uma carta de acompanhamento para empregada dom\u00e9stica durante a a\u00e7\u00e3o. &#8220;Estou desempregada h\u00e1 algum tempo, vi sobre o Oportunidades em um site e vim aqui. Tenho experi\u00eancia como dom\u00e9stica e aqui fui encaminhada para uma vaga. Estou animada e espero conseguir a vaga&#8221;, disse a moradora do Engenho Pequeno.<\/p>\n\n\n\n<p><em>Fotos: Fabio Guimar\u00e3es<\/em><\/p>\n\n\n\n<p><strong><em>S\u00e3o Gon\u00e7alo vai mudar: Not\u00edcias de S\u00e3o Gon\u00e7alo e toda regi\u00e3o.<\/em><\/strong><\/p>\n\n\n\n<figure class=\"wp-block-image size-full\"><img decoding=\"async\" width=\"317\" height=\"110\" src=\"https:\/\/sgvaimudar.com.br\/wp-content\/uploads\/2023\/08\/cropped-Logo-Provisoria-2-2.png\" alt=\"\" class=\"wp-image-2782\" srcset=\"https:\/\/sgvaimudar.com.br\/wp-content\/uploads\/2023\/08\/cropped-Logo-Provisoria-2-2.png 317w, https:\/\/sgvaimudar.com.br\/wp-content\/uploads\/2023\/08\/cropped-Logo-Provisoria-2-2-300x104.png 300w\" sizes=\"(max-width: 317px) 100vw, 317px\" \/><\/figure>\n","protected":false},"excerpt":{"rendered":"<p>A\u00e7\u00e3o foi promovida no P\u00e1tio Alc\u00e2ntara. Programa visa encaminhamento para vagas de emprego Dezenas de gon\u00e7alenses participaram, nesta sexta-feira (14),&hellip;<\/p>\n","protected":false},"author":5,"featured_media":21912,"comment_status":"open","ping_status":"open","sticky":false,"template":"","format":"standard","meta":{"fifu_image_url":"","fifu_image_alt":"","footnotes":""},"categories":[3],"tags":[],"class_list":["post-21910","post","type-post","status-publish","format-standard","has-post-thumbnail","hentry","category-sao-goncalo"],"_links":{"self":[{"href":"https:\/\/sgvaimudar.com.br\/index.php\/wp-json\/wp\/v2\/posts\/21910","targetHints":{"allow":["GET"]}}],"collection":[{"href":"https:\/\/sgvaimudar.com.br\/index.php\/wp-json\/wp\/v2\/posts"}],"about":[{"href":"https:\/\/sgvaimudar.com.br\/index.php\/wp-json\/wp\/v2\/types\/post"}],"author":[{"embeddable":true,"href":"https:\/\/sgvaimudar.com.br\/index.php\/wp-json\/wp\/v2\/users\/5"}],"replies":[{"embeddable":true,"href":"https:\/\/sgvaimudar.com.br\/index.php\/wp-json\/wp\/v2\/comments?post=21910"}],"version-history":[{"count":1,"href":"https:\/\/sgvaimudar.com.br\/index.php\/wp-json\/wp\/v2\/posts\/21910\/revisions"}],"predecessor-version":[{"id":21913,"href":"https:\/\/sgvaimudar.com.br\/index.php\/wp-json\/wp\/v2\/posts\/21910\/revisions\/21913"}],"wp:featuredmedia":[{"embeddable":true,"href":"https:\/\/sgvaimudar.com.br\/index.php\/wp-json\/wp\/v2\/media\/21912"}],"wp:attachment":[{"href":"https:\/\/sgvaimudar.com.br\/index.php\/wp-json\/wp\/v2\/media?parent=21910"}],"wp:term":[{"taxonomy":"category","embeddable":true,"href":"https:\/\/sgvaimudar.com.br\/index.php\/wp-json\/wp\/v2\/categories?post=21910"},{"taxonomy":"post_tag","embeddable":true,"href":"https:\/\/sgvaimudar.com.br\/index.php\/wp-json\/wp\/v2\/tags?post=21910"}],"curies":[{"name":"wp","href":"https:\/\/api.w.org\/{rel}","templated":true}]}}