{"id":21885,"date":"2025-03-14T19:00:00","date_gmt":"2025-03-14T22:00:00","guid":{"rendered":"https:\/\/sgvaimudar.com.br\/?p=21885"},"modified":"2025-03-14T10:55:15","modified_gmt":"2025-03-14T13:55:15","slug":"erika-januza-sobre-carnaval-na-africa-do-sul-tenho-me-reenergizado","status":"publish","type":"post","link":"https:\/\/sgvaimudar.com.br\/index.php\/2025\/03\/14\/erika-januza-sobre-carnaval-na-africa-do-sul-tenho-me-reenergizado\/","title":{"rendered":"Erika Januza sobre Carnaval na \u00c1frica do Sul: &#8220;Tenho me reenergizado&#8221;"},"content":{"rendered":"\n<p><em>Ap\u00f3s anunciar sa\u00edda do posto de rainha de bateria da Viradouro, atriz viajou e afirma ganhar novas energias com &#8220;presente divino&#8221; e recep\u00e7\u00e3o calorosa<\/em><\/p>\n\n\n\n<p>Erika Januza, 39 anos de idade,\u00a0est\u00e1 na cidade do Cabo, na \u00c1frica do Sul, para participar do Carnaval local. &#8220;Estou me sentindo muito renovada. Fechei muito bem esse ciclo e, aqui, recebi uma energia de amor muito grande e que n\u00e3o esperava&#8221;, afirmou a atriz, que se despediu do posto de rainha de bateria da escola de samba\u00a0Viradouro no\u00a0Carnaval 2025.<\/p>\n\n\n\n<p>Ap\u00f3s participar do Desfile das Campe\u00e3s do Rio de Janeiro, ela embarcou para o continente africano. &#8220;Atravessei o oceano e vim para a \u00c1frica do Sul. Fiquei muito emocionada. Foi um convite que partiu deles depois de terem visto o meu trabalho no\u00a0Carnaval. Fiz quest\u00e3o de perguntar a eles o motivo e disseram que viram que procuro fazer diferente e que gosto de fazer homenagens. Fiquei muito feliz de ouvir isso. Sinto que sou parte desse lugar e est\u00e1 me reenergizando. Tem gente que diz que o ano s\u00f3 come\u00e7a depois do Carnaval, n\u00e9? Ent\u00e3o, est\u00e1 sendo um presente divino come\u00e7ar meu ano na \u00c1frica&#8221;.<\/p>\n\n\n\n<figure class=\"wp-block-image size-full\"><img fetchpriority=\"high\" decoding=\"async\" width=\"885\" height=\"479\" src=\"https:\/\/sgvaimudar.com.br\/wp-content\/uploads\/2025\/03\/ERIKA.jpg\" alt=\"\" class=\"wp-image-21887\" srcset=\"https:\/\/sgvaimudar.com.br\/wp-content\/uploads\/2025\/03\/ERIKA.jpg 885w, https:\/\/sgvaimudar.com.br\/wp-content\/uploads\/2025\/03\/ERIKA-300x162.jpg 300w, https:\/\/sgvaimudar.com.br\/wp-content\/uploads\/2025\/03\/ERIKA-768x416.jpg 768w\" sizes=\"(max-width: 885px) 100vw, 885px\" \/><\/figure>\n\n\n\n<p>Erika se mostra empolgada em conhecer uma cultura diferente. &#8220;O Carnaval aqui n\u00e3o \u00e9 parecido, mas h\u00e1 inspira\u00e7\u00f5es. Eles t\u00eam sonoridades pr\u00f3prias, eles t\u00eam influ\u00eancias musicais africanas, o estilo de dan\u00e7a tamb\u00e9m. N\u00e3o s\u00e3o escolas competindo. S\u00e3o grupos que se re\u00fanem para uma Carnaval \u00fanico. Eles se re\u00fanem j\u00e1 h\u00e1 15 anos e integra muita gente &#8212; m\u00fasicos, bailarinos, pessoas que constroem os carros&#8230; A sonoridade \u00e9 diferente, tem saxofone, por exemplo. Eles t\u00eam muito orgulho dessa festa&#8221;, diz.<\/p>\n\n\n\n<p>A atriz participa de eventos para promover o Carnaval local e compreender os costumes regionais. &#8220;\u00c9 a minha primeira vez aqui. Quero me envolver em tudo, entender a festa. Tenho alguns compromissos, estarei em um programa de TV antes da apresenta\u00e7\u00e3o oficial. Minha expectativa com o evento est\u00e1 alt\u00edssima. Quando cheguei, todo mundo estava gritando, tirando foto com celular&#8230; Tenho me reenergizado e emocionado muito&#8221;.<\/p>\n\n\n\n<p>Mineira da cidade de Contagem, Erika afirma que n\u00e3o se imaginava como rainha de bateria. &#8220;Sempre admirei, mas achava muito distante da minha realidade, quase beirando o intoc\u00e1vel. Me considero aben\u00e7oada por Deus pela carreira que constru\u00ed, por cada passo, cada conquista. Ao colocar a cabe\u00e7a no travesseiro e ver que essas conquistas foram muito honestas, sem passar por cima de ningu\u00e9m, sem desabonar a minha imagem&#8230; Ainda tenho muito a conquistar e a aprender&#8221;.<\/p>\n\n\n\n<p>Sobre o look que usar\u00e1, ela evitar grande spoilers, mas explica que \u00e9 diferente do que usou na Sapuca\u00ed. &#8220;Vou usar uma fantasia que n\u00e3o \u00e9 t\u00e3o pelada como as dos desfiles do Rio. Ter\u00e1 muito brilho, mas \u00e9 um look mais tranquilo, criado especialmente para c\u00e1&#8221;.<\/p>\n\n\n\n<p><em>Fonte: Quem<\/em><\/p>\n\n\n\n<figure class=\"wp-block-image size-full\"><img decoding=\"async\" width=\"317\" height=\"110\" src=\"https:\/\/sgvaimudar.com.br\/wp-content\/uploads\/2023\/08\/cropped-Logo-Provisoria-2-2.png\" alt=\"\" class=\"wp-image-2782\" srcset=\"https:\/\/sgvaimudar.com.br\/wp-content\/uploads\/2023\/08\/cropped-Logo-Provisoria-2-2.png 317w, https:\/\/sgvaimudar.com.br\/wp-content\/uploads\/2023\/08\/cropped-Logo-Provisoria-2-2-300x104.png 300w\" sizes=\"(max-width: 317px) 100vw, 317px\" \/><\/figure>\n","protected":false},"excerpt":{"rendered":"<p>Ap\u00f3s anunciar sa\u00edda do posto de rainha de bateria da Viradouro, atriz viajou e afirma ganhar novas energias com &#8220;presente&hellip;<\/p>\n","protected":false},"author":5,"featured_media":21886,"comment_status":"open","ping_status":"open","sticky":false,"template":"","format":"standard","meta":{"fifu_image_url":"","fifu_image_alt":"","footnotes":""},"categories":[6],"tags":[47],"class_list":["post-21885","post","type-post","status-publish","format-standard","has-post-thumbnail","hentry","category-entretenimento","tag-rj"],"_links":{"self":[{"href":"https:\/\/sgvaimudar.com.br\/index.php\/wp-json\/wp\/v2\/posts\/21885","targetHints":{"allow":["GET"]}}],"collection":[{"href":"https:\/\/sgvaimudar.com.br\/index.php\/wp-json\/wp\/v2\/posts"}],"about":[{"href":"https:\/\/sgvaimudar.com.br\/index.php\/wp-json\/wp\/v2\/types\/post"}],"author":[{"embeddable":true,"href":"https:\/\/sgvaimudar.com.br\/index.php\/wp-json\/wp\/v2\/users\/5"}],"replies":[{"embeddable":true,"href":"https:\/\/sgvaimudar.com.br\/index.php\/wp-json\/wp\/v2\/comments?post=21885"}],"version-history":[{"count":1,"href":"https:\/\/sgvaimudar.com.br\/index.php\/wp-json\/wp\/v2\/posts\/21885\/revisions"}],"predecessor-version":[{"id":21888,"href":"https:\/\/sgvaimudar.com.br\/index.php\/wp-json\/wp\/v2\/posts\/21885\/revisions\/21888"}],"wp:featuredmedia":[{"embeddable":true,"href":"https:\/\/sgvaimudar.com.br\/index.php\/wp-json\/wp\/v2\/media\/21886"}],"wp:attachment":[{"href":"https:\/\/sgvaimudar.com.br\/index.php\/wp-json\/wp\/v2\/media?parent=21885"}],"wp:term":[{"taxonomy":"category","embeddable":true,"href":"https:\/\/sgvaimudar.com.br\/index.php\/wp-json\/wp\/v2\/categories?post=21885"},{"taxonomy":"post_tag","embeddable":true,"href":"https:\/\/sgvaimudar.com.br\/index.php\/wp-json\/wp\/v2\/tags?post=21885"}],"curies":[{"name":"wp","href":"https:\/\/api.w.org\/{rel}","templated":true}]}}