{"id":21875,"date":"2025-03-14T14:00:00","date_gmt":"2025-03-14T17:00:00","guid":{"rendered":"https:\/\/sgvaimudar.com.br\/?p=21875"},"modified":"2025-03-14T09:58:33","modified_gmt":"2025-03-14T12:58:33","slug":"governador-do-rio-claudio-castro-reduz-tarifa-das-barcas-de-r-770-para-r-470","status":"publish","type":"post","link":"https:\/\/sgvaimudar.com.br\/index.php\/2025\/03\/14\/governador-do-rio-claudio-castro-reduz-tarifa-das-barcas-de-r-770-para-r-470\/","title":{"rendered":"Governador do Rio Cl\u00e1udio Castro reduz tarifa das barcas de R$ 7,70 para R$ 4,70"},"content":{"rendered":"\n<p><em>Novo valor entra em vigor no dia 24 de mar\u00e7o e vale para todas as linhas, com exce\u00e7\u00e3o de Charitas<\/em><\/p>\n\n\n\n<p>O governador Cl\u00e1udio Castro anunciou, nesta quinta-feira (13\/03), a redu\u00e7\u00e3o da tarifa do sistema de barcas, que passar\u00e1 de R$ 7,70 para R$ 4,70 a partir de 24 de mar\u00e7o. A mudan\u00e7a vale para todo o sistema, incluindo as linhas Pra\u00e7a XV &#8211; Arariboia, Pra\u00e7a XV &#8211; Cocot\u00e1 e Pra\u00e7a XV &#8211; Paquet\u00e1 (em ambos os sentidos), com exce\u00e7\u00e3o da linha Charitas, que j\u00e1 teve redu\u00e7\u00e3o recente.<\/p>\n\n\n\n<p>&#8220;Mudamos a gest\u00e3o das barcas. Hoje temos um modelo onde o Estado tem maior controle sobre a opera\u00e7\u00e3o, exigindo mais melhorias. No novo contrato, a empresa vai receber por milha n\u00e1utica. Andou, recebe. N\u00e3o andou, n\u00e3o recebe. Essa foi uma mudan\u00e7a fundamental, que viabilizou a redu\u00e7\u00e3o do pre\u00e7o da passagem, e vai permitir o aumento do n\u00famero de usu\u00e1rios, dando mais qualidade ao sistema&#8221;, afirmou o governador Cl\u00e1udio Castro.<\/p>\n\n\n\n<figure class=\"wp-block-image size-large\"><img fetchpriority=\"high\" decoding=\"async\" width=\"1024\" height=\"683\" src=\"https:\/\/sgvaimudar.com.br\/wp-content\/uploads\/2025\/03\/BF5A6311-1024x683.jpg\" alt=\"\" class=\"wp-image-21876\" srcset=\"https:\/\/sgvaimudar.com.br\/wp-content\/uploads\/2025\/03\/BF5A6311-1024x683.jpg 1024w, https:\/\/sgvaimudar.com.br\/wp-content\/uploads\/2025\/03\/BF5A6311-300x200.jpg 300w, https:\/\/sgvaimudar.com.br\/wp-content\/uploads\/2025\/03\/BF5A6311-768x512.jpg 768w, https:\/\/sgvaimudar.com.br\/wp-content\/uploads\/2025\/03\/BF5A6311-1536x1024.jpg 1536w, https:\/\/sgvaimudar.com.br\/wp-content\/uploads\/2025\/03\/BF5A6311-2048x1365.jpg 2048w\" sizes=\"(max-width: 1024px) 100vw, 1024px\" \/><\/figure>\n\n\n\n<p><strong>Economia para sentir no bolso<\/strong><\/p>\n\n\n\n<p>O an\u00fancio do novo pre\u00e7o da passagem foi feito por Castro na Esta\u00e7\u00e3o Arariboia, no Centro de Niter\u00f3i, ao lado do secret\u00e1rio estadual de Transportes e Mobilidade Urbana, Washington Reis, e do prefeito de Niter\u00f3i, Rodrigo Neves. Com mais de 10,3 milh\u00f5es de embarques em 2024, a linha Pra\u00e7a XV &#8211; Arariboia \u00e9 o principal trecho do transporte aquavi\u00e1rio do estado, com cerca de 80% da demanda de passageiros de todo o sistema. <\/p>\n\n\n\n<p>A redu\u00e7\u00e3o, que contou com estudos t\u00e9cnicos da Secretaria Estadual de Transportes e Mobilidade Urbana, vai representar uma economia de R$ 132 por m\u00eas, considerando viagens em 22 dias (ida e volta), quase 9% do sal\u00e1rio m\u00ednimo.<\/p>\n\n\n\n<p>A redu\u00e7\u00e3o da tarifa foi poss\u00edvel com novo modelo de contrato, em que o operador \u00e9 remunerado com base na quantidade de milhas n\u00e1uticas e n\u00e3o mais pela receita da venda de passagens.<\/p>\n\n\n\n<p>&#8220;Essa \u00e9 uma das mais positivas agendas do Estado do Rio de Janeiro, pois mostra como o Governo pensa no povo, principalmente no que mais precisa. O que estamos fazendo aqui \u00e9 um pequeno in\u00edcio de uma reforma estruturante, um sentimento de que a popula\u00e7\u00e3o tem voz. Vamos ter todos os modais da Regi\u00e3o Metropolitana com pre\u00e7o baixo, para sobrar dinheiro na m\u00e3o do povo, ir ao supermercado, aumentar seu poder de compra e ganhar tempo&#8221;,  enfatizou o secret\u00e1rio Washington Reis.<\/p>\n\n\n\n<p><strong>Redu\u00e7\u00e3o na linha Charitas<br><\/strong>No dia 6 de mar\u00e7o, o Governo do Estado j\u00e1 tinha anunciado a redu\u00e7\u00e3o da tarifa da linha Pra\u00e7a XV x Charitas, de R$ 21 para R$ 7,70 gra\u00e7as a um conv\u00eanio firmado entre a Secretaria Estadual de Transporte e Mobilidade Urbana e a Prefeitura de Niter\u00f3i.<\/p>\n\n\n\n<p>Para quem pagava a tarifa cheia em Charitas, a economia pode chegar a mais de R$ 580 por m\u00eas, considerando 22 viagens (ida e volta) no per\u00edodo.<\/p>\n\n\n\n<p>O prefeito Rodrigo Neves, destacou a parceria que vem sendo feita com o Governo do estado para melhorar a mobilidade em Niter\u00f3i e tamb\u00e9m nas cidades vizinhas.<\/p>\n\n\n\n<p>&#8220;A gente est\u00e1 aqui tratando do interesse da popula\u00e7\u00e3o. Reduzir a tarifa de 7,70 para 4,70, vai beneficiar muito Niter\u00f3i, mas vai beneficiar tamb\u00e9m a popula\u00e7\u00e3o de S\u00e3o Gon\u00e7alo, assim como o Catamar\u00e3 Charitas, que a prefeitura est\u00e1 pagando parte do subs\u00eddio, beneficia tamb\u00e9m a popula\u00e7\u00e3o de Maric\u00e1&#8221;, declarou.<\/p>\n\n\n\n<p><strong>Novo modelo de opera\u00e7\u00e3o<\/strong><\/p>\n\n\n\n<p>O novo cons\u00f3rcio, Barcas Rio, assumiu a opera\u00e7\u00e3o no dia 12 de fevereiro. O atual modelo de presta\u00e7\u00e3o de servi\u00e7os, com remunera\u00e7\u00e3o por milha n\u00e1utica, \u00e9 aplicado em outros estados como S\u00e3o Paulo e Esp\u00edrito Santo e confere maior controle p\u00fablico, assegurando ao Estado a responsabilidade pela defini\u00e7\u00e3o da tarifa, fiscaliza\u00e7\u00e3o, pagamento e indica\u00e7\u00e3o de investimentos futuros.<\/p>\n\n\n\n<p>O novo modelo, que substituiu o vigente desde 1998, ser\u00e1 aplicado por um per\u00edodo transit\u00f3rio de 5 anos, at\u00e9 solu\u00e7\u00e3o definitiva. A CCR Barcas operou o sistema aquavi\u00e1rio do estado por 13 anos.<\/p>\n\n\n\n<p>O novo operador do sistema aproveitou as embarca\u00e7\u00f5es e equipamentos j\u00e1 existentes. Grades hor\u00e1rias e as linhas em opera\u00e7\u00e3o foram mantidas. A receita da tarifa paga pelo passageiro passar\u00e1 a ser do Governo do Estado e ser\u00e1 utilizada para pagamento de parte do valor do contrato. O governo tamb\u00e9m ganhou liberdade para ajustar a grade hor\u00e1ria de viagens.<\/p>\n\n\n\n<p><em>Fotos: Rog\u00e9rio Santana<\/em><\/p>\n\n\n\n<p><strong><em>S\u00e3o Gon\u00e7alo vai mudar: Not\u00edcias de S\u00e3o Gon\u00e7alo e toda regi\u00e3o.<\/em><\/strong><\/p>\n\n\n\n<figure class=\"wp-block-image size-full\"><img decoding=\"async\" width=\"317\" height=\"110\" src=\"https:\/\/sgvaimudar.com.br\/wp-content\/uploads\/2023\/08\/cropped-Logo-Provisoria-2-2.png\" alt=\"\" class=\"wp-image-2782\" srcset=\"https:\/\/sgvaimudar.com.br\/wp-content\/uploads\/2023\/08\/cropped-Logo-Provisoria-2-2.png 317w, https:\/\/sgvaimudar.com.br\/wp-content\/uploads\/2023\/08\/cropped-Logo-Provisoria-2-2-300x104.png 300w\" sizes=\"(max-width: 317px) 100vw, 317px\" \/><\/figure>\n","protected":false},"excerpt":{"rendered":"<p>Novo valor entra em vigor no dia 24 de mar\u00e7o e vale para todas as linhas, com exce\u00e7\u00e3o de Charitas&hellip;<\/p>\n","protected":false},"author":5,"featured_media":21877,"comment_status":"open","ping_status":"open","sticky":false,"template":"","format":"standard","meta":{"fifu_image_url":"","fifu_image_alt":"","footnotes":""},"categories":[4],"tags":[47],"class_list":["post-21875","post","type-post","status-publish","format-standard","has-post-thumbnail","hentry","category-brasil","tag-rj"],"_links":{"self":[{"href":"https:\/\/sgvaimudar.com.br\/index.php\/wp-json\/wp\/v2\/posts\/21875","targetHints":{"allow":["GET"]}}],"collection":[{"href":"https:\/\/sgvaimudar.com.br\/index.php\/wp-json\/wp\/v2\/posts"}],"about":[{"href":"https:\/\/sgvaimudar.com.br\/index.php\/wp-json\/wp\/v2\/types\/post"}],"author":[{"embeddable":true,"href":"https:\/\/sgvaimudar.com.br\/index.php\/wp-json\/wp\/v2\/users\/5"}],"replies":[{"embeddable":true,"href":"https:\/\/sgvaimudar.com.br\/index.php\/wp-json\/wp\/v2\/comments?post=21875"}],"version-history":[{"count":1,"href":"https:\/\/sgvaimudar.com.br\/index.php\/wp-json\/wp\/v2\/posts\/21875\/revisions"}],"predecessor-version":[{"id":21878,"href":"https:\/\/sgvaimudar.com.br\/index.php\/wp-json\/wp\/v2\/posts\/21875\/revisions\/21878"}],"wp:featuredmedia":[{"embeddable":true,"href":"https:\/\/sgvaimudar.com.br\/index.php\/wp-json\/wp\/v2\/media\/21877"}],"wp:attachment":[{"href":"https:\/\/sgvaimudar.com.br\/index.php\/wp-json\/wp\/v2\/media?parent=21875"}],"wp:term":[{"taxonomy":"category","embeddable":true,"href":"https:\/\/sgvaimudar.com.br\/index.php\/wp-json\/wp\/v2\/categories?post=21875"},{"taxonomy":"post_tag","embeddable":true,"href":"https:\/\/sgvaimudar.com.br\/index.php\/wp-json\/wp\/v2\/tags?post=21875"}],"curies":[{"name":"wp","href":"https:\/\/api.w.org\/{rel}","templated":true}]}}