{"id":21870,"date":"2025-03-14T13:00:00","date_gmt":"2025-03-14T16:00:00","guid":{"rendered":"https:\/\/sgvaimudar.com.br\/?p=21870"},"modified":"2025-03-14T09:46:10","modified_gmt":"2025-03-14T12:46:10","slug":"vigilancia-ambiental-goncalense-faz-acao-contra-dengue-no-jardim-catarina","status":"publish","type":"post","link":"https:\/\/sgvaimudar.com.br\/index.php\/2025\/03\/14\/vigilancia-ambiental-goncalense-faz-acao-contra-dengue-no-jardim-catarina\/","title":{"rendered":"Vigil\u00e2ncia Ambiental gon\u00e7alense faz a\u00e7\u00e3o contra dengue no Jardim Catarina"},"content":{"rendered":"\n<p><em>Agentes vistoriaram casas e pulverizaram inseticida<\/em><\/p>\n\n\n\n<p>O maior bairro plano da Am\u00e9rica Latina \u2013 Jardim Catarina, em S\u00e3o Gon\u00e7alo \u2013 recebeu a\u00e7\u00e3o dos agentes da Vigil\u00e2ncia em Sa\u00fade Ambiental da Secretaria de Sa\u00fade e Defesa Civil da Prefeitura de S\u00e3o Gon\u00e7alo nesta quinta-feira (13). As motofogs tamb\u00e9m fizeram o trabalho de pulveriza\u00e7\u00e3o de inseticida pelas ruas do bairro. O objetivo \u00e9 combater os focos do mosquito Aedes aegypti, transmissor da dengue, zika e chikungunya.<\/p>\n\n\n\n<p>\u201cS\u00e3o Gon\u00e7alo continua com baixo risco de contamina\u00e7\u00e3o das doen\u00e7as. Mas o Jardim Catarina \u00e9 um bairro muito grande e que merece aten\u00e7\u00e3o. Por ser muito grande, tamb\u00e9m costuma ter maior n\u00famero de casos. Orienta\u00e7\u00e3o nunca \u00e9 demais e, por isso, vamos manter essas a\u00e7\u00f5es para que os moradores fiquem vigilantes e evitem o ac\u00famulo de \u00e1gua nas resid\u00eancias\u201d, explicou o secret\u00e1rio de Sa\u00fade, Gabriel Mello.&nbsp;<\/p>\n\n\n\n<figure class=\"wp-block-image size-large\"><img fetchpriority=\"high\" decoding=\"async\" width=\"768\" height=\"1024\" src=\"https:\/\/sgvaimudar.com.br\/wp-content\/uploads\/2025\/03\/unnamed-3-9-768x1024.jpg\" alt=\"\" class=\"wp-image-21871\" srcset=\"https:\/\/sgvaimudar.com.br\/wp-content\/uploads\/2025\/03\/unnamed-3-9-768x1024.jpg 768w, https:\/\/sgvaimudar.com.br\/wp-content\/uploads\/2025\/03\/unnamed-3-9-225x300.jpg 225w, https:\/\/sgvaimudar.com.br\/wp-content\/uploads\/2025\/03\/unnamed-3-9-1152x1536.jpg 1152w, https:\/\/sgvaimudar.com.br\/wp-content\/uploads\/2025\/03\/unnamed-3-9.jpg 1200w\" sizes=\"(max-width: 768px) 100vw, 768px\" \/><\/figure>\n\n\n\n<p>O trabalho dos agentes \u00e9 de preven\u00e7\u00e3o. Eles visitam as casas e observam as caixas d&#8217;\u00e1gua, dep\u00f3sitos de \u00e1gua em geral e demais locais que podem acumular \u00e1gua e que est\u00e3o sem cobertura. Quando encontram larvas, eles recolhem a amostra e levam para an\u00e1lise para avaliar qual \u00e9 o tipo de mosquito. Al\u00e9m das motofogs que dispersam o inseticida nas ruas, os agentes tamb\u00e9m aplicam em locais de ac\u00famulo de \u00e1gua dentro das casas.&nbsp;<\/p>\n\n\n\n<p>\u201c\u00c9 importante destacar a import\u00e2ncia dos moradores no combate \u00e0 dengue. Se cada gon\u00e7alense usar 10 minutos por semana para olhar o seu quintal e descartar tudo que pode acumular \u00e1gua, os n\u00fameros ser\u00e3o cada vez menores. Todos t\u00eam que colaborar e t\u00eam o seu papel para a manuten\u00e7\u00e3o da sa\u00fade de toda a comunidade\u201d, orientou a subsecret\u00e1ria de Sa\u00fade Coletiva, Thain\u00e1 Fratane.&nbsp;<\/p>\n\n\n\n<p>Nesta quinta-feira, os agentes fizeram vistoria em diversos im\u00f3veis e com\u00e9rcios na Avenida Albino Imparato e transversais em busca dos focos do Aedes aegypti. \u201cEm um com\u00e9rcio na Avenida Padre Vieira, foi encontrado nos fundos de um abatedouro larvas do mosquito Aedes aegypti dentro de um prato de planta. O propriet\u00e1rio foi orientado e esperamos que ele passe a cuidar do local. S\u00e3o essas a\u00e7\u00f5es constantes que mant\u00eam os bons \u00edndices de contamina\u00e7\u00e3o na cidade. A preven\u00e7\u00e3o \u00e9 tudo\u201d, finalizou o diretor da Vigil\u00e2ncia Ambiental, Marcelo S\u00e1 Lima.&nbsp;&nbsp;<\/p>\n\n\n\n<p><strong>Cuidados<\/strong>&nbsp;\u2013 Vigiar e limpar calhas e ralos, tapar caixas d\u2019\u00e1gua, colocar garrafas e qualquer recipiente que possa acumular \u00e1gua com a boca para baixo, preencher os pratos de vasos de plantas com areia, manter lonas de materiais de constru\u00e7\u00e3o e piscina sempre esticadas, guardar pneus velhos, manter ton\u00e9is e lat\u00f5es fechados. Jogar cloro nos ralos externos toda semana tamb\u00e9m ajuda no combate.<\/p>\n\n\n\n<p><strong>Vacina<\/strong>&nbsp;\u2013 A Secretaria de Sa\u00fade aplica o imunizante (Qdenga) contra a doen\u00e7a em crian\u00e7as e adolescentes de 10 a 16 anos em unidades de sa\u00fade com sala de vacina\u00e7\u00e3o. A Qdenga foi incorporada ao Sistema \u00danico de Sa\u00fade (SUS) pelo Programa Nacional de Imuniza\u00e7\u00f5es (PNI) e protege contra quatro tipos de v\u00edrus da dengue (Denv-1, Denv-2, Denv-3 e Denv-4).<\/p>\n\n\n\n<p><strong>Pronto-atendimento&nbsp;<\/strong>\u2013 A Vigil\u00e2ncia em Sa\u00fade Ambiental mant\u00e9m o servi\u00e7o de pronto-atendimento. Qualquer cidad\u00e3o pode ligar para a Vigil\u00e2ncia Ambiental e pedir uma visita nos casos de infesta\u00e7\u00e3o de qualquer vetor. Os atendimentos s\u00e3o feitos, em m\u00e9dia, em uma semana. <\/p>\n\n\n\n<p>Nesses casos, os agentes averiguam a den\u00fancia e realizam a a\u00e7\u00e3o necess\u00e1ria para acabar com os vetores. As den\u00fancias podem ser feitas pelo telefone da Vigil\u00e2ncia Ambiental (21) 3195-5198, ramal 1008, ou pelo aplicativo Colab.<\/p>\n\n\n\n<p><strong><em>S\u00e3o Gon\u00e7alo vai mudar: Not\u00edcias de S\u00e3o Gon\u00e7alo e toda regi\u00e3o.<\/em><\/strong><\/p>\n\n\n\n<figure class=\"wp-block-image size-full\"><img decoding=\"async\" width=\"317\" height=\"110\" src=\"https:\/\/sgvaimudar.com.br\/wp-content\/uploads\/2023\/08\/cropped-Logo-Provisoria-2-2.png\" alt=\"\" class=\"wp-image-2782\" srcset=\"https:\/\/sgvaimudar.com.br\/wp-content\/uploads\/2023\/08\/cropped-Logo-Provisoria-2-2.png 317w, https:\/\/sgvaimudar.com.br\/wp-content\/uploads\/2023\/08\/cropped-Logo-Provisoria-2-2-300x104.png 300w\" sizes=\"(max-width: 317px) 100vw, 317px\" \/><\/figure>\n","protected":false},"excerpt":{"rendered":"<p>Agentes vistoriaram casas e pulverizaram inseticida O maior bairro plano da Am\u00e9rica Latina \u2013 Jardim Catarina, em S\u00e3o Gon\u00e7alo \u2013&hellip;<\/p>\n","protected":false},"author":5,"featured_media":21872,"comment_status":"open","ping_status":"open","sticky":false,"template":"","format":"standard","meta":{"fifu_image_url":"","fifu_image_alt":"","footnotes":""},"categories":[7],"tags":[40,47,75],"class_list":["post-21870","post","type-post","status-publish","format-standard","has-post-thumbnail","hentry","category-saude","tag-guerra","tag-rj","tag-sao-goncalo"],"_links":{"self":[{"href":"https:\/\/sgvaimudar.com.br\/index.php\/wp-json\/wp\/v2\/posts\/21870","targetHints":{"allow":["GET"]}}],"collection":[{"href":"https:\/\/sgvaimudar.com.br\/index.php\/wp-json\/wp\/v2\/posts"}],"about":[{"href":"https:\/\/sgvaimudar.com.br\/index.php\/wp-json\/wp\/v2\/types\/post"}],"author":[{"embeddable":true,"href":"https:\/\/sgvaimudar.com.br\/index.php\/wp-json\/wp\/v2\/users\/5"}],"replies":[{"embeddable":true,"href":"https:\/\/sgvaimudar.com.br\/index.php\/wp-json\/wp\/v2\/comments?post=21870"}],"version-history":[{"count":2,"href":"https:\/\/sgvaimudar.com.br\/index.php\/wp-json\/wp\/v2\/posts\/21870\/revisions"}],"predecessor-version":[{"id":21874,"href":"https:\/\/sgvaimudar.com.br\/index.php\/wp-json\/wp\/v2\/posts\/21870\/revisions\/21874"}],"wp:featuredmedia":[{"embeddable":true,"href":"https:\/\/sgvaimudar.com.br\/index.php\/wp-json\/wp\/v2\/media\/21872"}],"wp:attachment":[{"href":"https:\/\/sgvaimudar.com.br\/index.php\/wp-json\/wp\/v2\/media?parent=21870"}],"wp:term":[{"taxonomy":"category","embeddable":true,"href":"https:\/\/sgvaimudar.com.br\/index.php\/wp-json\/wp\/v2\/categories?post=21870"},{"taxonomy":"post_tag","embeddable":true,"href":"https:\/\/sgvaimudar.com.br\/index.php\/wp-json\/wp\/v2\/tags?post=21870"}],"curies":[{"name":"wp","href":"https:\/\/api.w.org\/{rel}","templated":true}]}}