{"id":21867,"date":"2025-03-14T12:59:00","date_gmt":"2025-03-14T15:59:00","guid":{"rendered":"https:\/\/sgvaimudar.com.br\/?p=21867"},"modified":"2025-03-14T09:35:41","modified_gmt":"2025-03-14T12:35:41","slug":"na-ponte-rio-niteroi-prf-recupera-veiculo-roubado","status":"publish","type":"post","link":"https:\/\/sgvaimudar.com.br\/index.php\/2025\/03\/14\/na-ponte-rio-niteroi-prf-recupera-veiculo-roubado\/","title":{"rendered":"Na Ponte Rio-Niter\u00f3i, PRF recupera ve\u00edculo roubado"},"content":{"rendered":"\n<p><em>Questionado sobre a proced\u00eancia do ve\u00edculo, o condutor se manteve em sil\u00eancio<\/em><\/p>\n\n\n\n<p>A Pol\u00edcia Rodovi\u00e1ria Federal (PRF) recuperou um carro com registro de roubo na noite desta quarta-feira (12\/3), durante patrulhamento na Ponte Rio-Niter\u00f3i. O condutor \u00e9 suspeito do crime de recepta\u00e7\u00e3o.<\/p>\n\n\n\n<p>Segundo os federais, por volta das 22h30min, a equipe PRF realizava fiscaliza\u00e7\u00e3o no km 326 da BR-101 quando abordou o autom\u00f3vel. Durante inspe\u00e7\u00e3o veicular, os policiais observaram ind\u00edcios de adultera\u00e7\u00e3o nos elementos identificadores do carro e chegaram \u00e0 conclus\u00e3o de que se tratava de um ve\u00edculo clonado com registro de roubo h\u00e1 aproximadamente dois meses.\u00a0<\/p>\n\n\n\n<p>A ocorr\u00eancia foi encaminhada para a 17\u00aa DP.<\/p>\n\n\n\n<figure class=\"wp-block-image size-full\"><img decoding=\"async\" width=\"317\" height=\"110\" src=\"https:\/\/sgvaimudar.com.br\/wp-content\/uploads\/2023\/08\/cropped-Logo-Provisoria-2-2.png\" alt=\"\" class=\"wp-image-2782\" srcset=\"https:\/\/sgvaimudar.com.br\/wp-content\/uploads\/2023\/08\/cropped-Logo-Provisoria-2-2.png 317w, https:\/\/sgvaimudar.com.br\/wp-content\/uploads\/2023\/08\/cropped-Logo-Provisoria-2-2-300x104.png 300w\" sizes=\"(max-width: 317px) 100vw, 317px\" \/><\/figure>\n","protected":false},"excerpt":{"rendered":"<p>Questionado sobre a proced\u00eancia do ve\u00edculo, o condutor se manteve em sil\u00eancio A Pol\u00edcia Rodovi\u00e1ria Federal (PRF) recuperou um carro&hellip;<\/p>\n","protected":false},"author":5,"featured_media":21868,"comment_status":"open","ping_status":"open","sticky":false,"template":"","format":"standard","meta":{"fifu_image_url":"","fifu_image_alt":"","footnotes":""},"categories":[32],"tags":[39,41,40,47],"class_list":["post-21867","post","type-post","status-publish","format-standard","has-post-thumbnail","hentry","category-casos-de-policia","tag-ataque","tag-conflito","tag-guerra","tag-rj"],"_links":{"self":[{"href":"https:\/\/sgvaimudar.com.br\/index.php\/wp-json\/wp\/v2\/posts\/21867","targetHints":{"allow":["GET"]}}],"collection":[{"href":"https:\/\/sgvaimudar.com.br\/index.php\/wp-json\/wp\/v2\/posts"}],"about":[{"href":"https:\/\/sgvaimudar.com.br\/index.php\/wp-json\/wp\/v2\/types\/post"}],"author":[{"embeddable":true,"href":"https:\/\/sgvaimudar.com.br\/index.php\/wp-json\/wp\/v2\/users\/5"}],"replies":[{"embeddable":true,"href":"https:\/\/sgvaimudar.com.br\/index.php\/wp-json\/wp\/v2\/comments?post=21867"}],"version-history":[{"count":1,"href":"https:\/\/sgvaimudar.com.br\/index.php\/wp-json\/wp\/v2\/posts\/21867\/revisions"}],"predecessor-version":[{"id":21869,"href":"https:\/\/sgvaimudar.com.br\/index.php\/wp-json\/wp\/v2\/posts\/21867\/revisions\/21869"}],"wp:featuredmedia":[{"embeddable":true,"href":"https:\/\/sgvaimudar.com.br\/index.php\/wp-json\/wp\/v2\/media\/21868"}],"wp:attachment":[{"href":"https:\/\/sgvaimudar.com.br\/index.php\/wp-json\/wp\/v2\/media?parent=21867"}],"wp:term":[{"taxonomy":"category","embeddable":true,"href":"https:\/\/sgvaimudar.com.br\/index.php\/wp-json\/wp\/v2\/categories?post=21867"},{"taxonomy":"post_tag","embeddable":true,"href":"https:\/\/sgvaimudar.com.br\/index.php\/wp-json\/wp\/v2\/tags?post=21867"}],"curies":[{"name":"wp","href":"https:\/\/api.w.org\/{rel}","templated":true}]}}