{"id":21863,"date":"2025-03-14T12:00:00","date_gmt":"2025-03-14T15:00:00","guid":{"rendered":"https:\/\/sgvaimudar.com.br\/?p=21863"},"modified":"2025-03-14T09:30:16","modified_gmt":"2025-03-14T12:30:16","slug":"professores-da-rede-municipal-de-sao-goncalo-iniciam-curso-de-saude-vocal","status":"publish","type":"post","link":"https:\/\/sgvaimudar.com.br\/index.php\/2025\/03\/14\/professores-da-rede-municipal-de-sao-goncalo-iniciam-curso-de-saude-vocal\/","title":{"rendered":"Professores da rede municipal de S\u00e3o Gon\u00e7alo iniciam curso de sa\u00fade vocal"},"content":{"rendered":"\n<p><em>Ao todo, mais de 60 profissionais est\u00e3o inscritos nas aulas, que acontecem na sede da Funasg, no Centro<\/em><\/p>\n\n\n\n<p>As aulas do \u201cProjeto Provoz Funasg \u2013 Sa\u00fade Vocal do Professor\u201d, um projeto gratuito oferecido pela Funda\u00e7\u00e3o Municipal de Assist\u00eancia \u00e0 Sa\u00fade dos Servidores de S\u00e3o Gon\u00e7alo (Funasg), em parceria com a Secretaria Municipal de Educa\u00e7\u00e3o, com orienta\u00e7\u00f5es para promover a preserva\u00e7\u00e3o da sa\u00fade vocal e o bem-estar dos professores da rede municipal, tiveram in\u00edcio nesta quinta-feira (13). <\/p>\n\n\n\n<figure class=\"wp-block-image size-full\"><img fetchpriority=\"high\" decoding=\"async\" width=\"1024\" height=\"681\" src=\"https:\/\/sgvaimudar.com.br\/wp-content\/uploads\/2025\/03\/unnamed-1-13.jpg\" alt=\"\" class=\"wp-image-21864\" srcset=\"https:\/\/sgvaimudar.com.br\/wp-content\/uploads\/2025\/03\/unnamed-1-13.jpg 1024w, https:\/\/sgvaimudar.com.br\/wp-content\/uploads\/2025\/03\/unnamed-1-13-300x200.jpg 300w, https:\/\/sgvaimudar.com.br\/wp-content\/uploads\/2025\/03\/unnamed-1-13-768x511.jpg 768w\" sizes=\"(max-width: 1024px) 100vw, 1024px\" \/><\/figure>\n\n\n\n<p>Os alunos est\u00e3o divididos em grupos, com datas e hor\u00e1rios espec\u00edficos para facilitar o ensinamento. Ao todo, ser\u00e3o realizados quatro encontros por grupo, com encontros mensais, com dura\u00e7\u00e3o de uma hora cada encontro.<\/p>\n\n\n\n<p>O presidente da Funasg, Eug\u00eanio Abreu, falou sobre o objetivo do projeto.<\/p>\n\n\n\n<p>&#8220;O Provoz visa o bem-estar dos professores. S\u00e3o in\u00fameros os relatos de problemas vocais enfrentados pelos profissionais por causa da rotina em sala de aula. Muitos deles realizam o uso inadequado da voz e n\u00e3o aplicam medidas preventivas necess\u00e1rias, muitos por n\u00e3o saberem. Por isso, surgiu o Provoz, para que os professores da rede municipal possam saber mais sobre como utilizar a fala em sala de aula para dar mais qualidade para eles e para os seus alunos. As aulas s\u00e3o dadas por fonoaudi\u00f3logas que trabalham na Funasg&#8221;, afirmou.<\/p>\n\n\n\n<p>Durante os encontros, s\u00e3o dadas orienta\u00e7\u00f5es sobre padr\u00f5es adequados de fona\u00e7\u00e3o, bem como habilita\u00e7\u00e3o quanto ao uso profissional da voz. Al\u00e9m disso, ser\u00e3o realizados workshops, treinamentos e atividades te\u00f3ricas e pr\u00e1ticas com os alunos.<\/p>\n\n\n\n<p>Raquel Tavares, fonoaudi\u00f3loga que d\u00e1 aulas no projeto, explicou sobre o objetivo da primeira aula dada nesta quinta.<\/p>\n\n\n\n<p>&#8220;Vou ensinar hoje sobre exerc\u00edcios b\u00e1sicos, como respira\u00e7\u00e3o, j\u00e1 que a base da voz \u00e9 a respira\u00e7\u00e3o, al\u00e9m de articula\u00e7\u00e3o e abertura do trato vocal. No pr\u00f3ximo encontro, farei outros exerc\u00edcios. Eu preciso falar primeiro dessa parte de respira\u00e7\u00e3o para que possamos dar continuidade a outros exerc\u00edcios. O principal objetivo desse projeto \u00e9 ensinar o professor a ensinar o instrumento vocal deles, com aulas de autocuidado sobre o uso da voz&#8221;, disse.<\/p>\n\n\n\n<p>O projeto Provoz foi anunciado, inicialmente, na abertura do ano letivo de 2025 da Secretaria de Educa\u00e7\u00e3o, no Teatro Municipal, no dia 3 de fevereiro. \u00c9 a primeira vez que um projeto do tipo \u00e9 realizado na Funasg.<\/p>\n\n\n\n<p>Silvia de Mendon\u00e7a soube das aulas do projeto na abertura do ano letivo e logo se inscreveu.<\/p>\n\n\n\n<p>&#8220;Minha expectativa \u00e9 a melhor poss\u00edvel, para eu saber trabalhar com a minha voz de forma que eu consiga me expressar bem, usar todas as movimenta\u00e7\u00f5es corretas de forma que os alunos consigam compreender o que eu falo e eu preserve minha sa\u00fade vocal ao mesmo tempo. Sou estudante de Letras tamb\u00e9m e me interesso muito por essa \u00e1rea de fon\u00e9tica e fonologia porque sou alfabetizadora e utilizamos muito o m\u00e9todo f\u00f4nico. Uma boa dic\u00e7\u00e3o \u00e9 essencial&#8221;, disse ela que \u00e9 professora do 3\u00b0 ano do ensino fundamental da Escola Municipal Maria Eul\u00e1lia Concei\u00e7\u00e3o de Oliveira Maciel, no bairro Raul Veiga.<\/p>\n\n\n\n<p><strong>Vagas dispon\u00edveis<\/strong>&nbsp;&#8211; Ainda h\u00e1 vagas dispon\u00edveis para professores da rede municipal interessados no Provoz. Para se inscrever, o professor deve entrar em contato com o diretor da sua escola.&nbsp;<\/p>\n\n\n\n<p><em>Fotos: Julio Diniz<\/em><\/p>\n\n\n\n<p><strong><em>S\u00e3o Gon\u00e7alo vai mudar: Not\u00edcias de S\u00e3o Gon\u00e7alo e toda regi\u00e3o.<\/em><\/strong><\/p>\n\n\n\n<figure class=\"wp-block-image size-full\"><img decoding=\"async\" width=\"317\" height=\"110\" src=\"https:\/\/sgvaimudar.com.br\/wp-content\/uploads\/2023\/08\/cropped-Logo-Provisoria-2-2.png\" alt=\"\" class=\"wp-image-2782\" srcset=\"https:\/\/sgvaimudar.com.br\/wp-content\/uploads\/2023\/08\/cropped-Logo-Provisoria-2-2.png 317w, https:\/\/sgvaimudar.com.br\/wp-content\/uploads\/2023\/08\/cropped-Logo-Provisoria-2-2-300x104.png 300w\" sizes=\"(max-width: 317px) 100vw, 317px\" \/><\/figure>\n","protected":false},"excerpt":{"rendered":"<p>Ao todo, mais de 60 profissionais est\u00e3o inscritos nas aulas, que acontecem na sede da Funasg, no Centro As aulas&hellip;<\/p>\n","protected":false},"author":5,"featured_media":21865,"comment_status":"open","ping_status":"open","sticky":false,"template":"","format":"standard","meta":{"fifu_image_url":"","fifu_image_alt":"","footnotes":""},"categories":[7],"tags":[47,75],"class_list":["post-21863","post","type-post","status-publish","format-standard","has-post-thumbnail","hentry","category-saude","tag-rj","tag-sao-goncalo"],"_links":{"self":[{"href":"https:\/\/sgvaimudar.com.br\/index.php\/wp-json\/wp\/v2\/posts\/21863","targetHints":{"allow":["GET"]}}],"collection":[{"href":"https:\/\/sgvaimudar.com.br\/index.php\/wp-json\/wp\/v2\/posts"}],"about":[{"href":"https:\/\/sgvaimudar.com.br\/index.php\/wp-json\/wp\/v2\/types\/post"}],"author":[{"embeddable":true,"href":"https:\/\/sgvaimudar.com.br\/index.php\/wp-json\/wp\/v2\/users\/5"}],"replies":[{"embeddable":true,"href":"https:\/\/sgvaimudar.com.br\/index.php\/wp-json\/wp\/v2\/comments?post=21863"}],"version-history":[{"count":1,"href":"https:\/\/sgvaimudar.com.br\/index.php\/wp-json\/wp\/v2\/posts\/21863\/revisions"}],"predecessor-version":[{"id":21866,"href":"https:\/\/sgvaimudar.com.br\/index.php\/wp-json\/wp\/v2\/posts\/21863\/revisions\/21866"}],"wp:featuredmedia":[{"embeddable":true,"href":"https:\/\/sgvaimudar.com.br\/index.php\/wp-json\/wp\/v2\/media\/21865"}],"wp:attachment":[{"href":"https:\/\/sgvaimudar.com.br\/index.php\/wp-json\/wp\/v2\/media?parent=21863"}],"wp:term":[{"taxonomy":"category","embeddable":true,"href":"https:\/\/sgvaimudar.com.br\/index.php\/wp-json\/wp\/v2\/categories?post=21863"},{"taxonomy":"post_tag","embeddable":true,"href":"https:\/\/sgvaimudar.com.br\/index.php\/wp-json\/wp\/v2\/tags?post=21863"}],"curies":[{"name":"wp","href":"https:\/\/api.w.org\/{rel}","templated":true}]}}