{"id":21849,"date":"2025-03-14T09:59:00","date_gmt":"2025-03-14T12:59:00","guid":{"rendered":"https:\/\/sgvaimudar.com.br\/?p=21849"},"modified":"2025-03-14T10:28:11","modified_gmt":"2025-03-14T13:28:11","slug":"policiais-do-7obpm-fizeram-a-festa-na-comunidade-da-favelinha-no-boa-vista","status":"publish","type":"post","link":"https:\/\/sgvaimudar.com.br\/index.php\/2025\/03\/14\/policiais-do-7obpm-fizeram-a-festa-na-comunidade-da-favelinha-no-boa-vista\/","title":{"rendered":"Policiais do 7\u00baBPM fizeram a &#8220;festa&#8221; na Comunidade da Favelinha, no Boa Vista"},"content":{"rendered":"\n<p><em>Agentes prenderam tr\u00eas suspeitos, apreenderam uma escopeta, muni\u00e7\u00f5es, drogas, coletes e recuperaram uma moto PCX<\/em><\/p>\n\n\n\n<p>Os policiais do 7\u00ba Batalh\u00e3o de Pol\u00edcia Militar (BPM-S\u00e3o Gon\u00e7alo), durante patrulhamento nas proximidades da Comunidade da Favelinha, no bairro de Boa Vista, prenderam tr\u00eas suspeitos de tr\u00e1fico de drogas e apreenderam uma escopeta, muni\u00e7\u00f5es, drogas, coletes e uma motocicleta Honda, azul, placa RIU1G99 (roubada),  na manh\u00e3 da \u00faltima ter\u00e7a-feira (11).<\/p>\n\n\n\n<p>As informa\u00e7\u00f5es s\u00e3o dos militares que conversaram com exclusividade com o <strong>S\u00e3o Gon\u00e7alo Vai Mudar<\/strong> e explicaram como tudo aconteceu. Segundo eles, as equipes sa\u00edram do Batalh\u00e3o com o objetivo de reprimir as a\u00e7\u00f5es de indiv\u00edduos envolvidos em roubos de ve\u00edculos e cargas na regi\u00e3o. <\/p>\n\n\n\n<figure class=\"wp-block-image size-large\"><img fetchpriority=\"high\" decoding=\"async\" width=\"768\" height=\"1024\" src=\"https:\/\/sgvaimudar.com.br\/wp-content\/uploads\/2025\/03\/WhatsApp-Image-2025-03-14-at-08.03.52-768x1024.jpeg\" alt=\"\" class=\"wp-image-21851\" srcset=\"https:\/\/sgvaimudar.com.br\/wp-content\/uploads\/2025\/03\/WhatsApp-Image-2025-03-14-at-08.03.52-768x1024.jpeg 768w, https:\/\/sgvaimudar.com.br\/wp-content\/uploads\/2025\/03\/WhatsApp-Image-2025-03-14-at-08.03.52-225x300.jpeg 225w, https:\/\/sgvaimudar.com.br\/wp-content\/uploads\/2025\/03\/WhatsApp-Image-2025-03-14-at-08.03.52-1152x1536.jpeg 1152w, https:\/\/sgvaimudar.com.br\/wp-content\/uploads\/2025\/03\/WhatsApp-Image-2025-03-14-at-08.03.52.jpeg 1200w\" sizes=\"(max-width: 768px) 100vw, 768px\" \/><\/figure>\n\n\n\n<p>No entanto, ao passarem na Rua Aruan\u00e3, os agentes foram surpreendidos por elementos que realizavam a venda de entorpecentes. Quando os bandidos viram a viatura eles fugiram, mas ap\u00f3s a realiza\u00e7\u00e3o de cerco t\u00e1tico e vasculhamento na \u00e1rea, as equipes obtiveram \u00eaxito das seguintes apreens\u00f5es: <\/p>\n\n\n\n<p>Uma escopeta calibre 12; seis muni\u00e7\u00f5es calibre 12; duas capas de colete camufladas; tr\u00eas r\u00e1dios transmissores e uma motocicleta Honda PCX, cor azul, placa RIU1G99 que constava como roubada no sistema.<\/p>\n\n\n\n<p>A pol\u00edcia explicou que com um adolescente de 16 anos, vulgo <strong><em>2k<\/em><\/strong>, foi aprendida uma mochila com material entorpecente, r\u00e1dio transmissor, as capas de colete camuflada e uma motocicleta PCX roubada. <\/p>\n\n\n\n<p>J\u00e1 com  Kaio Ferreira Costa, de 21 anos, vulgo <strong><em>Magr\u00e3o<\/em><\/strong>, foi aprendida uma mochila com material entorpecente e r\u00e1dio transmissor e com um outro adolescente de 17 anos, vulgo <strong><em>Nego Ney<\/em><\/strong>, foi aprendida uma mochila com material entorpecente e r\u00e1dio transmissor. <\/p>\n\n\n\n<p>A pol\u00edcia ressaltou que no local onde os acusados se encontravam foi deixada a escopeta calibre 12 por outro elemento que fugiu. Depois do fato as equipes procederam \u00e0 72\u00aa DP para registro da ocorr\u00eancia.<\/p>\n\n\n\n<p><strong><em>S\u00e3o Gon\u00e7alo vai mudar: Not\u00edcias de S\u00e3o Gon\u00e7alo e toda regi\u00e3o.<\/em><\/strong><\/p>\n\n\n\n<figure class=\"wp-block-image size-full\"><img decoding=\"async\" width=\"317\" height=\"110\" src=\"https:\/\/sgvaimudar.com.br\/wp-content\/uploads\/2023\/08\/cropped-Logo-Provisoria-2-2.png\" alt=\"\" class=\"wp-image-2782\" srcset=\"https:\/\/sgvaimudar.com.br\/wp-content\/uploads\/2023\/08\/cropped-Logo-Provisoria-2-2.png 317w, https:\/\/sgvaimudar.com.br\/wp-content\/uploads\/2023\/08\/cropped-Logo-Provisoria-2-2-300x104.png 300w\" sizes=\"(max-width: 317px) 100vw, 317px\" \/><\/figure>\n\n\n\n<p> <\/p>\n","protected":false},"excerpt":{"rendered":"<p>Agentes prenderam tr\u00eas suspeitos, apreenderam uma escopeta, muni\u00e7\u00f5es, drogas, coletes e recuperaram uma moto PCX Os policiais do 7\u00ba Batalh\u00e3o&hellip;<\/p>\n","protected":false},"author":5,"featured_media":21850,"comment_status":"open","ping_status":"open","sticky":false,"template":"","format":"standard","meta":{"fifu_image_url":"","fifu_image_alt":"","footnotes":""},"categories":[32],"tags":[39,41,40,47,75],"class_list":["post-21849","post","type-post","status-publish","format-standard","has-post-thumbnail","hentry","category-casos-de-policia","tag-ataque","tag-conflito","tag-guerra","tag-rj","tag-sao-goncalo"],"_links":{"self":[{"href":"https:\/\/sgvaimudar.com.br\/index.php\/wp-json\/wp\/v2\/posts\/21849","targetHints":{"allow":["GET"]}}],"collection":[{"href":"https:\/\/sgvaimudar.com.br\/index.php\/wp-json\/wp\/v2\/posts"}],"about":[{"href":"https:\/\/sgvaimudar.com.br\/index.php\/wp-json\/wp\/v2\/types\/post"}],"author":[{"embeddable":true,"href":"https:\/\/sgvaimudar.com.br\/index.php\/wp-json\/wp\/v2\/users\/5"}],"replies":[{"embeddable":true,"href":"https:\/\/sgvaimudar.com.br\/index.php\/wp-json\/wp\/v2\/comments?post=21849"}],"version-history":[{"count":2,"href":"https:\/\/sgvaimudar.com.br\/index.php\/wp-json\/wp\/v2\/posts\/21849\/revisions"}],"predecessor-version":[{"id":21881,"href":"https:\/\/sgvaimudar.com.br\/index.php\/wp-json\/wp\/v2\/posts\/21849\/revisions\/21881"}],"wp:featuredmedia":[{"embeddable":true,"href":"https:\/\/sgvaimudar.com.br\/index.php\/wp-json\/wp\/v2\/media\/21850"}],"wp:attachment":[{"href":"https:\/\/sgvaimudar.com.br\/index.php\/wp-json\/wp\/v2\/media?parent=21849"}],"wp:term":[{"taxonomy":"category","embeddable":true,"href":"https:\/\/sgvaimudar.com.br\/index.php\/wp-json\/wp\/v2\/categories?post=21849"},{"taxonomy":"post_tag","embeddable":true,"href":"https:\/\/sgvaimudar.com.br\/index.php\/wp-json\/wp\/v2\/tags?post=21849"}],"curies":[{"name":"wp","href":"https:\/\/api.w.org\/{rel}","templated":true}]}}