{"id":21845,"date":"2025-03-14T10:00:00","date_gmt":"2025-03-14T13:00:00","guid":{"rendered":"https:\/\/sgvaimudar.com.br\/?p=21845"},"modified":"2025-03-14T07:57:48","modified_gmt":"2025-03-14T10:57:48","slug":"prefeito-capitao-nelson-prestigia-inauguracao-do-dom-atacadista-do-colubande","status":"publish","type":"post","link":"https:\/\/sgvaimudar.com.br\/index.php\/2025\/03\/14\/prefeito-capitao-nelson-prestigia-inauguracao-do-dom-atacadista-do-colubande\/","title":{"rendered":"Prefeito Capit\u00e3o Nelson prestigia inaugura\u00e7\u00e3o do Dom Atacadista do Coluband\u00ea"},"content":{"rendered":"\n<p><em>Meta do chefe do Executivo \u00e9 atrair novas empresas e garantir gera\u00e7\u00e3o de empregos<\/em><\/p>\n\n\n\n<p>O prefeito Capit\u00e3o Nelson compareceu, nesta quinta-feira (13) \u00e0 inaugura\u00e7\u00e3o Dom Atacadista, localizado na Rua Capit\u00e3o Juvenal Figueiredo, n\u00famero 570, no bairro Coluband\u00ea, acompanhado do vice-prefeito Jo\u00e3o Ventura e do secret\u00e1rio de Estado das Cidades, Douglas Ruas.<\/p>\n\n\n\n<p>Centenas de pessoas estiveram, no estabelecimento, que \u00e9 a primeiro da rede no munic\u00edpio. O novo com\u00e9rcio forneceu emprego para cerca de 500 pessoas, majoritariamente gon\u00e7alenses, de forma direta e indireta.  <\/p>\n\n\n\n<figure class=\"wp-block-image size-full\"><img fetchpriority=\"high\" decoding=\"async\" width=\"1024\" height=\"683\" src=\"https:\/\/sgvaimudar.com.br\/wp-content\/uploads\/2025\/03\/unnamed-10-3.jpg\" alt=\"\" class=\"wp-image-21847\" srcset=\"https:\/\/sgvaimudar.com.br\/wp-content\/uploads\/2025\/03\/unnamed-10-3.jpg 1024w, https:\/\/sgvaimudar.com.br\/wp-content\/uploads\/2025\/03\/unnamed-10-3-300x200.jpg 300w, https:\/\/sgvaimudar.com.br\/wp-content\/uploads\/2025\/03\/unnamed-10-3-768x512.jpg 768w\" sizes=\"(max-width: 1024px) 100vw, 1024px\" \/><\/figure>\n\n\n\n<p>O prefeito Capit\u00e3o Nelson destacou a import\u00e2ncia do novo empreendimento para a cidade.<\/p>\n\n\n\n<p>&#8220;\u00c9 uma satisfa\u00e7\u00e3o estar aqui. A Prefeitura est\u00e1 sempre disposta a ajudar e apoiar no que for necess\u00e1rio para a manuten\u00e7\u00e3o e cria\u00e7\u00e3o de cada empreendimento na cidade. O que nos d\u00e1 satisfa\u00e7\u00e3o \u00e9 ver o empreendimento ofertar cerca de 500 empregos diretos e indiretos para a cidade&#8221;, disse o prefeito. <\/p>\n\n\n\n<p>Ele disse que quer acabar com esse estigma de S\u00e3o Gon\u00e7alo ser uma cidade dormit\u00f3rio. &#8220;O  gon\u00e7alense merece trabalhar aqui na cidade mesmo e \u00e9 por isso que estamos trabalhando. Buscamos atrair novas empresas para que o gon\u00e7alense trabalhe aqui no seu pr\u00f3prio munic\u00edpio&#8221;, disse Capit\u00e3o Nelson.<\/p>\n\n\n\n<p>O secret\u00e1rio de Desenvolvimento Econ\u00f4mico, Evanildo Barreto, esteve presente na inaugura\u00e7\u00e3o do novo empreendimento e tamb\u00e9m destacou os novos empregos gerados para centenas de pessoas na cidade.<\/p>\n\n\n\n<p>&#8220;S\u00e3o Gon\u00e7alo \u00e9 uma cidade com um p\u00fablico consumidor de mais de um milh\u00e3o de habitantes. Gerador de emprego, renda e consumo. As grandes e melhores redes precisam alimentar essas pessoas e, em consequ\u00eancia, temos uma empresa com esse perfil, o Dom Atacadista, que vem com um prop\u00f3sito de nos atender, mas, principalmente, empregar trabalhadores na nossa cidade. Isso traz alegria para a gente e \u00e9 o que o nosso prefeito Capit\u00e3o Nelson nos orienta a perseguir, empregar o maior n\u00famero de pessoas na cidade&#8221;, disse.<\/p>\n\n\n\n<p>Caio Lira, diretor-geral do Dom Atacadista e s\u00f3cio da empresa, agradeceu o apoio da Prefeitura para a inaugura\u00e7\u00e3o do com\u00e9rcio.<\/p>\n\n\n\n<p>&#8220;\u00c9 uma alegria enorme estar aqui! Viemos com um grande investimento para o munic\u00edpio, gerando emprego e renda. Temos mais de 200 posi\u00e7\u00f5es de trabalhos diretos por aqui, ou seja, mais de 200 fam\u00edlias impactadas, mais de mil pessoas impactadas, contando que cada fam\u00edlia tem, pelo menos, quatro pessoas, fora os empregos indiretos gerados. S\u00e3o Gon\u00e7alo \u00e9 importante para n\u00f3s, \u00e9 nossa primeira loja aqui, mas \u00e9 a 22\u00aa loja da rede no Estado do Rio de Janeiro&#8221;, disse Lira.<\/p>\n\n\n\n<p>Na inaugura\u00e7\u00e3o, estiveram presentes tamb\u00e9m o secret\u00e1rio de Conserva\u00e7\u00e3o, Edson Leal; o secret\u00e1rio de Meio Ambiente e Transportes, F\u00e1bio Lemos; e o secret\u00e1rio de Ordem P\u00fablica, tenente-coronel M\u00e1rcio Ribeiro.<\/p>\n\n\n\n<p><strong>A inaugura\u00e7\u00e3o<\/strong><\/p>\n\n\n\n<p>A inaugura\u00e7\u00e3o da loja foi marcada por promo\u00e7\u00f5es exclusivas. Com produtos perec\u00edveis, incluindo a\u00e7ougue, o supermercado atende o p\u00fablico do varejo e do atacado. Ao todo, o local possui 250 vagas de estacionamento. J\u00e1 a \u00e1rea de vendas possui 600 m\u00b2.<\/p>\n\n\n\n<p>Quem estava aproveitando o novo mercado para realizar a compra do m\u00eas foi a transfusionista Talita Vargas, de 30 anos, moradora do J\u00f3quei.<\/p>\n\n\n\n<p>&#8220;Gostei da op\u00e7\u00e3o para fazermos compras e ver as promo\u00e7\u00f5es. Bom ver tamb\u00e9m que o local gerou emprego para centenas de pessoas tamb\u00e9m, que, muitas vezes, tem que se deslocar para outros munic\u00edpio, mas, agora, trabalham aqui&#8221;, disse a moradora.<\/p>\n\n\n\n<p><em>Fotos: Fabio Guimar\u00e3es<\/em><\/p>\n\n\n\n<p><strong><em>S\u00e3o Gon\u00e7alo vai mudar: Not\u00edcias de S\u00e3o Gon\u00e7alo e toda regi\u00e3o.<\/em><\/strong><\/p>\n\n\n\n<figure class=\"wp-block-image size-full\"><img decoding=\"async\" width=\"317\" height=\"110\" src=\"https:\/\/sgvaimudar.com.br\/wp-content\/uploads\/2023\/08\/cropped-Logo-Provisoria-2-2.png\" alt=\"\" class=\"wp-image-2782\" srcset=\"https:\/\/sgvaimudar.com.br\/wp-content\/uploads\/2023\/08\/cropped-Logo-Provisoria-2-2.png 317w, https:\/\/sgvaimudar.com.br\/wp-content\/uploads\/2023\/08\/cropped-Logo-Provisoria-2-2-300x104.png 300w\" sizes=\"(max-width: 317px) 100vw, 317px\" \/><\/figure>\n","protected":false},"excerpt":{"rendered":"<p>Meta do chefe do Executivo \u00e9 atrair novas empresas e garantir gera\u00e7\u00e3o de empregos O prefeito Capit\u00e3o Nelson compareceu, nesta&hellip;<\/p>\n","protected":false},"author":5,"featured_media":21846,"comment_status":"open","ping_status":"open","sticky":false,"template":"","format":"standard","meta":{"fifu_image_url":"","fifu_image_alt":"","footnotes":""},"categories":[3],"tags":[47,75],"class_list":["post-21845","post","type-post","status-publish","format-standard","has-post-thumbnail","hentry","category-sao-goncalo","tag-rj","tag-sao-goncalo"],"_links":{"self":[{"href":"https:\/\/sgvaimudar.com.br\/index.php\/wp-json\/wp\/v2\/posts\/21845","targetHints":{"allow":["GET"]}}],"collection":[{"href":"https:\/\/sgvaimudar.com.br\/index.php\/wp-json\/wp\/v2\/posts"}],"about":[{"href":"https:\/\/sgvaimudar.com.br\/index.php\/wp-json\/wp\/v2\/types\/post"}],"author":[{"embeddable":true,"href":"https:\/\/sgvaimudar.com.br\/index.php\/wp-json\/wp\/v2\/users\/5"}],"replies":[{"embeddable":true,"href":"https:\/\/sgvaimudar.com.br\/index.php\/wp-json\/wp\/v2\/comments?post=21845"}],"version-history":[{"count":1,"href":"https:\/\/sgvaimudar.com.br\/index.php\/wp-json\/wp\/v2\/posts\/21845\/revisions"}],"predecessor-version":[{"id":21848,"href":"https:\/\/sgvaimudar.com.br\/index.php\/wp-json\/wp\/v2\/posts\/21845\/revisions\/21848"}],"wp:featuredmedia":[{"embeddable":true,"href":"https:\/\/sgvaimudar.com.br\/index.php\/wp-json\/wp\/v2\/media\/21846"}],"wp:attachment":[{"href":"https:\/\/sgvaimudar.com.br\/index.php\/wp-json\/wp\/v2\/media?parent=21845"}],"wp:term":[{"taxonomy":"category","embeddable":true,"href":"https:\/\/sgvaimudar.com.br\/index.php\/wp-json\/wp\/v2\/categories?post=21845"},{"taxonomy":"post_tag","embeddable":true,"href":"https:\/\/sgvaimudar.com.br\/index.php\/wp-json\/wp\/v2\/tags?post=21845"}],"curies":[{"name":"wp","href":"https:\/\/api.w.org\/{rel}","templated":true}]}}