{"id":21839,"date":"2025-03-14T09:00:00","date_gmt":"2025-03-14T12:00:00","guid":{"rendered":"https:\/\/sgvaimudar.com.br\/?p=21839"},"modified":"2025-03-14T07:42:17","modified_gmt":"2025-03-14T10:42:17","slug":"prefeito-capitao-nelson-vai-entregar-mais-duas-creches-este-ano","status":"publish","type":"post","link":"https:\/\/sgvaimudar.com.br\/index.php\/2025\/03\/14\/prefeito-capitao-nelson-vai-entregar-mais-duas-creches-este-ano\/","title":{"rendered":"Prefeito Capit\u00e3o Nelson vai entregar mais duas creches este ano"},"content":{"rendered":"\n<p><em>Chefe do Executivo gon\u00e7alense vistoriou obra na unidade do Porto do Rosa<\/em><\/p>\n\n\n\n<p>As constru\u00e7\u00f5es das duas novas creches municipais de S\u00e3o Gon\u00e7alo, nos bairros Porto do Rosa e Jardim Miriambi, j\u00e1 est\u00e3o quase conclu\u00eddas, com obras em fase de pintura, acabamento e finaliza\u00e7\u00e3o. Nesta quinta-feira (13), o prefeito, Capit\u00e3o Nelson, o vice-prefeito, Jo\u00e3o Ventura, e o secret\u00e1rio de Educa\u00e7\u00e3o, Mauricio Nascimento, vistoriaram a obra do Porto do Rosa.<\/p>\n\n\n\n<figure class=\"wp-block-image size-large\"><img fetchpriority=\"high\" decoding=\"async\" width=\"1024\" height=\"684\" src=\"https:\/\/sgvaimudar.com.br\/wp-content\/uploads\/2025\/03\/unnamed-7-5-1024x684.jpg\" alt=\"\" class=\"wp-image-21840\" srcset=\"https:\/\/sgvaimudar.com.br\/wp-content\/uploads\/2025\/03\/unnamed-7-5-1024x684.jpg 1024w, https:\/\/sgvaimudar.com.br\/wp-content\/uploads\/2025\/03\/unnamed-7-5-300x200.jpg 300w, https:\/\/sgvaimudar.com.br\/wp-content\/uploads\/2025\/03\/unnamed-7-5-768x513.jpg 768w, https:\/\/sgvaimudar.com.br\/wp-content\/uploads\/2025\/03\/unnamed-7-5-1536x1027.jpg 1536w, https:\/\/sgvaimudar.com.br\/wp-content\/uploads\/2025\/03\/unnamed-7-5.jpg 1616w\" sizes=\"(max-width: 1024px) 100vw, 1024px\" \/><\/figure>\n\n\n\n<p>A\u00a0iniciativa garante o aumento da a oferta de vagas na modalidade Educa\u00e7\u00e3o Infantil, em pontos estrat\u00e9gicos da cidade. A Prefeitura de S\u00e3o Gon\u00e7alo j\u00e1 entregou, recentemente, tr\u00eas novas creches, nos bairros Marambaia, Almerinda e Jardim Bom Retiro que atendem, cada uma, a 100 alunos em hor\u00e1rio integral. As obras das novas unidades est\u00e3o previstas para serem entregues ainda no primeiro semestre de 2025.<\/p>\n\n\n\n<figure class=\"wp-block-image size-large\"><img decoding=\"async\" width=\"1024\" height=\"684\" src=\"https:\/\/sgvaimudar.com.br\/wp-content\/uploads\/2025\/03\/unnamed-6-3-1024x684.jpg\" alt=\"\" class=\"wp-image-21841\" srcset=\"https:\/\/sgvaimudar.com.br\/wp-content\/uploads\/2025\/03\/unnamed-6-3-1024x684.jpg 1024w, https:\/\/sgvaimudar.com.br\/wp-content\/uploads\/2025\/03\/unnamed-6-3-300x200.jpg 300w, https:\/\/sgvaimudar.com.br\/wp-content\/uploads\/2025\/03\/unnamed-6-3-768x513.jpg 768w, https:\/\/sgvaimudar.com.br\/wp-content\/uploads\/2025\/03\/unnamed-6-3-1536x1027.jpg 1536w, https:\/\/sgvaimudar.com.br\/wp-content\/uploads\/2025\/03\/unnamed-6-3.jpg 1616w\" sizes=\"(max-width: 1024px) 100vw, 1024px\" \/><\/figure>\n\n\n\n<p>\u201cO nosso foco \u00e9 concluir as obras dessas duas creches no m\u00eas que vem, para dar \u00e0 popula\u00e7\u00e3o a dignidade merecida. Os alunos v\u00e3o estudar aqui em tempo integral, com salas climatizadas e todas as refei\u00e7\u00f5es do dia, para que os pais possam trabalhar com tranquilidade\u201d, afirmou o prefeito.<\/p>\n\n\n\n<figure class=\"wp-block-image size-large\"><img decoding=\"async\" width=\"1024\" height=\"684\" src=\"https:\/\/sgvaimudar.com.br\/wp-content\/uploads\/2025\/03\/unnamed-5-6-1024x684.jpg\" alt=\"\" class=\"wp-image-21843\" srcset=\"https:\/\/sgvaimudar.com.br\/wp-content\/uploads\/2025\/03\/unnamed-5-6-1024x684.jpg 1024w, https:\/\/sgvaimudar.com.br\/wp-content\/uploads\/2025\/03\/unnamed-5-6-300x200.jpg 300w, https:\/\/sgvaimudar.com.br\/wp-content\/uploads\/2025\/03\/unnamed-5-6-768x513.jpg 768w, https:\/\/sgvaimudar.com.br\/wp-content\/uploads\/2025\/03\/unnamed-5-6-1536x1027.jpg 1536w, https:\/\/sgvaimudar.com.br\/wp-content\/uploads\/2025\/03\/unnamed-5-6.jpg 1616w\" sizes=\"(max-width: 1024px) 100vw, 1024px\" \/><\/figure>\n\n\n\n<p>O projeto das novas unidades escolares \u00e9 padronizado, contando com oito salas de aula com banheiros adaptados infantis, frald\u00e1rio, cozinha, refeit\u00f3rio, salas para espa\u00e7os alternativos e toda a estrutura para atender aos alunos.<\/p>\n\n\n\n<p>\u201cAs creches j\u00e1 est\u00e3o quase prontas para atender a essa popula\u00e7\u00e3o que tanto precisa. Fizemos essa constru\u00e7\u00e3o com muito cuidado, entendendo as necessidades dos alunos de Educa\u00e7\u00e3o Infantil, para que a crian\u00e7a possa ter um espa\u00e7o agrad\u00e1vel, bonito e funcional para se desenvolver\u201d, disse o secret\u00e1rio de Educa\u00e7\u00e3o, Mauricio Nascimento.<\/p>\n\n\n\n<p>As constru\u00e7\u00f5es cumprem uma das metas do Plano Estrat\u00e9gico Novos Rumos e s\u00e3o fruto de um projeto de capta\u00e7\u00e3o de recursos da Secretaria de Gest\u00e3o Integrada e Projetos Especiais (Semgipe), em parceria com a Secretaria de Educa\u00e7\u00e3o da Prefeitura de S\u00e3o Gon\u00e7alo.<\/p>\n\n\n\n<p><em>Fotos: Renan Otto<\/em><\/p>\n\n\n\n<p><strong><em>S\u00e3o Gon\u00e7alo vai mudar: Not\u00edcias de S\u00e3o Gon\u00e7alo e toda regi\u00e3o.<\/em><\/strong><\/p>\n\n\n\n<figure class=\"wp-block-image size-full\"><img loading=\"lazy\" decoding=\"async\" width=\"317\" height=\"110\" src=\"https:\/\/sgvaimudar.com.br\/wp-content\/uploads\/2023\/08\/cropped-Logo-Provisoria-2-2.png\" alt=\"\" class=\"wp-image-2782\" srcset=\"https:\/\/sgvaimudar.com.br\/wp-content\/uploads\/2023\/08\/cropped-Logo-Provisoria-2-2.png 317w, https:\/\/sgvaimudar.com.br\/wp-content\/uploads\/2023\/08\/cropped-Logo-Provisoria-2-2-300x104.png 300w\" sizes=\"(max-width: 317px) 100vw, 317px\" \/><\/figure>\n","protected":false},"excerpt":{"rendered":"<p>Chefe do Executivo gon\u00e7alense vistoriou obra na unidade do Porto do Rosa As constru\u00e7\u00f5es das duas novas creches municipais de&hellip;<\/p>\n","protected":false},"author":5,"featured_media":21842,"comment_status":"open","ping_status":"open","sticky":false,"template":"","format":"standard","meta":{"fifu_image_url":"","fifu_image_alt":"","footnotes":""},"categories":[3],"tags":[47,75],"class_list":["post-21839","post","type-post","status-publish","format-standard","has-post-thumbnail","hentry","category-sao-goncalo","tag-rj","tag-sao-goncalo"],"_links":{"self":[{"href":"https:\/\/sgvaimudar.com.br\/index.php\/wp-json\/wp\/v2\/posts\/21839","targetHints":{"allow":["GET"]}}],"collection":[{"href":"https:\/\/sgvaimudar.com.br\/index.php\/wp-json\/wp\/v2\/posts"}],"about":[{"href":"https:\/\/sgvaimudar.com.br\/index.php\/wp-json\/wp\/v2\/types\/post"}],"author":[{"embeddable":true,"href":"https:\/\/sgvaimudar.com.br\/index.php\/wp-json\/wp\/v2\/users\/5"}],"replies":[{"embeddable":true,"href":"https:\/\/sgvaimudar.com.br\/index.php\/wp-json\/wp\/v2\/comments?post=21839"}],"version-history":[{"count":1,"href":"https:\/\/sgvaimudar.com.br\/index.php\/wp-json\/wp\/v2\/posts\/21839\/revisions"}],"predecessor-version":[{"id":21844,"href":"https:\/\/sgvaimudar.com.br\/index.php\/wp-json\/wp\/v2\/posts\/21839\/revisions\/21844"}],"wp:featuredmedia":[{"embeddable":true,"href":"https:\/\/sgvaimudar.com.br\/index.php\/wp-json\/wp\/v2\/media\/21842"}],"wp:attachment":[{"href":"https:\/\/sgvaimudar.com.br\/index.php\/wp-json\/wp\/v2\/media?parent=21839"}],"wp:term":[{"taxonomy":"category","embeddable":true,"href":"https:\/\/sgvaimudar.com.br\/index.php\/wp-json\/wp\/v2\/categories?post=21839"},{"taxonomy":"post_tag","embeddable":true,"href":"https:\/\/sgvaimudar.com.br\/index.php\/wp-json\/wp\/v2\/tags?post=21839"}],"curies":[{"name":"wp","href":"https:\/\/api.w.org\/{rel}","templated":true}]}}