{"id":21832,"date":"2025-03-14T07:19:39","date_gmt":"2025-03-14T10:19:39","guid":{"rendered":"https:\/\/sgvaimudar.com.br\/?p=21832"},"modified":"2025-03-14T07:19:39","modified_gmt":"2025-03-14T10:19:39","slug":"nova-alteracao-no-transito-do-porto-da-madama-esta-em-andamento","status":"publish","type":"post","link":"https:\/\/sgvaimudar.com.br\/index.php\/2025\/03\/14\/nova-alteracao-no-transito-do-porto-da-madama-esta-em-andamento\/","title":{"rendered":"Nova altera\u00e7\u00e3o no tr\u00e2nsito do Porto da Madama est\u00e1 em andamento\u00a0"},"content":{"rendered":"\n<p><em>Mudan\u00e7a teve in\u00edcio na \u00faltima quarta-feira (12)<\/em><\/p>\n\n\n\n<p>A nova altera\u00e7\u00e3o no tr\u00e2nsito do Porto da Madama, na altura do Centro Interescolar Ulysses Guimar\u00e3es (CIUG), j\u00e1 est\u00e1 acontecendo. A mudan\u00e7a teve in\u00edcio nesta quarta-feira (12) e foi implantada em decorr\u00eancia do avan\u00e7o das obras do trecho 2 do projeto Mobilidade Urbana Verde Integrada (MUVI). As mudan\u00e7as, a princ\u00edpio, ter\u00e3o dura\u00e7\u00e3o de uma semana, podendo ser estendidas.<\/p>\n\n\n\n<p>Uma faixa da Rua Comandante Ari Parreiras e outra da Rua Maria Am\u00e9lia Romanazi est\u00e3o interditadas para as obras. Com essa altera\u00e7\u00e3o, os motoristas que v\u00eam da Rua Maria Am\u00e9lia Romanazi e desejam retornar para o Para\u00edso, devem seguir pela Rua Doutor Gradim at\u00e9 a Pra\u00e7a do Gradim e voltar pela Rua Visconde de Ita\u00fana. <\/p>\n\n\n\n<figure class=\"wp-block-image size-full\"><img fetchpriority=\"high\" decoding=\"async\" width=\"1024\" height=\"683\" src=\"https:\/\/sgvaimudar.com.br\/wp-content\/uploads\/2025\/03\/unnamed-3-8.jpg\" alt=\"\" class=\"wp-image-21833\" srcset=\"https:\/\/sgvaimudar.com.br\/wp-content\/uploads\/2025\/03\/unnamed-3-8.jpg 1024w, https:\/\/sgvaimudar.com.br\/wp-content\/uploads\/2025\/03\/unnamed-3-8-300x200.jpg 300w, https:\/\/sgvaimudar.com.br\/wp-content\/uploads\/2025\/03\/unnamed-3-8-768x512.jpg 768w\" sizes=\"(max-width: 1024px) 100vw, 1024px\" \/><\/figure>\n\n\n\n<p>J\u00e1 os motoristas que vem da Rua Doutor Gradim devem, obrigatoriamente, seguir no sentido Niter\u00f3i e fazer o retorno em frente ao Assa\u00ed Atacadista.<\/p>\n\n\n\n<p>O prefeito Capit\u00e3o Nelson destacou a import\u00e2ncia das obras. &#8220;O MUVI est\u00e1 transformando o munic\u00edpio. Estamos construindo um corredor vi\u00e1rio ligado Neves a Guaxindiba. Em bairros como Vila Lage e Camar\u00e3o, por exemplo, j\u00e1 estamos vendo as melhorias para a popula\u00e7\u00e3o, que agora gasta menos tempo nos transportes p\u00fablicos utilizando uma via mais r\u00e1pida e direta. Agrade\u00e7o ao governador Cl\u00e1udio Castro e ao secret\u00e1rio das Cidades Douglas Ruas pela parceria&#8221;, disse.<\/p>\n\n\n\n<p><strong>MUVI<\/strong>&nbsp;\u2013 O projeto do MUVI est\u00e1 sendo executado gra\u00e7as a uma parceria entre o Governo do Estado do Rio de Janeiro, atrav\u00e9s da Secretaria das Cidades, e a Prefeitura de S\u00e3o Gon\u00e7alo. Trata-se do maior projeto de mobilidade urbana j\u00e1 realizado na cidade de S\u00e3o Gon\u00e7alo, com investimento de R$ 287 milh\u00f5es.<\/p>\n\n\n\n<p>O projeto foi elaborado pela Secretaria Municipal de Gest\u00e3o Integrada e Projetos Especiais (Semgipe) e prev\u00ea a cria\u00e7\u00e3o de um novo corredor vi\u00e1rio, com pistas preferenciais de \u00f4nibus e ciclovia, ligando o bairro de Neves a Guaxindiba, trecho onde s\u00e3o previstas v\u00e1rias interven\u00e7\u00f5es urban\u00edsticas e de paisagismo. O corredor vi\u00e1rio ter\u00e1 18 quil\u00f4metros de extens\u00e3o.<\/p>\n\n\n\n<p><em>Fotos: Fabio Guimar\u00e3es<\/em><\/p>\n\n\n\n<p><strong><em>S\u00e3o Gon\u00e7alo vai mudar: Not\u00edcias de S\u00e3o Gon\u00e7alo e toda regi\u00e3o.<\/em><\/strong><\/p>\n\n\n\n<figure class=\"wp-block-image size-full\"><img decoding=\"async\" width=\"317\" height=\"110\" src=\"https:\/\/sgvaimudar.com.br\/wp-content\/uploads\/2023\/08\/cropped-Logo-Provisoria-2-2.png\" alt=\"\" class=\"wp-image-2782\" srcset=\"https:\/\/sgvaimudar.com.br\/wp-content\/uploads\/2023\/08\/cropped-Logo-Provisoria-2-2.png 317w, https:\/\/sgvaimudar.com.br\/wp-content\/uploads\/2023\/08\/cropped-Logo-Provisoria-2-2-300x104.png 300w\" sizes=\"(max-width: 317px) 100vw, 317px\" \/><\/figure>\n","protected":false},"excerpt":{"rendered":"<p>Mudan\u00e7a teve in\u00edcio na \u00faltima quarta-feira (12) A nova altera\u00e7\u00e3o no tr\u00e2nsito do Porto da Madama, na altura do Centro&hellip;<\/p>\n","protected":false},"author":5,"featured_media":21834,"comment_status":"open","ping_status":"open","sticky":false,"template":"","format":"standard","meta":{"fifu_image_url":"","fifu_image_alt":"","footnotes":""},"categories":[3],"tags":[47,75],"class_list":["post-21832","post","type-post","status-publish","format-standard","has-post-thumbnail","hentry","category-sao-goncalo","tag-rj","tag-sao-goncalo"],"_links":{"self":[{"href":"https:\/\/sgvaimudar.com.br\/index.php\/wp-json\/wp\/v2\/posts\/21832","targetHints":{"allow":["GET"]}}],"collection":[{"href":"https:\/\/sgvaimudar.com.br\/index.php\/wp-json\/wp\/v2\/posts"}],"about":[{"href":"https:\/\/sgvaimudar.com.br\/index.php\/wp-json\/wp\/v2\/types\/post"}],"author":[{"embeddable":true,"href":"https:\/\/sgvaimudar.com.br\/index.php\/wp-json\/wp\/v2\/users\/5"}],"replies":[{"embeddable":true,"href":"https:\/\/sgvaimudar.com.br\/index.php\/wp-json\/wp\/v2\/comments?post=21832"}],"version-history":[{"count":1,"href":"https:\/\/sgvaimudar.com.br\/index.php\/wp-json\/wp\/v2\/posts\/21832\/revisions"}],"predecessor-version":[{"id":21835,"href":"https:\/\/sgvaimudar.com.br\/index.php\/wp-json\/wp\/v2\/posts\/21832\/revisions\/21835"}],"wp:featuredmedia":[{"embeddable":true,"href":"https:\/\/sgvaimudar.com.br\/index.php\/wp-json\/wp\/v2\/media\/21834"}],"wp:attachment":[{"href":"https:\/\/sgvaimudar.com.br\/index.php\/wp-json\/wp\/v2\/media?parent=21832"}],"wp:term":[{"taxonomy":"category","embeddable":true,"href":"https:\/\/sgvaimudar.com.br\/index.php\/wp-json\/wp\/v2\/categories?post=21832"},{"taxonomy":"post_tag","embeddable":true,"href":"https:\/\/sgvaimudar.com.br\/index.php\/wp-json\/wp\/v2\/tags?post=21832"}],"curies":[{"name":"wp","href":"https:\/\/api.w.org\/{rel}","templated":true}]}}