{"id":21828,"date":"2025-03-14T07:10:31","date_gmt":"2025-03-14T10:10:31","guid":{"rendered":"https:\/\/sgvaimudar.com.br\/?p=21828"},"modified":"2025-03-14T07:21:24","modified_gmt":"2025-03-14T10:21:24","slug":"homem-e-detido-por-descarte-irregular-de-lixo-em-via-publica","status":"publish","type":"post","link":"https:\/\/sgvaimudar.com.br\/index.php\/2025\/03\/14\/homem-e-detido-por-descarte-irregular-de-lixo-em-via-publica\/","title":{"rendered":"Homem \u00e9 detido por descarte irregular de lixo em via p\u00fablica"},"content":{"rendered":"\n<p><em>A\u00e7\u00e3o aconteceu nesta manh\u00e3 de quinta-feira (13)<\/em><\/p>\n\n\n\n<p>Um homem foi detido ap\u00f3s realizar o descarte irregular de lixo em via p\u00fablica, o que configura crime ambiental, nesta manh\u00e3 de quinta-feira (13), na Rua Waldir dos Santos, no bairro do Engenho Pequeno. A a\u00e7\u00e3o foi feita por agentes do Grupamento de Prote\u00e7\u00e3o Ambiental (GPAm) juntamente com agentes da Secretaria de Meio Ambiente e Transportes.<\/p>\n\n\n\n<figure class=\"wp-block-image size-large\"><img fetchpriority=\"high\" decoding=\"async\" width=\"768\" height=\"1024\" src=\"https:\/\/sgvaimudar.com.br\/wp-content\/uploads\/2025\/03\/unnamed-1-12-768x1024.jpg\" alt=\"\" class=\"wp-image-21829\" srcset=\"https:\/\/sgvaimudar.com.br\/wp-content\/uploads\/2025\/03\/unnamed-1-12-768x1024.jpg 768w, https:\/\/sgvaimudar.com.br\/wp-content\/uploads\/2025\/03\/unnamed-1-12-225x300.jpg 225w, https:\/\/sgvaimudar.com.br\/wp-content\/uploads\/2025\/03\/unnamed-1-12.jpg 960w\" sizes=\"(max-width: 768px) 100vw, 768px\" \/><\/figure>\n\n\n\n<p>O suspeito foi flagrado, atrav\u00e9s de c\u00e2meras da Central de Seguran\u00e7a de S\u00e3o Gon\u00e7alo (CSSG), descartando res\u00edduos no local. No mesmo momento, as equipes foram acionadas, seguiram at\u00e9 o endere\u00e7o e o detiveram.<\/p>\n\n\n\n<p>Ele foi levado para a 73\u00aa DP (Neves), onde foi notificado, assinou o Termo Circunstanciado e foi liberado. Ele vai responder ao caso em liberdade.<\/p>\n\n\n\n<p>O secret\u00e1rio de Meio Ambiente e Transportes, F\u00e1bio Lemos, pediu que a popula\u00e7\u00e3o n\u00e3o descartar lixo nas vias p\u00fablicas.<\/p>\n\n\n\n<p>&#8220;O descarte irregular de lixo \u00e9 crime. \u00c9 necess\u00e1rio que a popula\u00e7\u00e3o n\u00e3o tenha estas atitudes, um p\u00e9ssimo h\u00e1bito que al\u00e9m de sujar a cidade traz doen\u00e7as e causa alagamentos quando chove&#8221;, destacou.<\/p>\n\n\n\n<p><strong><em>S\u00e3o Gon\u00e7alo vai mudar: Not\u00edcias de S\u00e3o Gon\u00e7alo e toda regi\u00e3o.<\/em><\/strong><\/p>\n\n\n\n<figure class=\"wp-block-image size-full\"><img decoding=\"async\" width=\"317\" height=\"110\" src=\"https:\/\/sgvaimudar.com.br\/wp-content\/uploads\/2023\/08\/cropped-Logo-Provisoria-2-2.png\" alt=\"\" class=\"wp-image-2782\" srcset=\"https:\/\/sgvaimudar.com.br\/wp-content\/uploads\/2023\/08\/cropped-Logo-Provisoria-2-2.png 317w, https:\/\/sgvaimudar.com.br\/wp-content\/uploads\/2023\/08\/cropped-Logo-Provisoria-2-2-300x104.png 300w\" sizes=\"(max-width: 317px) 100vw, 317px\" \/><\/figure>\n","protected":false},"excerpt":{"rendered":"<p>A\u00e7\u00e3o aconteceu nesta manh\u00e3 de quinta-feira (13) Um homem foi detido ap\u00f3s realizar o descarte irregular de lixo em via&hellip;<\/p>\n","protected":false},"author":5,"featured_media":21830,"comment_status":"open","ping_status":"open","sticky":false,"template":"","format":"standard","meta":{"fifu_image_url":"","fifu_image_alt":"","footnotes":""},"categories":[32],"tags":[39,41,40,47,75],"class_list":["post-21828","post","type-post","status-publish","format-standard","has-post-thumbnail","hentry","category-casos-de-policia","tag-ataque","tag-conflito","tag-guerra","tag-rj","tag-sao-goncalo"],"_links":{"self":[{"href":"https:\/\/sgvaimudar.com.br\/index.php\/wp-json\/wp\/v2\/posts\/21828","targetHints":{"allow":["GET"]}}],"collection":[{"href":"https:\/\/sgvaimudar.com.br\/index.php\/wp-json\/wp\/v2\/posts"}],"about":[{"href":"https:\/\/sgvaimudar.com.br\/index.php\/wp-json\/wp\/v2\/types\/post"}],"author":[{"embeddable":true,"href":"https:\/\/sgvaimudar.com.br\/index.php\/wp-json\/wp\/v2\/users\/5"}],"replies":[{"embeddable":true,"href":"https:\/\/sgvaimudar.com.br\/index.php\/wp-json\/wp\/v2\/comments?post=21828"}],"version-history":[{"count":1,"href":"https:\/\/sgvaimudar.com.br\/index.php\/wp-json\/wp\/v2\/posts\/21828\/revisions"}],"predecessor-version":[{"id":21831,"href":"https:\/\/sgvaimudar.com.br\/index.php\/wp-json\/wp\/v2\/posts\/21828\/revisions\/21831"}],"wp:featuredmedia":[{"embeddable":true,"href":"https:\/\/sgvaimudar.com.br\/index.php\/wp-json\/wp\/v2\/media\/21830"}],"wp:attachment":[{"href":"https:\/\/sgvaimudar.com.br\/index.php\/wp-json\/wp\/v2\/media?parent=21828"}],"wp:term":[{"taxonomy":"category","embeddable":true,"href":"https:\/\/sgvaimudar.com.br\/index.php\/wp-json\/wp\/v2\/categories?post=21828"},{"taxonomy":"post_tag","embeddable":true,"href":"https:\/\/sgvaimudar.com.br\/index.php\/wp-json\/wp\/v2\/tags?post=21828"}],"curies":[{"name":"wp","href":"https:\/\/api.w.org\/{rel}","templated":true}]}}