{"id":21822,"date":"2025-03-13T21:00:00","date_gmt":"2025-03-14T00:00:00","guid":{"rendered":"https:\/\/sgvaimudar.com.br\/?p=21822"},"modified":"2025-03-13T11:35:19","modified_gmt":"2025-03-13T14:35:19","slug":"moradores-de-piratininga-reclamam-que-ficaram-24-horas-sem-o-abastecimento-de-agua","status":"publish","type":"post","link":"https:\/\/sgvaimudar.com.br\/index.php\/2025\/03\/13\/moradores-de-piratininga-reclamam-que-ficaram-24-horas-sem-o-abastecimento-de-agua\/","title":{"rendered":"Moradores de Piratininga reclamam que ficaram 24 horas sem o abastecimento de \u00e1gua"},"content":{"rendered":"\n<p><em>Moradores desconfiam de um desvio da \u00e1gua<\/em><\/p>\n\n\n\n<p>Sem \u00e1gua h\u00e1 mais de 24 horas, moradores do bairro de Piratininga, na Regi\u00e3o Oce\u00e2nica de Niter\u00f3i, reclamaram de n\u00e3o terem sido comunicados previamente pela concession\u00e1ria\u00a0\u00c1guas de Niter\u00f3i sobre a pausa no abastecimento.<\/p>\n\n\n\n<p>Pessoas que moram na Rua Eurico Arag\u00e3o e outras ruas pr\u00f3ximas tamb\u00e9m alegam que o tempo de espera para a solu\u00e7\u00e3o do problema foi longo demais. <\/p>\n\n\n\n<p>\u201cFalta de respeito com idosos, crian\u00e7as, cadeirantes, enfim, com todos! Agora \u00e9 certo n\u00f3s ficarmos em um calor de 40 graus sem \u00e1gua? J\u00e1 entramos em contato, mas ouvimos da\u00a0pr\u00f3pria concession\u00e1ria que n\u00e3o sabe o porqu\u00ea. Desconfiamos que h\u00e1 desvio da \u00e1gua. Por isso fizemos dois protocolos:\u00a0o de n\u00famero 202511015677484 e outro de n\u00famero: 202511015677522, isso \u00e9 um absurdo&#8221;, lamentou o morador Jos\u00e9 Messias Xavier.<\/p>\n\n\n\n<p>A concession\u00e1ria \u00c1guas de Niter\u00f3i foi procurada pela reportagem e informou que <em>&#8220;realizou uma vistoria no local e o abastecimento est\u00e1 ocorrendo normalmente&#8221;.<\/em><\/p>\n\n\n\n<p><strong><em>S\u00e3o Gon\u00e7alo vai mudar: Not\u00edcias de S\u00e3o Gon\u00e7alo e toda regi\u00e3o.<\/em><\/strong><\/p>\n\n\n\n<figure class=\"wp-block-image size-full\"><img decoding=\"async\" width=\"317\" height=\"110\" src=\"https:\/\/sgvaimudar.com.br\/wp-content\/uploads\/2023\/08\/cropped-Logo-Provisoria-2-2.png\" alt=\"\" class=\"wp-image-2782\" srcset=\"https:\/\/sgvaimudar.com.br\/wp-content\/uploads\/2023\/08\/cropped-Logo-Provisoria-2-2.png 317w, https:\/\/sgvaimudar.com.br\/wp-content\/uploads\/2023\/08\/cropped-Logo-Provisoria-2-2-300x104.png 300w\" sizes=\"(max-width: 317px) 100vw, 317px\" \/><\/figure>\n\n\n\n<p><\/p>\n","protected":false},"excerpt":{"rendered":"<p>Moradores desconfiam de um desvio da \u00e1gua Sem \u00e1gua h\u00e1 mais de 24 horas, moradores do bairro de Piratininga, na&hellip;<\/p>\n","protected":false},"author":5,"featured_media":21824,"comment_status":"open","ping_status":"open","sticky":false,"template":"","format":"standard","meta":{"fifu_image_url":"","fifu_image_alt":"","footnotes":""},"categories":[34],"tags":[47],"class_list":["post-21822","post","type-post","status-publish","format-standard","has-post-thumbnail","hentry","category-niteroi","tag-rj"],"_links":{"self":[{"href":"https:\/\/sgvaimudar.com.br\/index.php\/wp-json\/wp\/v2\/posts\/21822","targetHints":{"allow":["GET"]}}],"collection":[{"href":"https:\/\/sgvaimudar.com.br\/index.php\/wp-json\/wp\/v2\/posts"}],"about":[{"href":"https:\/\/sgvaimudar.com.br\/index.php\/wp-json\/wp\/v2\/types\/post"}],"author":[{"embeddable":true,"href":"https:\/\/sgvaimudar.com.br\/index.php\/wp-json\/wp\/v2\/users\/5"}],"replies":[{"embeddable":true,"href":"https:\/\/sgvaimudar.com.br\/index.php\/wp-json\/wp\/v2\/comments?post=21822"}],"version-history":[{"count":1,"href":"https:\/\/sgvaimudar.com.br\/index.php\/wp-json\/wp\/v2\/posts\/21822\/revisions"}],"predecessor-version":[{"id":21823,"href":"https:\/\/sgvaimudar.com.br\/index.php\/wp-json\/wp\/v2\/posts\/21822\/revisions\/21823"}],"wp:featuredmedia":[{"embeddable":true,"href":"https:\/\/sgvaimudar.com.br\/index.php\/wp-json\/wp\/v2\/media\/21824"}],"wp:attachment":[{"href":"https:\/\/sgvaimudar.com.br\/index.php\/wp-json\/wp\/v2\/media?parent=21822"}],"wp:term":[{"taxonomy":"category","embeddable":true,"href":"https:\/\/sgvaimudar.com.br\/index.php\/wp-json\/wp\/v2\/categories?post=21822"},{"taxonomy":"post_tag","embeddable":true,"href":"https:\/\/sgvaimudar.com.br\/index.php\/wp-json\/wp\/v2\/tags?post=21822"}],"curies":[{"name":"wp","href":"https:\/\/api.w.org\/{rel}","templated":true}]}}