{"id":21797,"date":"2025-03-13T10:59:00","date_gmt":"2025-03-13T13:59:00","guid":{"rendered":"https:\/\/sgvaimudar.com.br\/?p=21797"},"modified":"2025-03-13T10:15:29","modified_gmt":"2025-03-13T13:15:29","slug":"justica-do-rj-determina-que-3-criminosos-que-estao-em-presidios-federais-voltem-para-o-estado","status":"publish","type":"post","link":"https:\/\/sgvaimudar.com.br\/index.php\/2025\/03\/13\/justica-do-rj-determina-que-3-criminosos-que-estao-em-presidios-federais-voltem-para-o-estado\/","title":{"rendered":"Justi\u00e7a do RJ determina que 3 criminosos que est\u00e3o em pres\u00eddios federais voltem para o estado"},"content":{"rendered":"\n<p><em>Transfer\u00eancias ainda n\u00e3o t\u00eam data para acontecer<\/em><\/p>\n\n\n\n<p>A Justi\u00e7a do RJ determinou o retorno ao estado de 3 detentos que est\u00e3o em pres\u00eddios federais. Eles s\u00e3o apontados como chefes do tr\u00e1fico de drogas. N\u00e3o foi explicado por que os criminosos poder\u00e3o voltar ao Rio de Janeiro. A transfer\u00eancia ainda ser\u00e1 marcada.<\/p>\n\n\n\n<p>S\u00e3o eles:<\/p>\n\n\n\n<ul class=\"wp-block-list\">\n<li>Cl\u00e1udio Henrique Mendes dos Santos, o DR Santos ou Tchuca, chefe de comunidades em Niter\u00f3i;<\/li>\n\n\n\n<li>Edmilson Ferreira dos Santos, o Sass\u00e1, um dos principais traficantes do Complexo da Pedreira, em Costa Barros.<\/li>\n\n\n\n<li>Luiz Carlos Moraes de Souza, o Monstr\u00e3o, chefe do tr\u00e1fico de drogas de favelas de Maca\u00e9 e do Morro do Urubu, em Pilares, com atua\u00e7\u00e3o tamb\u00e9m na Favela das Malvinas, no M\u00e9ier, e na Nova Holanda, na Mar\u00e9.<\/li>\n<\/ul>\n\n\n\n<p>A Secretaria de Seguran\u00e7a P\u00fablica explicou que monitora a situa\u00e7\u00e3o dos detentos e troca informa\u00e7\u00f5es de forma cont\u00ednua com a Secretaria de Administra\u00e7\u00e3o Penitenci\u00e1ria.<\/p>\n\n\n\n<p><strong><em>S\u00e3o Gon\u00e7alo vai mudar: Not\u00edcias de S\u00e3o Gon\u00e7alo e toda regi\u00e3o.<\/em><\/strong><\/p>\n\n\n\n<figure class=\"wp-block-image size-full\"><img decoding=\"async\" width=\"317\" height=\"110\" src=\"https:\/\/sgvaimudar.com.br\/wp-content\/uploads\/2023\/08\/cropped-Logo-Provisoria-2-2.png\" alt=\"\" class=\"wp-image-2782\" srcset=\"https:\/\/sgvaimudar.com.br\/wp-content\/uploads\/2023\/08\/cropped-Logo-Provisoria-2-2.png 317w, https:\/\/sgvaimudar.com.br\/wp-content\/uploads\/2023\/08\/cropped-Logo-Provisoria-2-2-300x104.png 300w\" sizes=\"(max-width: 317px) 100vw, 317px\" \/><\/figure>\n","protected":false},"excerpt":{"rendered":"<p>Transfer\u00eancias ainda n\u00e3o t\u00eam data para acontecer A Justi\u00e7a do RJ determinou o retorno ao estado de 3 detentos que&hellip;<\/p>\n","protected":false},"author":5,"featured_media":21799,"comment_status":"open","ping_status":"open","sticky":false,"template":"","format":"standard","meta":{"fifu_image_url":"","fifu_image_alt":"","footnotes":""},"categories":[32],"tags":[39,41,40,47],"class_list":["post-21797","post","type-post","status-publish","format-standard","has-post-thumbnail","hentry","category-casos-de-policia","tag-ataque","tag-conflito","tag-guerra","tag-rj"],"_links":{"self":[{"href":"https:\/\/sgvaimudar.com.br\/index.php\/wp-json\/wp\/v2\/posts\/21797","targetHints":{"allow":["GET"]}}],"collection":[{"href":"https:\/\/sgvaimudar.com.br\/index.php\/wp-json\/wp\/v2\/posts"}],"about":[{"href":"https:\/\/sgvaimudar.com.br\/index.php\/wp-json\/wp\/v2\/types\/post"}],"author":[{"embeddable":true,"href":"https:\/\/sgvaimudar.com.br\/index.php\/wp-json\/wp\/v2\/users\/5"}],"replies":[{"embeddable":true,"href":"https:\/\/sgvaimudar.com.br\/index.php\/wp-json\/wp\/v2\/comments?post=21797"}],"version-history":[{"count":1,"href":"https:\/\/sgvaimudar.com.br\/index.php\/wp-json\/wp\/v2\/posts\/21797\/revisions"}],"predecessor-version":[{"id":21800,"href":"https:\/\/sgvaimudar.com.br\/index.php\/wp-json\/wp\/v2\/posts\/21797\/revisions\/21800"}],"wp:featuredmedia":[{"embeddable":true,"href":"https:\/\/sgvaimudar.com.br\/index.php\/wp-json\/wp\/v2\/media\/21799"}],"wp:attachment":[{"href":"https:\/\/sgvaimudar.com.br\/index.php\/wp-json\/wp\/v2\/media?parent=21797"}],"wp:term":[{"taxonomy":"category","embeddable":true,"href":"https:\/\/sgvaimudar.com.br\/index.php\/wp-json\/wp\/v2\/categories?post=21797"},{"taxonomy":"post_tag","embeddable":true,"href":"https:\/\/sgvaimudar.com.br\/index.php\/wp-json\/wp\/v2\/tags?post=21797"}],"curies":[{"name":"wp","href":"https:\/\/api.w.org\/{rel}","templated":true}]}}