{"id":21789,"date":"2025-03-13T10:00:00","date_gmt":"2025-03-13T13:00:00","guid":{"rendered":"https:\/\/sgvaimudar.com.br\/?p=21789"},"modified":"2025-03-13T09:37:08","modified_gmt":"2025-03-13T12:37:08","slug":"ta-ficando-a-coisa-mais-linda-pista-de-atletismo-no-parque-rj-comeca-a-tomar-forma","status":"publish","type":"post","link":"https:\/\/sgvaimudar.com.br\/index.php\/2025\/03\/13\/ta-ficando-a-coisa-mais-linda-pista-de-atletismo-no-parque-rj-comeca-a-tomar-forma\/","title":{"rendered":"&#8220;T\u00e1 ficando a coisa mais linda&#8221;: Pista de atletismo no Parque RJ come\u00e7a a tomar forma"},"content":{"rendered":"\n<p><em>Obras no novo espa\u00e7o de esporte e lazer est\u00e3o 50% conclu\u00eddas<\/em><\/p>\n\n\n\n<p>Os moradores dos bairros Boa\u00e7u, Boa Vista, Porto da Pedra, Coroado, Mutuapira e Mutu\u00e1, em S\u00e3o Gon\u00e7alo, n\u00e3o veem a hora de estrear o novo espa\u00e7o de lazer que est\u00e3o ganhando. &#8220;T\u00e1 ficando a coisa mais linda&#8221;, disse o pescador Wanderley Ferreira Gomes, de 69 anos. <\/p>\n\n\n\n<p>As obras no Parque RJ, no Boa Vista, avan\u00e7am. Atualmente, a pista de atletismo est\u00e1 tomando forma. Al\u00e9m disso, o Parque de Evento que est\u00e1 sendo constru\u00eddo no local teve seu piso concretado. As obras est\u00e3o 50% conclu\u00eddas.<\/p>\n\n\n\n<p>A nova \u00e1rea de lazer e recrea\u00e7\u00e3o est\u00e1 em desenvolvimento no espa\u00e7o onde antes ficava o antigo Piscin\u00e3o. No local, ser\u00e3o constru\u00eddos tr\u00eas reservat\u00f3rios de \u00e1gua, incluindo uma cascata.<\/p>\n\n\n\n<figure class=\"wp-block-image size-full\"><img fetchpriority=\"high\" decoding=\"async\" width=\"1024\" height=\"683\" src=\"https:\/\/sgvaimudar.com.br\/wp-content\/uploads\/2025\/03\/unnamed-4-5.jpg\" alt=\"\" class=\"wp-image-21790\" srcset=\"https:\/\/sgvaimudar.com.br\/wp-content\/uploads\/2025\/03\/unnamed-4-5.jpg 1024w, https:\/\/sgvaimudar.com.br\/wp-content\/uploads\/2025\/03\/unnamed-4-5-300x200.jpg 300w, https:\/\/sgvaimudar.com.br\/wp-content\/uploads\/2025\/03\/unnamed-4-5-768x512.jpg 768w\" sizes=\"(max-width: 1024px) 100vw, 1024px\" \/><\/figure>\n\n\n\n<p>At\u00e9 o momento, j\u00e1 foram conclu\u00eddas obras no subsolo do espa\u00e7o, com redes de esgoto, drenagem, irriga\u00e7\u00e3o, \u00e1gua e tubos da rede el\u00e9trica. Com 35 mil metros quadrados, o espa\u00e7o est\u00e1 sendo revitalizado pela Secretaria de Estado das Cidades, do Governo do Estado.<\/p>\n\n\n\n<p>As quadras polivalente, de grama e de v\u00f4lei de praia j\u00e1 est\u00e3o tomando forma, assim como a base para o Skate Park. Teve in\u00edcio tamb\u00e9m a execu\u00e7\u00e3o da funda\u00e7\u00e3o dos postes com 12 metros de altura com refletores na \u00e1rea das quadras. Al\u00e9m disso, um dos estacionamentos do local est\u00e1 quase conclu\u00eddo, com meio-fio e pavimenta\u00e7\u00e3o. Um segundo estacionamento j\u00e1 tem os meios-fios prontos e j\u00e1 passou pelo processo de terraplanagem.<\/p>\n\n\n\n<p>O projeto possui um investimento de mais de R$ 44 milh\u00f5es e foi elaborado pela Secretaria de Gest\u00e3o Integrada e Projetos Especiais (Semgipe) da Prefeitura de S\u00e3o Gon\u00e7alo.<\/p>\n\n\n\n<p>O prefeito Capit\u00e3o Nelson falou sobre a import\u00e2ncia do projeto para o munic\u00edpio. &#8220;Essa \u00e1rea vai ser totalmente revitalizada nesse novo projeto, pensado para toda a fam\u00edlia gon\u00e7alense. Esperamos que aqui seja um local no qual toda a fam\u00edlia poder\u00e1 vir, se divertir e desfrutar de momentos de lazer. Al\u00e9m disso, tamb\u00e9m vamos incentivar os esportes. Ver o avan\u00e7o dessas obras constantemente me deixa muito feliz&#8221;, afirmou o prefeito.<\/p>\n\n\n\n<p>O secret\u00e1rio de Estado das Cidades, Douglas Ruas, tamb\u00e9m destacou o projeto. \u201cO Parque RJ vai ser a maior \u00e1rea de lazer de S\u00e3o Gon\u00e7alo, atendendo n\u00e3o s\u00f3 os moradores daqui, mas de toda a Regi\u00e3o Leste Fluminense. Vai ser um complexo com diversas atra\u00e7\u00f5es, que vai atrair fam\u00edlias, praticantes de atividades f\u00edsicas e esportivas, al\u00e9m de ser um equipamento que vai trazer lazer, cultura e bem estar para a cidade. Ser\u00e1 um espa\u00e7o sustent\u00e1vel, verde e com acessibilidade\u201d, disse o secret\u00e1rio.<\/p>\n\n\n\n<p><strong>Parque RJ<\/strong>&nbsp;&#8211; O local ser\u00e1 transformado em uma grande \u00e1rea de lazer com skate park, ciclovia, cascatas, quadra poliesportiva, quadra de areia, campo de futebol, \u00e1rea de conviv\u00eancia para piquenique, pista de atletismo, \u00e1rea de eventos para shows e atividades culturais para at\u00e9 15 mil pessoas, parque infantil, academia de jovens e idosos, espa\u00e7o de mem\u00f3rias (para intera\u00e7\u00e3o no local), pr\u00e9dio administrativo e banheiro.<\/p>\n\n\n\n<p>Al\u00e9m disso, ser\u00e1 feito um estacionamento com mais de 150 vagas para carros, com vagas exclusivas para pessoas com defici\u00eancia (PcDs). Um elevador tamb\u00e9m ser\u00e1 instalado no pr\u00e9dio administrativo e rampas de acesso ser\u00e3o constru\u00eddas em diversos pontos, tamb\u00e9m para garantir o acesso de pessoas com defici\u00eancia no local.<\/p>\n\n\n\n<p><em>Fotos: Fabio Guimar\u00e3e<\/em>s<\/p>\n\n\n\n<p><strong><em>S\u00e3o Gon\u00e7alo vai mudar: Not\u00edcias de S\u00e3o Gon\u00e7alo e toda regi\u00e3o.<\/em><\/strong><\/p>\n\n\n\n<figure class=\"wp-block-image size-full\"><img decoding=\"async\" width=\"317\" height=\"110\" src=\"https:\/\/sgvaimudar.com.br\/wp-content\/uploads\/2023\/08\/cropped-Logo-Provisoria-2-2.png\" alt=\"\" class=\"wp-image-2782\" srcset=\"https:\/\/sgvaimudar.com.br\/wp-content\/uploads\/2023\/08\/cropped-Logo-Provisoria-2-2.png 317w, https:\/\/sgvaimudar.com.br\/wp-content\/uploads\/2023\/08\/cropped-Logo-Provisoria-2-2-300x104.png 300w\" sizes=\"(max-width: 317px) 100vw, 317px\" \/><\/figure>\n","protected":false},"excerpt":{"rendered":"<p>Obras no novo espa\u00e7o de esporte e lazer est\u00e3o 50% conclu\u00eddas Os moradores dos bairros Boa\u00e7u, Boa Vista, Porto da&hellip;<\/p>\n","protected":false},"author":5,"featured_media":21791,"comment_status":"open","ping_status":"open","sticky":false,"template":"","format":"standard","meta":{"fifu_image_url":"","fifu_image_alt":"","footnotes":""},"categories":[3],"tags":[47,75],"class_list":["post-21789","post","type-post","status-publish","format-standard","has-post-thumbnail","hentry","category-sao-goncalo","tag-rj","tag-sao-goncalo"],"_links":{"self":[{"href":"https:\/\/sgvaimudar.com.br\/index.php\/wp-json\/wp\/v2\/posts\/21789","targetHints":{"allow":["GET"]}}],"collection":[{"href":"https:\/\/sgvaimudar.com.br\/index.php\/wp-json\/wp\/v2\/posts"}],"about":[{"href":"https:\/\/sgvaimudar.com.br\/index.php\/wp-json\/wp\/v2\/types\/post"}],"author":[{"embeddable":true,"href":"https:\/\/sgvaimudar.com.br\/index.php\/wp-json\/wp\/v2\/users\/5"}],"replies":[{"embeddable":true,"href":"https:\/\/sgvaimudar.com.br\/index.php\/wp-json\/wp\/v2\/comments?post=21789"}],"version-history":[{"count":1,"href":"https:\/\/sgvaimudar.com.br\/index.php\/wp-json\/wp\/v2\/posts\/21789\/revisions"}],"predecessor-version":[{"id":21792,"href":"https:\/\/sgvaimudar.com.br\/index.php\/wp-json\/wp\/v2\/posts\/21789\/revisions\/21792"}],"wp:featuredmedia":[{"embeddable":true,"href":"https:\/\/sgvaimudar.com.br\/index.php\/wp-json\/wp\/v2\/media\/21791"}],"wp:attachment":[{"href":"https:\/\/sgvaimudar.com.br\/index.php\/wp-json\/wp\/v2\/media?parent=21789"}],"wp:term":[{"taxonomy":"category","embeddable":true,"href":"https:\/\/sgvaimudar.com.br\/index.php\/wp-json\/wp\/v2\/categories?post=21789"},{"taxonomy":"post_tag","embeddable":true,"href":"https:\/\/sgvaimudar.com.br\/index.php\/wp-json\/wp\/v2\/tags?post=21789"}],"curies":[{"name":"wp","href":"https:\/\/api.w.org\/{rel}","templated":true}]}}