{"id":21778,"date":"2025-03-13T09:00:00","date_gmt":"2025-03-13T12:00:00","guid":{"rendered":"https:\/\/sgvaimudar.com.br\/?p=21778"},"modified":"2025-03-13T08:49:05","modified_gmt":"2025-03-13T11:49:05","slug":"prefeito-capitao-nelson-acompanha-a-entrega-de-kits-escolares-aos-alunos","status":"publish","type":"post","link":"https:\/\/sgvaimudar.com.br\/index.php\/2025\/03\/13\/prefeito-capitao-nelson-acompanha-a-entrega-de-kits-escolares-aos-alunos\/","title":{"rendered":"Prefeito Capit\u00e3o Nelson acompanha a entrega de kits escolares aos alunos"},"content":{"rendered":"\n<p><em>Ele estava ao lado do vice-prefeito e do secret\u00e1rio de Educa\u00e7\u00e3o na Umei do Barro Vermelho<\/em><\/p>\n\n\n\n<p>O prefeito Capit\u00e3o Nelson, o vice-prefeito Jo\u00e3o Ventura e o secret\u00e1rio de Educa\u00e7\u00e3o, Maur\u00edcio Nascimento, acompanharam, nesta quarta-feira (12), a entrega dos kits de material escolar para alunos e professores da rede municipal.<\/p>\n\n\n\n<p>Por conta do grande volume de entregas, as escolas est\u00e3o recebendo os kits gradativamente e organizando os hor\u00e1rios para que os respons\u00e1veis possam buscar. A a\u00e7\u00e3o aconteceu na Unidade Municipal de Educa\u00e7\u00e3o Infantil (Umei) George Savalla Gomes \u2013 Palha\u00e7o Carequinha, no Barro Vermelho.<\/p>\n\n\n\n<figure class=\"wp-block-image size-large\"><img fetchpriority=\"high\" decoding=\"async\" width=\"1024\" height=\"684\" src=\"https:\/\/sgvaimudar.com.br\/wp-content\/uploads\/2025\/03\/unnamed-2-7-1024x684.jpg\" alt=\"\" class=\"wp-image-21780\" srcset=\"https:\/\/sgvaimudar.com.br\/wp-content\/uploads\/2025\/03\/unnamed-2-7-1024x684.jpg 1024w, https:\/\/sgvaimudar.com.br\/wp-content\/uploads\/2025\/03\/unnamed-2-7-300x200.jpg 300w, https:\/\/sgvaimudar.com.br\/wp-content\/uploads\/2025\/03\/unnamed-2-7-768x513.jpg 768w, https:\/\/sgvaimudar.com.br\/wp-content\/uploads\/2025\/03\/unnamed-2-7-1536x1027.jpg 1536w, https:\/\/sgvaimudar.com.br\/wp-content\/uploads\/2025\/03\/unnamed-2-7.jpg 1616w\" sizes=\"(max-width: 1024px) 100vw, 1024px\" \/><\/figure>\n\n\n\n<p>O prefeito Capit\u00e3o Nelson falou sobre a import\u00e2ncia da entrega do material para a popula\u00e7\u00e3o e refor\u00e7ou o compromisso da gest\u00e3o com as melhorias na Educa\u00e7\u00e3o Infantil, com a constru\u00e7\u00e3o de novas creches.<\/p>\n\n\n\n<p>\u201cA creche \u00e9 muito importante porque d\u00e1 autonomia para os pais trabalharem. A gente est\u00e1 trabalhando muito, construindo novas creches, investindo muito na Educa\u00e7\u00e3o Infantil, para proporcionar isso \u00e0 popula\u00e7\u00e3o. Estamos avan\u00e7ando muito na Educa\u00e7\u00e3o e espero que voc\u00eas aproveitem muito esse kit escolar e aprendam bastante na escola\u201d, afirmou o prefeito.<\/p>\n\n\n\n<figure class=\"wp-block-image size-large\"><img decoding=\"async\" width=\"1024\" height=\"684\" src=\"https:\/\/sgvaimudar.com.br\/wp-content\/uploads\/2025\/03\/unnamed-1-11-1024x684.jpg\" alt=\"\" class=\"wp-image-21781\" srcset=\"https:\/\/sgvaimudar.com.br\/wp-content\/uploads\/2025\/03\/unnamed-1-11-1024x684.jpg 1024w, https:\/\/sgvaimudar.com.br\/wp-content\/uploads\/2025\/03\/unnamed-1-11-300x200.jpg 300w, https:\/\/sgvaimudar.com.br\/wp-content\/uploads\/2025\/03\/unnamed-1-11-768x513.jpg 768w, https:\/\/sgvaimudar.com.br\/wp-content\/uploads\/2025\/03\/unnamed-1-11-1536x1027.jpg 1536w, https:\/\/sgvaimudar.com.br\/wp-content\/uploads\/2025\/03\/unnamed-1-11.jpg 1616w\" sizes=\"(max-width: 1024px) 100vw, 1024px\" \/><\/figure>\n\n\n\n<p>O vice-prefeito Jo\u00e3o Ventura contou que foi aluno da rede municipal e que v\u00ea mudan\u00e7as muito significativas nas escolas. \u201cNo per\u00edodo que eu estudava em escola p\u00fablica, eu nunca recebi o material e hoje \u00e9 muito gratificante ver que a crian\u00e7a recebe todo o kit escolar, com muita qualidade, para dar mais dignidade \u00e0 popula\u00e7\u00e3o. Que voc\u00eas usem muito e fa\u00e7am bom proveito de todo o material\u201d, disse Ventura.<\/p>\n\n\n\n<p>Os kits dos alunos s\u00e3o diferentes de acordo com as necessidades de cada etapa de ensino, contemplando creche, pr\u00e9-escola, fundamental e Educa\u00e7\u00e3o de Jovens e Adultos (EJA). Os kits contam com agendas, estojos, l\u00e1pis, borracha, apontador, folhas, caderno e todo o material que o aluno precisa para seu pleno desenvolvimento escolar.<\/p>\n\n\n\n<p>\u201c\u00c9 o nosso compromisso fornecer o material necess\u00e1rio para o pleno desenvolvimento dos nossos alunos. A gest\u00e3o do prefeito Capit\u00e3o Nelson est\u00e1 transformando a Educa\u00e7\u00e3o, com merenda escolar de qualidade, avan\u00e7os na infraestrutura, no pedag\u00f3gico, e dando todo o suporte para a crian\u00e7a\u201d, disse o secret\u00e1rio de Educa\u00e7\u00e3o, Mauricio Nascimento.<\/p>\n\n\n\n<p><em>Fotos: Renan Otto<\/em><\/p>\n\n\n\n<p><strong><em>S\u00e3o Gon\u00e7alo vai mudar: Not\u00edcias de S\u00e3o Gon\u00e7alo e toda regi\u00e3o.<\/em><\/strong><\/p>\n\n\n\n<figure class=\"wp-block-image size-full\"><img decoding=\"async\" width=\"317\" height=\"110\" src=\"https:\/\/sgvaimudar.com.br\/wp-content\/uploads\/2023\/08\/cropped-Logo-Provisoria-2-2.png\" alt=\"\" class=\"wp-image-2782\" srcset=\"https:\/\/sgvaimudar.com.br\/wp-content\/uploads\/2023\/08\/cropped-Logo-Provisoria-2-2.png 317w, https:\/\/sgvaimudar.com.br\/wp-content\/uploads\/2023\/08\/cropped-Logo-Provisoria-2-2-300x104.png 300w\" sizes=\"(max-width: 317px) 100vw, 317px\" \/><\/figure>\n","protected":false},"excerpt":{"rendered":"<p>Ele estava ao lado do vice-prefeito e do secret\u00e1rio de Educa\u00e7\u00e3o na Umei do Barro Vermelho O prefeito Capit\u00e3o Nelson,&hellip;<\/p>\n","protected":false},"author":5,"featured_media":21779,"comment_status":"open","ping_status":"open","sticky":false,"template":"","format":"standard","meta":{"fifu_image_url":"","fifu_image_alt":"","footnotes":""},"categories":[3],"tags":[47,75],"class_list":["post-21778","post","type-post","status-publish","format-standard","has-post-thumbnail","hentry","category-sao-goncalo","tag-rj","tag-sao-goncalo"],"_links":{"self":[{"href":"https:\/\/sgvaimudar.com.br\/index.php\/wp-json\/wp\/v2\/posts\/21778","targetHints":{"allow":["GET"]}}],"collection":[{"href":"https:\/\/sgvaimudar.com.br\/index.php\/wp-json\/wp\/v2\/posts"}],"about":[{"href":"https:\/\/sgvaimudar.com.br\/index.php\/wp-json\/wp\/v2\/types\/post"}],"author":[{"embeddable":true,"href":"https:\/\/sgvaimudar.com.br\/index.php\/wp-json\/wp\/v2\/users\/5"}],"replies":[{"embeddable":true,"href":"https:\/\/sgvaimudar.com.br\/index.php\/wp-json\/wp\/v2\/comments?post=21778"}],"version-history":[{"count":1,"href":"https:\/\/sgvaimudar.com.br\/index.php\/wp-json\/wp\/v2\/posts\/21778\/revisions"}],"predecessor-version":[{"id":21782,"href":"https:\/\/sgvaimudar.com.br\/index.php\/wp-json\/wp\/v2\/posts\/21778\/revisions\/21782"}],"wp:featuredmedia":[{"embeddable":true,"href":"https:\/\/sgvaimudar.com.br\/index.php\/wp-json\/wp\/v2\/media\/21779"}],"wp:attachment":[{"href":"https:\/\/sgvaimudar.com.br\/index.php\/wp-json\/wp\/v2\/media?parent=21778"}],"wp:term":[{"taxonomy":"category","embeddable":true,"href":"https:\/\/sgvaimudar.com.br\/index.php\/wp-json\/wp\/v2\/categories?post=21778"},{"taxonomy":"post_tag","embeddable":true,"href":"https:\/\/sgvaimudar.com.br\/index.php\/wp-json\/wp\/v2\/tags?post=21778"}],"curies":[{"name":"wp","href":"https:\/\/api.w.org\/{rel}","templated":true}]}}