{"id":21758,"date":"2025-03-12T21:00:00","date_gmt":"2025-03-13T00:00:00","guid":{"rendered":"https:\/\/sgvaimudar.com.br\/?p=21758"},"modified":"2025-03-12T11:26:09","modified_gmt":"2025-03-12T14:26:09","slug":"pesquisados-dizem-que-nomeacao-de-gleisi-hoffmann-nao-ajuda-lula-em-2026","status":"publish","type":"post","link":"https:\/\/sgvaimudar.com.br\/index.php\/2025\/03\/12\/pesquisados-dizem-que-nomeacao-de-gleisi-hoffmann-nao-ajuda-lula-em-2026\/","title":{"rendered":"Pesquisados dizem que nomea\u00e7\u00e3o de Gleisi Hoffmann n\u00e3o ajuda Lula em 2026"},"content":{"rendered":"\n<p><em>Dados divulgados pela Realtime Big Data<\/em> <em>nessa ter\u00e7a-feira (11) tamb\u00e9m revelaram que a nova ministra \u00e9 pouco conhecida pelos brasileiros em todo pa\u00eds; apenas 36% sabem quem ela \u00e9<\/em><\/p>\n\n\n\n<p>A nomea\u00e7\u00e3o da deputada federal Gleisi Hoffmann como ministra-chefe da Secretaria de Rela\u00e7\u00f5es Institucionais da Presid\u00eancia da Rep\u00fablica n\u00e3o dever\u00e1 contribuir com a imagem do presidente Luiz In\u00e1cio Lula da Silva junto aos eleitores nas pr\u00f3ximas elei\u00e7\u00f5es presidenciais. Em pesquisa do Instituto de Pesquisa Real Time Big Data, divulgada nesta ter\u00e7a-feira (11), 71% dos entrevistados disseram n\u00e3o acreditar que ela possa ajudar na popularidade de Lula e na sua pretens\u00e3o de reelei\u00e7\u00e3o em 2026.&nbsp;<\/p>\n\n\n\n<p>A pesquisa tamb\u00e9m revelou que Gleisi Hoffman \u00e9 pouco conhecida pelos brasileiros, sendo que 64% disseram n\u00e3o saber quem \u00e9 a nova ministra do governo Lula e apenas 36% dos entrevistados confirmaram que a conhecem. Para aqueles que declararam conhecer Gleisi, a pesquisa perguntou se o presidente fez uma boa escolha para articula\u00e7\u00e3o pol\u00edtica do governo, ao que 62% responderam \u201cn\u00e3o\u201d e 16% disseram \u201csim. Os outros 22% n\u00e3o souberam responder.<\/p>\n\n\n\n<p>Em seguida, o Realtime Big Data consultou, \u00e0queles entrevistados que declararam conhecer Gleisi Hoffmann, sobre a influ\u00eancia da ministra na poss\u00edvel campanha de Lula em 2026. No total, 71% disseram \u201cn\u00e3o\u201d acreditar que ela possa ajudar na popularidade de Lula e na sua pretens\u00e3o de reelei\u00e7\u00e3o em 2026. Somam 10% os que responderam \u201csim\u201d, enquanto 19% n\u00e3o souberam responder.<\/p>\n\n\n\n<p><strong>Presid\u00eancia do PT<\/strong><\/p>\n\n\n\n<p>A pesquisa tamb\u00e9m mostra que a ministra Gleisi Hoffmann foi mal avaliada no que se refere a seu desempenho \u00e0 frente do Partido dos Trabalhadores. No total, 62% dos entrevistados disseram que ela \u201cn\u00e3o\u201d desempenhou um bom papel enquanto presidente nacional do PT. Os que responderam \u201csim\u201d chegaram a 12% e os que n\u00e3o souberam responder foram 16%.<\/p>\n\n\n\n<p>O Realtime Big Data ouviu 1.200 pessoas entre os dias 10 e 11 de mar\u00e7o, em todas as regi\u00f5es do pa\u00eds. A margem de erro \u00e9 de 3 pontos percentuais, para mais ou para menos, com 95% de n\u00edvel de confian\u00e7a.<\/p>\n\n\n\n<p><strong><em>S\u00e3o Gon\u00e7alo vai mudar: Not\u00edcias de S\u00e3o Gon\u00e7alo e toda regi\u00e3o.<\/em><\/strong><\/p>\n\n\n\n<figure class=\"wp-block-image size-full\"><img decoding=\"async\" width=\"317\" height=\"110\" src=\"https:\/\/sgvaimudar.com.br\/wp-content\/uploads\/2023\/08\/cropped-Logo-Provisoria-2-2.png\" alt=\"\" class=\"wp-image-2782\" srcset=\"https:\/\/sgvaimudar.com.br\/wp-content\/uploads\/2023\/08\/cropped-Logo-Provisoria-2-2.png 317w, https:\/\/sgvaimudar.com.br\/wp-content\/uploads\/2023\/08\/cropped-Logo-Provisoria-2-2-300x104.png 300w\" sizes=\"(max-width: 317px) 100vw, 317px\" \/><\/figure>\n","protected":false},"excerpt":{"rendered":"<p>Dados divulgados pela Realtime Big Data nessa ter\u00e7a-feira (11) tamb\u00e9m revelaram que a nova ministra \u00e9 pouco conhecida pelos brasileiros&hellip;<\/p>\n","protected":false},"author":5,"featured_media":21759,"comment_status":"open","ping_status":"open","sticky":false,"template":"","format":"standard","meta":{"fifu_image_url":"","fifu_image_alt":"","footnotes":""},"categories":[4],"tags":[74,73],"class_list":["post-21758","post","type-post","status-publish","format-standard","has-post-thumbnail","hentry","category-brasil","tag-eleicao","tag-votacao"],"_links":{"self":[{"href":"https:\/\/sgvaimudar.com.br\/index.php\/wp-json\/wp\/v2\/posts\/21758","targetHints":{"allow":["GET"]}}],"collection":[{"href":"https:\/\/sgvaimudar.com.br\/index.php\/wp-json\/wp\/v2\/posts"}],"about":[{"href":"https:\/\/sgvaimudar.com.br\/index.php\/wp-json\/wp\/v2\/types\/post"}],"author":[{"embeddable":true,"href":"https:\/\/sgvaimudar.com.br\/index.php\/wp-json\/wp\/v2\/users\/5"}],"replies":[{"embeddable":true,"href":"https:\/\/sgvaimudar.com.br\/index.php\/wp-json\/wp\/v2\/comments?post=21758"}],"version-history":[{"count":1,"href":"https:\/\/sgvaimudar.com.br\/index.php\/wp-json\/wp\/v2\/posts\/21758\/revisions"}],"predecessor-version":[{"id":21760,"href":"https:\/\/sgvaimudar.com.br\/index.php\/wp-json\/wp\/v2\/posts\/21758\/revisions\/21760"}],"wp:featuredmedia":[{"embeddable":true,"href":"https:\/\/sgvaimudar.com.br\/index.php\/wp-json\/wp\/v2\/media\/21759"}],"wp:attachment":[{"href":"https:\/\/sgvaimudar.com.br\/index.php\/wp-json\/wp\/v2\/media?parent=21758"}],"wp:term":[{"taxonomy":"category","embeddable":true,"href":"https:\/\/sgvaimudar.com.br\/index.php\/wp-json\/wp\/v2\/categories?post=21758"},{"taxonomy":"post_tag","embeddable":true,"href":"https:\/\/sgvaimudar.com.br\/index.php\/wp-json\/wp\/v2\/tags?post=21758"}],"curies":[{"name":"wp","href":"https:\/\/api.w.org\/{rel}","templated":true}]}}