{"id":21737,"date":"2025-03-12T12:59:00","date_gmt":"2025-03-12T15:59:00","guid":{"rendered":"https:\/\/sgvaimudar.com.br\/?p=21737"},"modified":"2025-03-12T10:28:29","modified_gmt":"2025-03-12T13:28:29","slug":"foragido-da-justica-e-preso-por-trafico-de-drogas-em-tribobo","status":"publish","type":"post","link":"https:\/\/sgvaimudar.com.br\/index.php\/2025\/03\/12\/foragido-da-justica-e-preso-por-trafico-de-drogas-em-tribobo\/","title":{"rendered":"Foragido da Justi\u00e7a \u00e9 preso por tr\u00e1fico de drogas em Tribob\u00f3"},"content":{"rendered":"\n<p><em>Depois de prender o acusado os policiais voltaram ao local da fuga e apreenderam as drogas<\/em><\/p>\n\n\n\n<p>Os policiais do 7\u00baBPM (S\u00e3o Gon\u00e7alo), prenderam, por tr\u00e1fico de drogas, um foragido da Justi\u00e7a identificado como Francisco Emerson Lima Moreno, de 24 anos, no in\u00edcio da tarde desta ter\u00e7a-feira (11\/3), em Tribob\u00f3.<\/p>\n\n\n\n<p><strong>DIN\u00c2MICA <\/strong>&#8211; Em patrulhamento pela Rua Maria Fernandes Moreira os policiais tiveram a aten\u00e7\u00e3o voltada para quatro indiv\u00edduos que ao verem a viatura fugiram.<\/p>\n\n\n\n<p>No entanto, ao fazerem um cerco t\u00e1tico no local os policiais conseguiram abordar Francisco que ap\u00f3s constatado consulta no sistema confirmou que ele era foragido da justi\u00e7a, com mandado de pris\u00e3o em aberto por roubo (artigo 157).<\/p>\n\n\n\n<p>Na a\u00e7\u00e3o, os policiais retornaram ao local que se iniciou a fuga e arrecadaram 140 pinos de coca\u00edna e um r\u00e1dio transmissor.<\/p>\n\n\n\n<p><strong><em>S\u00e3o Gon\u00e7alo vai mudar: Not\u00edcias de S\u00e3o Gon\u00e7alo e toda regi\u00e3o.<\/em><\/strong><\/p>\n\n\n\n<figure class=\"wp-block-image size-full\"><img decoding=\"async\" width=\"317\" height=\"110\" src=\"https:\/\/sgvaimudar.com.br\/wp-content\/uploads\/2023\/08\/cropped-Logo-Provisoria-2-2.png\" alt=\"\" class=\"wp-image-2782\" srcset=\"https:\/\/sgvaimudar.com.br\/wp-content\/uploads\/2023\/08\/cropped-Logo-Provisoria-2-2.png 317w, https:\/\/sgvaimudar.com.br\/wp-content\/uploads\/2023\/08\/cropped-Logo-Provisoria-2-2-300x104.png 300w\" sizes=\"(max-width: 317px) 100vw, 317px\" \/><\/figure>\n","protected":false},"excerpt":{"rendered":"<p>Depois de prender o acusado os policiais voltaram ao local da fuga e apreenderam as drogas Os policiais do 7\u00baBPM&hellip;<\/p>\n","protected":false},"author":5,"featured_media":21738,"comment_status":"open","ping_status":"open","sticky":false,"template":"","format":"standard","meta":{"fifu_image_url":"","fifu_image_alt":"","footnotes":""},"categories":[32],"tags":[39,41,40,47,75],"class_list":["post-21737","post","type-post","status-publish","format-standard","has-post-thumbnail","hentry","category-casos-de-policia","tag-ataque","tag-conflito","tag-guerra","tag-rj","tag-sao-goncalo"],"_links":{"self":[{"href":"https:\/\/sgvaimudar.com.br\/index.php\/wp-json\/wp\/v2\/posts\/21737","targetHints":{"allow":["GET"]}}],"collection":[{"href":"https:\/\/sgvaimudar.com.br\/index.php\/wp-json\/wp\/v2\/posts"}],"about":[{"href":"https:\/\/sgvaimudar.com.br\/index.php\/wp-json\/wp\/v2\/types\/post"}],"author":[{"embeddable":true,"href":"https:\/\/sgvaimudar.com.br\/index.php\/wp-json\/wp\/v2\/users\/5"}],"replies":[{"embeddable":true,"href":"https:\/\/sgvaimudar.com.br\/index.php\/wp-json\/wp\/v2\/comments?post=21737"}],"version-history":[{"count":1,"href":"https:\/\/sgvaimudar.com.br\/index.php\/wp-json\/wp\/v2\/posts\/21737\/revisions"}],"predecessor-version":[{"id":21739,"href":"https:\/\/sgvaimudar.com.br\/index.php\/wp-json\/wp\/v2\/posts\/21737\/revisions\/21739"}],"wp:featuredmedia":[{"embeddable":true,"href":"https:\/\/sgvaimudar.com.br\/index.php\/wp-json\/wp\/v2\/media\/21738"}],"wp:attachment":[{"href":"https:\/\/sgvaimudar.com.br\/index.php\/wp-json\/wp\/v2\/media?parent=21737"}],"wp:term":[{"taxonomy":"category","embeddable":true,"href":"https:\/\/sgvaimudar.com.br\/index.php\/wp-json\/wp\/v2\/categories?post=21737"},{"taxonomy":"post_tag","embeddable":true,"href":"https:\/\/sgvaimudar.com.br\/index.php\/wp-json\/wp\/v2\/tags?post=21737"}],"curies":[{"name":"wp","href":"https:\/\/api.w.org\/{rel}","templated":true}]}}