{"id":21721,"date":"2025-03-12T11:59:00","date_gmt":"2025-03-12T14:59:00","guid":{"rendered":"https:\/\/sgvaimudar.com.br\/?p=21721"},"modified":"2025-03-12T13:50:46","modified_gmt":"2025-03-12T16:50:46","slug":"comocao-marca-despedida-do-pastor-luiz-carlos-de-figueiredo-kamp-e-do-diacono-saulo-farias","status":"publish","type":"post","link":"https:\/\/sgvaimudar.com.br\/index.php\/2025\/03\/12\/comocao-marca-despedida-do-pastor-luiz-carlos-de-figueiredo-kamp-e-do-diacono-saulo-farias\/","title":{"rendered":"Como\u00e7\u00e3o marca despedida do pastor Luiz Carlos de Figueiredo Kamp e do di\u00e1cono Saulo Farias"},"content":{"rendered":"\n<p><em>Pol\u00edcia ca\u00e7a assassinos. Disque Den\u00fancia (2253-1177) lan\u00e7ou um cartaz com informa\u00e7\u00f5es para auxiliar nas investiga\u00e7\u00f5es<\/em><\/p>\n\n\n\n<p>A tarde desta ter\u00e7a-feira (11\/3) foi de profunda\u00a0tristeza e homenagens no Cemit\u00e9rio Parque da Paz, no bairro do Pacheco. Familiares, amigos e fi\u00e9is se reuniram para dar o \u00faltimo adeus ao pastor Luiz Carlos de Figueiredo Kamp e ao di\u00e1cono Saulo Farias, que perderam a vida tragicamente na BR-101.<\/p>\n\n\n\n<p>O clima de como\u00e7\u00e3o tomou conta do local, com muitos ainda sem acreditar na partida desses dois homens de f\u00e9. Luiz Carlos e Saulo eram muito queridos pela comunidade, reconhecidos por sua dedica\u00e7\u00e3o em levar a palavra de Deus e apoiar aqueles que mais precisavam. Entre l\u00e1grimas e ora\u00e7\u00f5es, mensagens de carinho foram direcionadas \u00e0s fam\u00edlias, que receberam in\u00fameras demonstra\u00e7\u00f5es de apoio.<\/p>\n\n\n\n<figure class=\"wp-block-image size-full is-resized\"><img fetchpriority=\"high\" decoding=\"async\" width=\"319\" height=\"374\" src=\"https:\/\/sgvaimudar.com.br\/wp-content\/uploads\/2025\/03\/pasto1.jpg\" alt=\"\" class=\"wp-image-21723\" style=\"aspect-ratio:0.8529411764705882;width:693px;height:auto\" srcset=\"https:\/\/sgvaimudar.com.br\/wp-content\/uploads\/2025\/03\/pasto1.jpg 319w, https:\/\/sgvaimudar.com.br\/wp-content\/uploads\/2025\/03\/pasto1-256x300.jpg 256w\" sizes=\"(max-width: 319px) 100vw, 319px\" \/><\/figure>\n\n\n\n<p>O pai do pastor falou de um telefone que recebeu na noite da trag\u00e9dia. &#8220;Havia acabado de chegar em casa e estava lanchando quando recebi um telefonema informando que um Fiat Toro havia sido metralhado na pista e disse meu Deus&#8221;.<\/p>\n\n\n\n<p>A equipe do <strong>S\u00e3o Gon\u00e7alo Vai Mudar<\/strong> acompanhou as homenagens aos familiares e amigos e o destaque que foi dado a hist\u00f3ria e o legado deixado pela dupla. &#8220;O que eles fizeram jamais ser\u00e3o apagados&#8221;, disse um fiel.<\/p>\n\n\n\n<figure class=\"wp-block-video\"><video height=\"1280\" style=\"aspect-ratio: 720 \/ 1280;\" width=\"720\" controls src=\"https:\/\/sgvaimudar.com.br\/wp-content\/uploads\/2025\/03\/Snapinst.app_video_AQMwaofH6oOEqJ6UNhvUBxDn4xlyNYLemHkEwmC5lSjwredBsUVy1jvCmt3UcSRf_D0rIKzXrIHgpr5mQ1iXGIxww4Qjwasz8G4aj2M.mp4\"><\/video><\/figure>\n\n\n\n<p>J\u00e1 outro lembrou que a miss\u00e3o que eles desempenharam na prega\u00e7\u00e3o do evangelho e na constru\u00e7\u00e3o de uma comunidade mais unida permanecer\u00e1 viva no cora\u00e7\u00e3o de todos.<\/p>\n\n\n\n<p><strong>QUEM MATOU?<\/strong><\/p>\n\n\n\n<figure class=\"wp-block-image size-full is-resized\"><img decoding=\"async\" width=\"826\" height=\"432\" src=\"https:\/\/sgvaimudar.com.br\/wp-content\/uploads\/2025\/03\/quem-matou.jpg\" alt=\"\" class=\"wp-image-21722\" style=\"aspect-ratio:1.912037037037037;width:703px;height:auto\" srcset=\"https:\/\/sgvaimudar.com.br\/wp-content\/uploads\/2025\/03\/quem-matou.jpg 826w, https:\/\/sgvaimudar.com.br\/wp-content\/uploads\/2025\/03\/quem-matou-300x157.jpg 300w, https:\/\/sgvaimudar.com.br\/wp-content\/uploads\/2025\/03\/quem-matou-768x402.jpg 768w\" sizes=\"(max-width: 826px) 100vw, 826px\" \/><\/figure>\n\n\n\n<p>O Disque Den\u00fancia (2253-1177) lan\u00e7ou nesta ter\u00e7a-feira (11) um cartaz com informa\u00e7\u00f5es para auxiliar nas investiga\u00e7\u00f5es sobre o ataque a tiros que resultou na morte de dois homens e deixou outro ferido em S\u00e3o Gon\u00e7alo, na Regi\u00e3o Metropolitana do Rio de Janeiro.<\/p>\n\n\n\n<p>O crime ocorreu na noite de segunda-feira (10), na Rodovia Niter\u00f3i-Manilha (BR-101), altura do km 310, em Boa\u00e7u, e est\u00e1 sendo investigado pela Delegacia de Homic\u00eddios de Niter\u00f3i, S\u00e3o Gon\u00e7alo e Itabora\u00ed (DHNSGI).<\/p>\n\n\n\n<p>As v\u00edtimas fatais eram membros da Igreja Nova Vida de Nova Cidade: o pastor Luiz Carlos de Figueiredo Kamp e o di\u00e1cono Saulo Farias, ambos mortos durante o ataque.<\/p>\n\n\n\n<p>O terceiro religioso foi baleado, mas sobreviveu aos ferimentos e foi socorrido por uma ambul\u00e2ncia da concession\u00e1ria Autopista Fluminense. A v\u00edtima ferida foi encaminhada ao Hospital Estadual Azevedo Lima, em Niter\u00f3i, onde recebeu atendimento m\u00e9dico. Depois de uma cirurgia ele segue internado.<\/p>\n\n\n\n<p><strong><em>S\u00e3o Gon\u00e7alo vai mudar: Not\u00edcias de S\u00e3o Gon\u00e7alo e toda regi\u00e3o.<\/em><\/strong><\/p>\n\n\n\n<figure class=\"wp-block-image size-full\"><img decoding=\"async\" width=\"317\" height=\"110\" src=\"https:\/\/sgvaimudar.com.br\/wp-content\/uploads\/2023\/08\/cropped-Logo-Provisoria-2-2.png\" alt=\"\" class=\"wp-image-2782\" srcset=\"https:\/\/sgvaimudar.com.br\/wp-content\/uploads\/2023\/08\/cropped-Logo-Provisoria-2-2.png 317w, https:\/\/sgvaimudar.com.br\/wp-content\/uploads\/2023\/08\/cropped-Logo-Provisoria-2-2-300x104.png 300w\" sizes=\"(max-width: 317px) 100vw, 317px\" \/><\/figure>\n","protected":false},"excerpt":{"rendered":"<p>Pol\u00edcia ca\u00e7a assassinos. Disque Den\u00fancia (2253-1177) lan\u00e7ou um cartaz com informa\u00e7\u00f5es para auxiliar nas investiga\u00e7\u00f5es A tarde desta ter\u00e7a-feira (11\/3)&hellip;<\/p>\n","protected":false},"author":5,"featured_media":21724,"comment_status":"open","ping_status":"open","sticky":false,"template":"","format":"standard","meta":{"fifu_image_url":"","fifu_image_alt":"","footnotes":""},"categories":[32],"tags":[39,41,40,75],"class_list":["post-21721","post","type-post","status-publish","format-standard","has-post-thumbnail","hentry","category-casos-de-policia","tag-ataque","tag-conflito","tag-guerra","tag-sao-goncalo"],"_links":{"self":[{"href":"https:\/\/sgvaimudar.com.br\/index.php\/wp-json\/wp\/v2\/posts\/21721","targetHints":{"allow":["GET"]}}],"collection":[{"href":"https:\/\/sgvaimudar.com.br\/index.php\/wp-json\/wp\/v2\/posts"}],"about":[{"href":"https:\/\/sgvaimudar.com.br\/index.php\/wp-json\/wp\/v2\/types\/post"}],"author":[{"embeddable":true,"href":"https:\/\/sgvaimudar.com.br\/index.php\/wp-json\/wp\/v2\/users\/5"}],"replies":[{"embeddable":true,"href":"https:\/\/sgvaimudar.com.br\/index.php\/wp-json\/wp\/v2\/comments?post=21721"}],"version-history":[{"count":3,"href":"https:\/\/sgvaimudar.com.br\/index.php\/wp-json\/wp\/v2\/posts\/21721\/revisions"}],"predecessor-version":[{"id":21762,"href":"https:\/\/sgvaimudar.com.br\/index.php\/wp-json\/wp\/v2\/posts\/21721\/revisions\/21762"}],"wp:featuredmedia":[{"embeddable":true,"href":"https:\/\/sgvaimudar.com.br\/index.php\/wp-json\/wp\/v2\/media\/21724"}],"wp:attachment":[{"href":"https:\/\/sgvaimudar.com.br\/index.php\/wp-json\/wp\/v2\/media?parent=21721"}],"wp:term":[{"taxonomy":"category","embeddable":true,"href":"https:\/\/sgvaimudar.com.br\/index.php\/wp-json\/wp\/v2\/categories?post=21721"},{"taxonomy":"post_tag","embeddable":true,"href":"https:\/\/sgvaimudar.com.br\/index.php\/wp-json\/wp\/v2\/tags?post=21721"}],"curies":[{"name":"wp","href":"https:\/\/api.w.org\/{rel}","templated":true}]}}